{"id":17493,"date":"2018-02-23T15:03:44","date_gmt":"2018-02-23T11:03:44","guid":{"rendered":"http:\/\/www.imm.az\/exp\/?p=17493"},"modified":"2018-02-23T15:11:04","modified_gmt":"2018-02-23T11:11:04","slug":"riyaziyyat-v%c9%99-mexanika-institutunda-xocali-faci%c9%99sinin-26-ci-ildonumu-anildi","status":"publish","type":"post","link":"https:\/\/www.imm.az\/exp\/2018\/02\/23\/riyaziyyat-v%c9%99-mexanika-institutunda-xocali-faci%c9%99sinin-26-ci-ildonumu-anildi\/","title":{"rendered":"Riyaziyyat v\u0259 Mexanika \u0130nstitutunda Xocal\u0131 soyq\u0131r\u0131m\u0131n\u0131n 26-c\u0131 ild\u00f6n\u00fcm\u00fc an\u0131ld\u0131"},"content":{"rendered":"<p style=\"text-align: justify;\"><a href=\"https:\/\/www.imm.az\/exp\/wp-content\/uploads\/2018\/02\/Xocali-Umutmayaq.jpg\"><img loading=\"lazy\" decoding=\"async\" class=\"alignleft size-medium wp-image-17494\" src=\"https:\/\/www.imm.az\/exp\/wp-content\/uploads\/2018\/02\/Xocali-Umutmayaq-300x210.jpg\" alt=\"\" width=\"300\" height=\"210\" srcset=\"https:\/\/www.imm.az\/exp\/wp-content\/uploads\/2018\/02\/Xocali-Umutmayaq-300x210.jpg 300w, https:\/\/www.imm.az\/exp\/wp-content\/uploads\/2018\/02\/Xocali-Umutmayaq.jpg 640w\" sizes=\"(max-width: 300px) 100vw, 300px\" \/><\/a>Bu g\u00fcn AMEA Riyaziyyat v\u0259 Mexanika \u0130nstitutunda Xocal\u0131 soyq\u0131r\u0131m\u0131n\u0131n 26-c\u0131 ild\u00f6n\u00fcm\u00fc an\u0131ld\u0131. T\u0259dbiri giri\u015f s\u00f6z\u00fc il\u0259 a\u00e7an institutun direktoru, AMEA-n\u0131n m\u00fcxbir \u00fczv\u00fc, professor Misir M\u0259rdanov m\u0259nfur erm\u0259nil\u0259rin q\u0259ddarl\u0131\u011f\u0131ndan, o c\u00fcml\u0259d\u0259n 1992-ci il fevral\u0131n 25-d\u0259n 26-na ke\u00e7\u0259n gec\u0259 ke\u00e7mi\u015f sovet ordusunun 366-c\u0131 motoat\u0131c\u0131 alay\u0131n\u0131n k\u00f6m\u0259yi il\u0259 Xocal\u0131da t\u00f6r\u0259tdikl\u0259ri d\u0259h\u015f\u0259tli q\u0131r\u011f\u0131nlardan dan\u0131\u015fd\u0131:<\/p>\n<p style=\"text-align: justify;\">\u201cH\u00fccumdan \u0259vv\u0259l, fevral\u0131n 25-i ax\u015fam \u00e7a\u011f\u0131ndan \u015f\u0259h\u0259r toplardan v\u0259 a\u011f\u0131r zirehli texnikadan \u015fidd\u0259tli at\u0259\u015f\u0259 tutulma\u011fa ba\u015flam\u0131\u015fd\u0131r. N\u0259tic\u0259d\u0259 \u015f\u0259h\u0259rd\u0259 yan\u011f\u0131nlar ba\u015f vermi\u015f v\u0259 fevral\u0131n 26-\u0131 s\u0259h\u0259r saat 5 rad\u0259l\u0259rind\u0259 \u015f\u0259h\u0259r tam alova b\u00fcr\u00fcnm\u00fc\u015fd\u00fcr. Bel\u0259 bir v\u0259ziyy\u0259td\u0259, erm\u0259ni \u0259hat\u0259sind\u0259 olan \u015f\u0259h\u0259rd\u0259 qalm\u0131\u015f t\u0259qrib\u0259n <strong>2500<\/strong> n\u0259f\u0259r \u0259hali yax\u0131nl\u0131qdak\u0131 az\u0259rbaycanl\u0131lar m\u0259skunla\u015fm\u0131\u015f A\u011fdam rayonunun m\u0259rk\u0259zin\u0259 \u00e7atmaq \u00fcmidi il\u0259 \u015f\u0259h\u0259ri t\u0259rk etm\u0259y\u0259 m\u0259cbur olmu\u015fdur. Ancaq bu niyy\u0259t ba\u015f tutmad\u0131. \u015e\u0259h\u0259ri yerl\u0259 yeksan etmi\u015f erm\u0259ni silahl\u0131 d\u0259st\u0259l\u0259ri v\u0259 motoat\u0131c\u0131 alay\u0131n h\u0259rbi\u00e7il\u0259ri dinc \u0259haliy\u0259 divan tutdular.<\/p>\n<p style=\"text-align: justify;\">Bu q\u0131r\u011f\u0131n\u0131n n\u0259tic\u0259sind\u0259 <strong>613<\/strong> n\u0259f\u0259r h\u0259lak olmu\u015fdur, onlardan: u\u015faqlar \u2013 <strong>63<\/strong> n\u0259f\u0259r, <strong>qad\u0131nlar \u2013 106 <\/strong>n\u0259f\u0259r, <strong>qocalar \u2013 70<\/strong> n\u0259f\u0259r, <strong>8 ail\u0259<\/strong> tamamil\u0259 m\u0259hv edilmi\u015fdir. <strong>25 u\u015faq<\/strong> h\u0259r iki valideynini, <strong>130 u\u015faq<\/strong> valideynl\u0259rind\u0259n birini itirmi\u015fdir. <strong>487 n\u0259f\u0259r<\/strong> yaralanm\u0131\u015f, onlardan: <strong>u\u015faqlar \u2013 76<\/strong> n\u0259f\u0259r; <strong>1275<\/strong> n\u0259f\u0259r \u0259sir g\u00f6t\u00fcr\u00fclm\u00fc\u015f, <strong>150<\/strong> n\u0259f\u0259r itkin d\u00fc\u015fm\u00fc\u015fd\u00fcr\u201d.<\/p>\n<p style=\"text-align: justify;\">Misir M\u0259rdanov Xocal\u0131 soyq\u0131r\u0131m\u0131n\u0131n ild\u00f6n\u00fcm\u00fc g\u00fcn\u00fcnd\u0259 erm\u0259ni yazarlar\u0131n\u0131n etiraflar\u0131n\u0131 xat\u0131rlatd\u0131. Qeyd etdi ki, bu soyq\u0131r\u0131m\u0131n n\u0259 q\u0259d\u0259r d\u0259h\u015f\u0259tli oldu\u011funu t\u0259s\u0259vv\u00fcr etm\u0259kd\u0259n \u00f6tr\u00fc erm\u0259nil\u0259rin f\u0259xar\u0259tl\u0259 yazd\u0131qlar\u0131 etiraflardan tutarl\u0131 fakt ola bilm\u0259z.<\/p>\n<p style=\"text-align: justify;\">Qaraba\u011f hadis\u0259l\u0259rinin i\u015ftirak\u00e7\u0131\u015f\u0131, erm\u0259nil\u0259rin \u0259n \u00e7ox sevdiyi ideoloqlar\u0131ndan biri, yaz\u0131\u00e7\u0131-\u015fair Zori Balayan &#8220;Ruhumuzun dir\u00e7\u0259li\u015fi&#8221; adl\u0131 kitab\u0131nda 1992-ci ilin 26 fevral\u0131nda Xocal\u0131da t\u00f6r\u0259tdikl\u0259ri soyq\u0131r\u0131m haqq\u0131nda yaz\u0131r:<\/p>\n<p style=\"text-align: justify;\">&#8220;Biz Xa\u00e7aturla Xocal\u0131da \u0259l\u0259 ke\u00e7irdiyimiz ev\u0259 gir\u0259rk\u0259n \u0259sg\u0259rl\u0259rimiz 13 ya\u015fl\u0131 bir t\u00fcrk u\u015fa\u011f\u0131n\u0131 p\u0259nc\u0259r\u0259y\u0259 mismarlam\u0131\u015fd\u0131lar. T\u00fcrk u\u015fa\u011f\u0131 \u00e7ox s\u0259s-k\u00fcy salmas\u0131n dey\u0259, Xa\u00e7atur u\u015fa\u011f\u0131n anas\u0131n\u0131n k\u0259silmi\u015f d\u00f6\u015f\u00fcn\u00fc onun a\u011fz\u0131na soxdu. Daha sonra 13 ya\u015f\u0131ndak\u0131 t\u00fcrk\u00fcn ba\u015f\u0131ndan, sin\u0259sind\u0259n v\u0259 qarn\u0131ndan d\u0259risini soydum. Saata baxd\u0131m, t\u00fcrk u\u015fa\u011f\u0131 7 d\u0259qiq\u0259 sonra qan itir\u0259r\u0259k d\u00fcnyas\u0131n\u0131 d\u0259yi\u015fdi. Ruhum sevincd\u0259n q\u00fcrurland\u0131. Xa\u00e7atur daha sonra \u00f6lm\u00fc\u015f t\u00fcrk u\u015fa\u011f\u0131n\u0131n c\u0259s\u0259dini hiss\u0259-hiss\u0259 do\u011frad\u0131 v\u0259 bu t\u00fcrkl\u0259 eyni k\u00f6kd\u0259n olan itl\u0259r\u0259 atd\u0131. Ax\u015fam eyni \u015feyi daha 3 t\u00fcrk u\u015fa\u011f\u0131na etdik. M\u0259n bir erm\u0259ni kimi \u00f6z v\u0259zif\u0259mi yerin\u0259 yetirdim. Bilirdim ki, h\u0259r bir erm\u0259ni h\u0259r\u0259k\u0259tl\u0259rimizl\u0259 f\u0259xr duyacaq&#8221;.<\/p>\n<p style=\"text-align: justify;\">Aya\u011f\u0131m\u0131 9-11 ya\u015fl\u0131 u\u015faq meyitinin \u00fcst\u00fcn\u0259 qoydum&#8230;<br \/>\nDaha bir erm\u0259ni m\u00fc\u0259llif, haz\u0131rda Livanda m\u0259skunla\u015fm\u0131\u015f yaz\u0131\u00e7\u0131-jurnalist David Xerdiyan Xocal\u0131da erm\u0259nil\u0259rin Az\u0259rbaycan t\u00fcrkl\u0259rinin ba\u015f\u0131na g\u0259tirdikl\u0259ri m\u00fcsib\u0259tl\u0259ri &#8220;Xa\u00e7 u\u011frunda&#8221; kitab\u0131nda f\u0259xrl\u0259 xat\u0131rlay\u0131r. &#8220;Xa\u00e7 u\u011frunda&#8221; kitab\u0131n\u0131n 19-76-c\u0131 s\u0259hif\u0259l\u0259rind\u0259 Xocal\u0131 soyq\u0131r\u0131m\u0131nda m\u00fc\u0259llif yaz\u0131r:<\/p>\n<p style=\"text-align: justify;\">&#8220;S\u0259h\u0259rin soyu\u011funda biz Da\u015fbulaq yax\u0131nl\u0131\u011f\u0131ndak\u0131 bataql\u0131qdan ke\u00e7m\u0259k \u00fc\u00e7\u00fcn \u00f6l\u00fcl\u0259rd\u0259n k\u00f6rp\u00fc d\u00fcz\u0259ltm\u0259li olduq. M\u0259n \u00f6l\u00fcl\u0259rin \u00fcst\u00fcn\u0259 getm\u0259k ist\u0259m\u0259dim. Bunu g\u00f6r\u0259n polkovnik-leytenant Ohanyan m\u0259n\u0259 i\u015far\u0259 etdi ki, qorxmay\u0131n. M\u0259n aya\u011f\u0131m\u0131 9-11 ya\u015fl\u0131 q\u0131z meyidinin sin\u0259sin\u0259 bas\u0131b add\u0131mlama\u011fa ba\u015flad\u0131m. M\u0259nim ayaqlar\u0131m v\u0259 \u015falvar\u0131m qan i\u00e7ind\u0259 idi. V\u0259 m\u0259n bel\u0259c\u0259 1200 meyidin \u00fcst\u00fcnd\u0259n ke\u00e7dim&#8221;.<\/p>\n<p style=\"text-align: justify;\">&#8220;Mart\u0131n 2-d\u0259 &#8220;Qaflan&#8221; erm\u0259ni qrupu (meyitl\u0259ri yand\u0131rmaqla m\u0259\u015f\u011ful olurdu) 2000-\u0259 yax\u0131n al\u00e7aq monqolun (t\u00fcrkl\u0259rin) c\u0259s\u0259dini toplay\u0131b ayr\u0131-ayr\u0131 hiss\u0259l\u0259rl\u0259 Xocal\u0131n\u0131n 1 km-liyind\u0259 yand\u0131rd\u0131. Ax\u0131r\u0131nc\u0131 y\u00fck ma\u015f\u0131n\u0131nda m\u0259n ba\u015f\u0131ndan v\u0259 qollar\u0131ndan yaralanm\u0131\u015f t\u0259xmin\u0259n 10 ya\u015fl\u0131 bir q\u0131z u\u015fa\u011f\u0131n\u0131 g\u00f6rd\u00fcm. Diqq\u0259tl\u0259 baxanda g\u00f6rd\u00fcm ki, o yava\u015f-yava\u015f n\u0259f\u0259s al\u0131r. Soyuq, acl\u0131q v\u0259 a\u011f\u0131r yaralanmas\u0131na baxmayaraq, o h\u0259l\u0259 d\u0259 sa\u011f idi. \u00d6l\u00fcml\u0259 m\u00fcbariz\u0259 aparan bu u\u015fa\u011f\u0131n g\u00f6zl\u0259rini m\u0259n he\u00e7 vaxt yaddan \u00e7\u0131xarmayacam. Sonra Tiqranyan familiyal\u0131 bir \u0259sg\u0259r onun qulaqlar\u0131ndan tutub art\u0131q \u00fcz\u0259rin\u0259 mazut t\u00f6k\u00fclm\u00fc\u015f c\u0259s\u0259dl\u0259rin i\u00e7\u0259risin\u0259 atd\u0131. Daha sonra onlar\u0131 yand\u0131rd\u0131lar. Tonqaldan a\u011flamaq v\u0259 imdad s\u0259sl\u0259ri g\u0259lirdi&#8221;&#8230;<\/p>\n<p style=\"text-align: justify;\">Do\u011fma yurdlar\u0131nda did\u0259rgin d\u00fc\u015fm\u00fc\u015f v\u0259 Az\u0259rbaycan\u0131n 48 rayonuna s\u0259p\u0259l\u0259nmi\u015f Xocal\u0131 sakinl\u0259ri Da\u011fl\u0131q Qaraba\u011f m\u00fcnaqi\u015f\u0259sinin \u0259dal\u0259tli h\u0259lli, Erm\u0259nistan\u0131n Az\u0259rbaycana qar\u015f\u0131 t\u0259cav\u00fcz\u00fcn\u00fcn d\u0259f edilm\u0259si, \u00f6lk\u0259nin \u0259razi b\u00fct\u00f6vl\u00fcy\u00fcn\u00fc b\u0259rpa edilm\u0259si \u00fcmidi il\u0259 ya\u015fay\u0131rlar.<\/p>\n<p style=\"text-align: justify;\">Az\u0259rbaycan\u0131n q\u00fcdr\u0259tli d\u00f6vl\u0259t\u0259 \u00e7evrilm\u0259si dem\u0259y\u0259 \u0259sas verir ki, \u00f6lk\u0259miz Da\u011fl\u0131q Qaraba\u011f m\u00fcnaqi\u015f\u0259sinin h\u0259llin\u0259 nail olacaq. Bel\u0259 g\u00fccl\u00fc y\u0259qinliyi \u015f\u0259rtl\u0259ndir\u0259n \u0259n b\u00f6y\u00fck amill\u0259r &#8211; xalq\u0131m\u0131z\u0131n v\u0259t\u0259np\u0259rv\u0259rliyi, igidliyi, d\u00f6y\u00fc\u015fk\u0259n ruhu, torpa\u011fa m\u0259h\u0259bb\u0259ti, h\u0259m\u00e7inin d\u00f6vl\u0259timizin ba\u015f\u00e7\u0131s\u0131n\u0131n u\u011furlu siyas\u0259ti v\u0259 q\u0259tiyy\u0259tli m\u00f6vqeyidir.<\/p>\n<p style=\"text-align: justify;\">T\u0259dbirin sonunda Xocal\u0131 faci\u0259si qurbanlar\u0131n\u0131n xatir\u0259si bir d\u0259qiq\u0259lik s\u00fckutla yad edildi.<\/p>\n<div class='entry-gallery'><div id=\"carousel-1\" class=\"single-carousel carousel slide carousel-17493\" data-ride=\"carousel\"><ol class='carousel-indicators'><li data-target=\"#carousel-1\" data-slide-to=\"0\" class=\"active\"><\/li><li data-target=\"#carousel-1\" data-slide-to=\"1\" class=\"\"><\/li><li data-target=\"#carousel-1\" data-slide-to=\"2\" class=\"\"><\/li><li data-target=\"#carousel-1\" data-slide-to=\"3\" class=\"\"><\/li><li data-target=\"#carousel-1\" data-slide-to=\"4\" class=\"\"><\/li><\/ol><div class='carousel-inner'><div class=\"carousel-item item active\"><a href='https:\/\/www.imm.az\/exp\/2018\/02\/23\/riyaziyyat-v%c9%99-mexanika-institutunda-xocali-faci%c9%99sinin-26-ci-ildonumu-anildi\/foto1-69\/'><img loading=\"lazy\" decoding=\"async\" width=\"525\" height=\"350\" src=\"https:\/\/www.imm.az\/exp\/wp-content\/uploads\/2018\/02\/Foto1-4.jpg\" class=\"attachment-620x350 size-620x350\" alt=\"\" srcset=\"https:\/\/www.imm.az\/exp\/wp-content\/uploads\/2018\/02\/Foto1-4.jpg 700w, https:\/\/www.imm.az\/exp\/wp-content\/uploads\/2018\/02\/Foto1-4-300x200.jpg 300w\" sizes=\"(max-width: 525px) 100vw, 525px\" \/><\/a><\/div><div class=\"carousel-item item\"><a href='https:\/\/www.imm.az\/exp\/2018\/02\/23\/riyaziyyat-v%c9%99-mexanika-institutunda-xocali-faci%c9%99sinin-26-ci-ildonumu-anildi\/foto2-65\/'><img loading=\"lazy\" decoding=\"async\" width=\"525\" height=\"350\" src=\"https:\/\/www.imm.az\/exp\/wp-content\/uploads\/2018\/02\/Foto2-4.jpg\" class=\"attachment-620x350 size-620x350\" alt=\"\" srcset=\"https:\/\/www.imm.az\/exp\/wp-content\/uploads\/2018\/02\/Foto2-4.jpg 700w, https:\/\/www.imm.az\/exp\/wp-content\/uploads\/2018\/02\/Foto2-4-300x200.jpg 300w\" sizes=\"(max-width: 525px) 100vw, 525px\" \/><\/a><\/div><div class=\"carousel-item item\"><a href='https:\/\/www.imm.az\/exp\/2018\/02\/23\/riyaziyyat-v%c9%99-mexanika-institutunda-xocali-faci%c9%99sinin-26-ci-ildonumu-anildi\/foto3-57\/'><img loading=\"lazy\" decoding=\"async\" width=\"525\" height=\"350\" src=\"https:\/\/www.imm.az\/exp\/wp-content\/uploads\/2018\/02\/Foto3-4.jpg\" class=\"attachment-620x350 size-620x350\" alt=\"\" srcset=\"https:\/\/www.imm.az\/exp\/wp-content\/uploads\/2018\/02\/Foto3-4.jpg 700w, https:\/\/www.imm.az\/exp\/wp-content\/uploads\/2018\/02\/Foto3-4-300x200.jpg 300w\" sizes=\"(max-width: 525px) 100vw, 525px\" \/><\/a><\/div><div class=\"carousel-item item\"><a href='https:\/\/www.imm.az\/exp\/2018\/02\/23\/riyaziyyat-v%c9%99-mexanika-institutunda-xocali-faci%c9%99sinin-26-ci-ildonumu-anildi\/foto4-36\/'><img loading=\"lazy\" decoding=\"async\" width=\"525\" height=\"350\" src=\"https:\/\/www.imm.az\/exp\/wp-content\/uploads\/2018\/02\/Foto4.jpg\" class=\"attachment-620x350 size-620x350\" alt=\"\" srcset=\"https:\/\/www.imm.az\/exp\/wp-content\/uploads\/2018\/02\/Foto4.jpg 700w, https:\/\/www.imm.az\/exp\/wp-content\/uploads\/2018\/02\/Foto4-300x200.jpg 300w\" sizes=\"(max-width: 525px) 100vw, 525px\" \/><\/a><\/div><div class=\"carousel-item item\"><a href='https:\/\/www.imm.az\/exp\/2018\/02\/23\/riyaziyyat-v%c9%99-mexanika-institutunda-xocali-faci%c9%99sinin-26-ci-ildonumu-anildi\/foto5-17\/'><img loading=\"lazy\" decoding=\"async\" width=\"525\" height=\"350\" src=\"https:\/\/www.imm.az\/exp\/wp-content\/uploads\/2018\/02\/Foto5.jpg\" class=\"attachment-620x350 size-620x350\" alt=\"\" srcset=\"https:\/\/www.imm.az\/exp\/wp-content\/uploads\/2018\/02\/Foto5.jpg 700w, https:\/\/www.imm.az\/exp\/wp-content\/uploads\/2018\/02\/Foto5-300x200.jpg 300w\" sizes=\"(max-width: 525px) 100vw, 525px\" \/><\/a><\/div><\/div>\n<a class=\"carousel-control-prev\" href=\"#carousel-1\" role=\"button\" data-slide=\"prev\">\n    <span class=\"carousel-control-prev-icon\" aria-hidden=\"true\"><\/span>\n    <span class=\"sr-only\">Previous<\/span>\n  <\/a>\n\n      <a class=\"carousel-control-next\" href=\"#carousel-1\" role=\"button\" data-slide=\"next\">\n    <span class=\"carousel-control-next-icon\" aria-hidden=\"true\"><\/span>\n    <span class=\"sr-only\">Next<\/span>\n  <\/a>\n    \n    <\/div><\/div>\n<p style=\"text-align: justify;\"><em>\u00a9 B\u00fct\u00fcn h\u00fcquqlar qorunur. X\u0259b\u0259rl\u0259rd\u0259n istifad\u0259 ed\u0259rk\u0259n www.imm.az sayt\u0131na istinad z\u0259ruridir.<\/em><\/p>\n","protected":false},"excerpt":{"rendered":"<p>Bu g\u00fcn AMEA Riyaziyyat v\u0259 Mexanika \u0130nstitutunda Xocal\u0131 soyq\u0131r\u0131m\u0131n\u0131n 26-c\u0131 ild\u00f6n\u00fcm\u00fc an\u0131ld\u0131. T\u0259dbiri giri\u015f s\u00f6z\u00fc il\u0259 a\u00e7an institutun direktoru, AMEA-n\u0131n m\u00fcxbir \u00fczv\u00fc, professor Misir M\u0259rdanov m\u0259nfur erm\u0259nil\u0259rin q\u0259ddarl\u0131\u011f\u0131ndan, o c\u00fcml\u0259d\u0259n 1992-ci il fevral\u0131n 25-d\u0259n 26-na ke\u00e7\u0259n gec\u0259 ke\u00e7mi\u015f sovet ordusunun 366-c\u0131 motoat\u0131c\u0131 alay\u0131n\u0131n k\u00f6m\u0259yi il\u0259 Xocal\u0131da t\u00f6r\u0259tdikl\u0259ri d\u0259h\u015f\u0259tli q\u0131r\u011f\u0131nlardan dan\u0131\u015fd\u0131: \u201cH\u00fccumdan \u0259vv\u0259l, fevral\u0131n 25-i ax\u015fam [&hellip;]<\/p>\n","protected":false},"author":6,"featured_media":0,"comment_status":"open","ping_status":"open","sticky":false,"template":"","format":"standard","meta":{"footnotes":""},"categories":[77],"tags":[],"_links":{"self":[{"href":"https:\/\/www.imm.az\/exp\/wp-json\/wp\/v2\/posts\/17493"}],"collection":[{"href":"https:\/\/www.imm.az\/exp\/wp-json\/wp\/v2\/posts"}],"about":[{"href":"https:\/\/www.imm.az\/exp\/wp-json\/wp\/v2\/types\/post"}],"author":[{"embeddable":true,"href":"https:\/\/www.imm.az\/exp\/wp-json\/wp\/v2\/users\/6"}],"replies":[{"embeddable":true,"href":"https:\/\/www.imm.az\/exp\/wp-json\/wp\/v2\/comments?post=17493"}],"version-history":[{"count":4,"href":"https:\/\/www.imm.az\/exp\/wp-json\/wp\/v2\/posts\/17493\/revisions"}],"predecessor-version":[{"id":17520,"href":"https:\/\/www.imm.az\/exp\/wp-json\/wp\/v2\/posts\/17493\/revisions\/17520"}],"wp:attachment":[{"href":"https:\/\/www.imm.az\/exp\/wp-json\/wp\/v2\/media?parent=17493"}],"wp:term":[{"taxonomy":"category","embeddable":true,"href":"https:\/\/www.imm.az\/exp\/wp-json\/wp\/v2\/categories?post=17493"},{"taxonomy":"post_tag","embeddable":true,"href":"https:\/\/www.imm.az\/exp\/wp-json\/wp\/v2\/tags?post=17493"}],"curies":[{"name":"wp","href":"https:\/\/api.w.org\/{rel}","templated":true}]}}