{"id":216262,"date":"2025-04-18T13:19:27","date_gmt":"2025-04-18T09:19:27","guid":{"rendered":"https:\/\/www.imm.az\/exp\/?p=216262"},"modified":"2025-04-18T13:19:32","modified_gmt":"2025-04-18T09:19:32","slug":"elm-q%c9%99zetinin-novb%c9%99ti-sayi-isiq-uzu-gorub-48","status":"publish","type":"post","link":"https:\/\/www.imm.az\/exp\/2025\/04\/18\/elm-q%c9%99zetinin-novb%c9%99ti-sayi-isiq-uzu-gorub-48\/","title":{"rendered":"\u201cElm\u201d q\u0259zetinin n\u00f6vb\u0259ti say\u0131 i\u015f\u0131q \u00fcz\u00fc g\u00f6r\u00fcb"},"content":{"rendered":"<p>AMEA-n\u0131n R\u0259yas\u0259t Hey\u0259tinin h\u0259ft\u0259lik m\u0259tbu orqan\u0131 olan\u00a0<strong><a href=\"https:\/\/science.gov.az\/uploads\/pdf\/3336_1744961634.pdf\">\u201cElm\u201d<\/a><\/strong>\u00a0q\u0259zetinin aprel ay\u0131nda n\u00f6vb\u0259ti say\u0131 \u00e7apdan \u00e7\u0131x\u0131b.<\/p>\n<p>Q\u0259zetin \u00f6n s\u0259hif\u0259sind\u0259 \u201cPrezident \u0130lham \u018fliyev: C\u0259nubi Qafqazda sabitlik v\u0259 s\u00fclh\u00fcn t\u0259min edilm\u0259si ortaq mara\u011f\u0131m\u0131zd\u0131r\u201d ba\u015fl\u0131ql\u0131 icmal yer al\u0131b.<\/p>\n<p>Bug\u00fcnk\u00fc say\u0131n ilk s\u0259hif\u0259l\u0259rind\u0259 \u201cPrezident \u0130lham \u018fliyevin m\u00fc\u0259yy\u0259n etdiyi prioritet istiqam\u0259l\u0259r \u00fczr\u0259 AMEA-da m\u00fch\u00fcm t\u0259dqiqatlar apar\u0131l\u0131r\u201d s\u0259rl\u00f6vh\u0259li Elm G\u00fcn\u00fcn\u0259 h\u0259sr olunan t\u0259dbir haqq\u0131nda geni\u015f yaz\u0131, \u201c\u0130lham \u018fliyev: Qad\u0131nlara istiqam\u0259tli qlobal t\u0259\u015f\u0259bb\u00fcsl\u0259r v\u0259 gender b\u0259rab\u0259rliyinin inki\u015faf\u0131 (2003-2023)\u201d kitab\u0131n\u0131n t\u0259qdimat\u0131, el\u0259c\u0259 d\u0259 akademik \u0130sa H\u0259bibb\u0259ylinin T\u00dcRKTAV-ba\u015f katibi v\u0259 g\u00fcrc\u00fcstanl\u0131 aliml\u0259rl\u0259 g\u00f6r\u00fc\u015fl\u0259rin\u0259 dair informasiyalar d\u0259rc edilib.<\/p>\n<p>Q\u0259zetin bu burax\u0131l\u0131\u015f\u0131nda \u201cS\u00fcni intellektin humanitar v\u0259 ictimai elml\u0259rd\u0259 t\u0259tbiqi prioritet istiqam\u0259tl\u0259rd\u0259ndir\u201d ba\u015fl\u0131ql\u0131 AMEA R\u0259yas\u0259t hey\u0259tinin n\u00f6vb\u0259ti iclas\u0131na dair yaz\u0131 v\u0259 AMEA-n\u0131n vitse-prezidenti akademik Rasim \u018fliquliyevin \u201cAz\u0259rbaycanda s\u00fcni intellekt texnologiyalar\u0131na x\u00fcsusi diqq\u0259t ayr\u0131l\u0131r\u201d ba\u015fl\u0131ql\u0131 m\u00fcsahib\u0259si yer al\u0131r.<\/p>\n<p>Bundan \u0259lav\u0259, q\u0259zetd\u0259 \u201cQ\u0259dim Albaniya d\u00f6vl\u0259tinin yaranma tarixi v\u0259 arxeoloji d\u0259lill\u0259r\u201d s\u0259rl\u00f6vh\u0259li m\u0259qal\u0259, AMEA-n\u0131n G\u0259nc\u0259 B\u00f6lm\u0259sind\u0259, \u015e\u0259ki Regional Elmi M\u0259rk\u0259zid\u0259 t\u0259\u015fkil olunan t\u0259dbirl\u0259r, Nax\u00e7\u0131van B\u00f6lm\u0259sinin \u0259m\u0259kda\u015flar\u0131n\u0131n T\u00fcrkiy\u0259 s\u0259f\u0259ri, \u00fcmumilikd\u0259 h\u0259ft\u0259 \u0259rzind\u0259 Akademiyan\u0131n elmi m\u00fc\u0259ssis\u0259 v\u0259 t\u0259\u015fkilatlar\u0131nda ke\u00e7iril\u0259n dig\u0259r t\u0259dbirl\u0259r bar\u0259d\u0259 x\u0259b\u0259rl\u0259r i\u015f\u0131qland\u0131r\u0131l\u0131b.<\/p>\n<p>Q\u0259zetin rus v\u0259 ingilis dili b\u00f6lm\u0259l\u0259rind\u0259 AMEA-da ke\u00e7iril\u0259n Elm G\u00fcn\u00fcn\u0259 dair icmal, m\u00fcsahib\u0259, el\u0259c\u0259 d\u0259 aktual m\u00f6vzuda t\u0259dbirl\u0259rl\u0259 ba\u011fl\u0131 yaz\u0131lar oxucular\u0131n ixtiyar\u0131na verilib.<\/p>\n<p><a href=\"https:\/\/science.gov.az\/az\/news\/open\/32187\">science.gov.az<\/a><\/p>\n","protected":false},"excerpt":{"rendered":"<p>AMEA-n\u0131n R\u0259yas\u0259t Hey\u0259tinin h\u0259ft\u0259lik m\u0259tbu orqan\u0131 olan\u00a0\u201cElm\u201d\u00a0q\u0259zetinin aprel ay\u0131nda n\u00f6vb\u0259ti say\u0131 \u00e7apdan \u00e7\u0131x\u0131b. Q\u0259zetin \u00f6n s\u0259hif\u0259sind\u0259 \u201cPrezident \u0130lham \u018fliyev: C\u0259nubi Qafqazda sabitlik v\u0259 s\u00fclh\u00fcn t\u0259min edilm\u0259si ortaq mara\u011f\u0131m\u0131zd\u0131r\u201d ba\u015fl\u0131ql\u0131 icmal yer al\u0131b. Bug\u00fcnk\u00fc say\u0131n ilk s\u0259hif\u0259l\u0259rind\u0259 \u201cPrezident \u0130lham \u018fliyevin m\u00fc\u0259yy\u0259n etdiyi prioritet istiqam\u0259l\u0259r \u00fczr\u0259 AMEA-da m\u00fch\u00fcm t\u0259dqiqatlar apar\u0131l\u0131r\u201d s\u0259rl\u00f6vh\u0259li Elm G\u00fcn\u00fcn\u0259 h\u0259sr olunan t\u0259dbir haqq\u0131nda [&hellip;]<\/p>\n","protected":false},"author":6,"featured_media":216263,"comment_status":"open","ping_status":"open","sticky":false,"template":"","format":"standard","meta":{"footnotes":""},"categories":[77],"tags":[],"_links":{"self":[{"href":"https:\/\/www.imm.az\/exp\/wp-json\/wp\/v2\/posts\/216262"}],"collection":[{"href":"https:\/\/www.imm.az\/exp\/wp-json\/wp\/v2\/posts"}],"about":[{"href":"https:\/\/www.imm.az\/exp\/wp-json\/wp\/v2\/types\/post"}],"author":[{"embeddable":true,"href":"https:\/\/www.imm.az\/exp\/wp-json\/wp\/v2\/users\/6"}],"replies":[{"embeddable":true,"href":"https:\/\/www.imm.az\/exp\/wp-json\/wp\/v2\/comments?post=216262"}],"version-history":[{"count":2,"href":"https:\/\/www.imm.az\/exp\/wp-json\/wp\/v2\/posts\/216262\/revisions"}],"predecessor-version":[{"id":216265,"href":"https:\/\/www.imm.az\/exp\/wp-json\/wp\/v2\/posts\/216262\/revisions\/216265"}],"wp:featuredmedia":[{"embeddable":true,"href":"https:\/\/www.imm.az\/exp\/wp-json\/wp\/v2\/media\/216263"}],"wp:attachment":[{"href":"https:\/\/www.imm.az\/exp\/wp-json\/wp\/v2\/media?parent=216262"}],"wp:term":[{"taxonomy":"category","embeddable":true,"href":"https:\/\/www.imm.az\/exp\/wp-json\/wp\/v2\/categories?post=216262"},{"taxonomy":"post_tag","embeddable":true,"href":"https:\/\/www.imm.az\/exp\/wp-json\/wp\/v2\/tags?post=216262"}],"curies":[{"name":"wp","href":"https:\/\/api.w.org\/{rel}","templated":true}]}}