{"id":216271,"date":"2025-04-21T12:49:28","date_gmt":"2025-04-21T08:49:28","guid":{"rendered":"https:\/\/www.imm.az\/exp\/?p=216271"},"modified":"2025-04-21T12:49:31","modified_gmt":"2025-04-21T08:49:31","slug":"aliml%c9%99r-t%c9%99k-qara-d%c9%99liyin-movcudlugunu-t%c9%99sdiql%c9%99di","status":"publish","type":"post","link":"https:\/\/www.imm.az\/exp\/2025\/04\/21\/aliml%c9%99r-t%c9%99k-qara-d%c9%99liyin-movcudlugunu-t%c9%99sdiql%c9%99di\/","title":{"rendered":"Aliml\u0259r t\u0259k qara d\u0259liyin m\u00f6vcudlu\u011funu t\u0259sdiql\u0259di"},"content":{"rendered":"<p style=\"text-align: justify; line-height: 19.5pt; background: white; margin: 0cm 0cm 11.25pt 0cm;\"><span style=\"font-size: 14.0pt;\">Kosmos Teleskopu Elmi \u0130nstitutunun astronomlar\u0131, St Andrews Universiteti v\u0259 Avropa C\u0259nub R\u0259s\u0259dxanas\u0131ndan olan aliml\u0259rl\u0259 birlikd\u0259 t\u0259k qara d\u0259liyin varl\u0131\u011f\u0131n\u0131 t\u0259sdiql\u0259yibl\u0259r.<\/span><\/p>\n<p style=\"text-align: justify; line-height: 19.5pt; background: white; box-sizing: border-box; text-rendering: optimizelegibility; margin: 0cm 0cm 11.25pt 0cm;\"><span style=\"box-sizing: border-box;\"><span style=\"font-size: 14.0pt;\">2011\u20132022-ci ill\u0259rd\u0259 Hubble v\u0259 Gaia teleskoplar\u0131n\u0131n m\u0259lumatlar\u0131 \u0259sas\u0131nda apar\u0131lan m\u00fc\u015fahid\u0259l\u0259r n\u0259tic\u0259sind\u0259 aliml\u0259r daha \u0259vv\u0259l k\u0259\u015ff etdikl\u0259ri &#8220;qaranl\u0131q obyektin&#8221; \u0259slind\u0259 t\u0259xmin\u0259n G\u00fcn\u0259\u015fd\u0259n yeddi d\u0259f\u0259 k\u00fctl\u0259y\u0259 sahib olan t\u0259k qara d\u0259lik oldu\u011funu s\u00fcbut edibl\u0259r. Bu obyekt m\u00fc\u015fahid\u0259 zaman\u0131 arxas\u0131nda yerl\u0259\u015f\u0259n bir ulduzun i\u015f\u0131\u011f\u0131n\u0131 b\u00f6y\u00fcd\u00fcb v\u0259 g\u00f6yd\u0259ki m\u00f6vqeyini q\u0131sa m\u00fcdd\u0259t\u0259 d\u0259yi\u015fib.<\/span><\/span><\/p>\n<p style=\"text-align: justify; line-height: 19.5pt; background: white; box-sizing: border-box; text-rendering: optimizelegibility; margin: 0cm 0cm 11.25pt 0cm;\"><span style=\"box-sizing: border-box;\"><span style=\"font-size: 14.0pt;\">Bu, m\u00fc\u015fahid\u0259 olunan ilk qara d\u0259likdir ki, onun \u0259traf\u0131nda he\u00e7 bir m\u00fc\u015fayi\u0259t\u00e7i ulduz yoxdur. Aliml\u0259r 2027-ci ild\u0259 burax\u0131lacaq Nancy Grace Roman teleskopu il\u0259 daha \u00e7ox t\u0259k qara d\u0259liyin a\u015fkarlanaca\u011f\u0131na \u00fcmid edirl\u0259r.<\/span><\/span><\/p>\n<p><a href=\"https:\/\/respublika-news.az\/az\/news\/alimler-tek-qara-deliyin-movcudlugunu-tesdiqled\">respublika-news.az<\/a><\/p>\n","protected":false},"excerpt":{"rendered":"<p>Kosmos Teleskopu Elmi \u0130nstitutunun astronomlar\u0131, St Andrews Universiteti v\u0259 Avropa C\u0259nub R\u0259s\u0259dxanas\u0131ndan olan aliml\u0259rl\u0259 birlikd\u0259 t\u0259k qara d\u0259liyin varl\u0131\u011f\u0131n\u0131 t\u0259sdiql\u0259yibl\u0259r. 2011\u20132022-ci ill\u0259rd\u0259 Hubble v\u0259 Gaia teleskoplar\u0131n\u0131n m\u0259lumatlar\u0131 \u0259sas\u0131nda apar\u0131lan m\u00fc\u015fahid\u0259l\u0259r n\u0259tic\u0259sind\u0259 aliml\u0259r daha \u0259vv\u0259l k\u0259\u015ff etdikl\u0259ri &#8220;qaranl\u0131q obyektin&#8221; \u0259slind\u0259 t\u0259xmin\u0259n G\u00fcn\u0259\u015fd\u0259n yeddi d\u0259f\u0259 k\u00fctl\u0259y\u0259 sahib olan t\u0259k qara d\u0259lik oldu\u011funu s\u00fcbut edibl\u0259r. Bu obyekt m\u00fc\u015fahid\u0259 [&hellip;]<\/p>\n","protected":false},"author":6,"featured_media":216272,"comment_status":"open","ping_status":"open","sticky":false,"template":"","format":"standard","meta":{"footnotes":""},"categories":[77],"tags":[],"_links":{"self":[{"href":"https:\/\/www.imm.az\/exp\/wp-json\/wp\/v2\/posts\/216271"}],"collection":[{"href":"https:\/\/www.imm.az\/exp\/wp-json\/wp\/v2\/posts"}],"about":[{"href":"https:\/\/www.imm.az\/exp\/wp-json\/wp\/v2\/types\/post"}],"author":[{"embeddable":true,"href":"https:\/\/www.imm.az\/exp\/wp-json\/wp\/v2\/users\/6"}],"replies":[{"embeddable":true,"href":"https:\/\/www.imm.az\/exp\/wp-json\/wp\/v2\/comments?post=216271"}],"version-history":[{"count":2,"href":"https:\/\/www.imm.az\/exp\/wp-json\/wp\/v2\/posts\/216271\/revisions"}],"predecessor-version":[{"id":216274,"href":"https:\/\/www.imm.az\/exp\/wp-json\/wp\/v2\/posts\/216271\/revisions\/216274"}],"wp:featuredmedia":[{"embeddable":true,"href":"https:\/\/www.imm.az\/exp\/wp-json\/wp\/v2\/media\/216272"}],"wp:attachment":[{"href":"https:\/\/www.imm.az\/exp\/wp-json\/wp\/v2\/media?parent=216271"}],"wp:term":[{"taxonomy":"category","embeddable":true,"href":"https:\/\/www.imm.az\/exp\/wp-json\/wp\/v2\/categories?post=216271"},{"taxonomy":"post_tag","embeddable":true,"href":"https:\/\/www.imm.az\/exp\/wp-json\/wp\/v2\/tags?post=216271"}],"curies":[{"name":"wp","href":"https:\/\/api.w.org\/{rel}","templated":true}]}}