{"id":219346,"date":"2026-01-22T12:54:05","date_gmt":"2026-01-22T08:54:05","guid":{"rendered":"https:\/\/www.imm.az\/exp\/?p=219346"},"modified":"2026-01-22T12:54:06","modified_gmt":"2026-01-22T08:54:06","slug":"elm-v%c9%99-t%c9%99hsil-naziri-turkiy%c9%99nin-ali-t%c9%99hsil-surasinin-s%c9%99dri-il%c9%99-gorusub","status":"publish","type":"post","link":"https:\/\/www.imm.az\/exp\/2026\/01\/22\/elm-v%c9%99-t%c9%99hsil-naziri-turkiy%c9%99nin-ali-t%c9%99hsil-surasinin-s%c9%99dri-il%c9%99-gorusub\/","title":{"rendered":"Elm v\u0259 t\u0259hsil naziri T\u00fcrkiy\u0259nin Ali T\u0259hsil \u015euras\u0131n\u0131n s\u0259dri il\u0259 g\u00f6r\u00fc\u015f\u00fcb"},"content":{"rendered":"<p>Yanvar\u0131n 21-d\u0259 elm v\u0259 t\u0259hsil naziri Emin \u018fmrullayevin T\u00fcrkiy\u0259y\u0259 r\u0259smi s\u0259f\u0259ri \u00e7\u0259r\u00e7iv\u0259sind\u0259 Ali T\u0259hsil \u015euras\u0131n\u0131n (Y\u00d6K) s\u0259dri Erol \u00d6zvarla g\u00f6r\u00fc\u015f ke\u00e7irilib.<\/p>\n<p>G\u00f6r\u00fc\u015fd\u0259 iki \u00f6lk\u0259 aras\u0131nda ali t\u0259hsil sah\u0259sind\u0259 strateji t\u0259r\u0259fda\u015fl\u0131q v\u0259 m\u00fctt\u0259fiqlik m\u00fcnasib\u0259tl\u0259rinin u\u011furlu inki\u015faf\u0131ndan m\u0259mnunluq ifad\u0259 olunub, iki \u00f6lk\u0259nin ali t\u0259hsil m\u00fc\u0259ssis\u0259l\u0259ri aras\u0131nda uzunm\u00fcdd\u0259tli s\u0259m\u0259r\u0259li \u0259m\u0259kda\u015fl\u0131\u011f\u0131n n\u0259tic\u0259l\u0259ri t\u0259qdir edilib.<\/p>\n<p>G\u00f6r\u00fc\u015f zaman\u0131 Qaraba\u011f Universiteti il\u0259 \u0130stanbul Texniki Universiteti aras\u0131nda t\u0259hsil v\u0259 elmi \u0259m\u0259kda\u015fl\u0131q haqq\u0131nda Anla\u015fma Memorandumu imzalan\u0131b.<\/p>\n<p>Qeyd ed\u0259k ki, s\u0259f\u0259r \u00e7\u0259r\u00e7iv\u0259sind\u0259 elm v\u0259 t\u0259hsil naziri Emin \u018fmrullayevin r\u0259hb\u0259rlik etdiyi n\u00fcmay\u0259nd\u0259 hey\u0259ti Hacettepe v\u0259 Ankara universitetl\u0259rini d\u0259 ziyar\u0259t edib.<\/p>\n<p><a href=\"https:\/\/edu.gov.az\/az\/news-and-updates\/22750-1\">edu.gov.az<\/a><\/p>\n","protected":false},"excerpt":{"rendered":"<p>Yanvar\u0131n 21-d\u0259 elm v\u0259 t\u0259hsil naziri Emin \u018fmrullayevin T\u00fcrkiy\u0259y\u0259 r\u0259smi s\u0259f\u0259ri \u00e7\u0259r\u00e7iv\u0259sind\u0259 Ali T\u0259hsil \u015euras\u0131n\u0131n (Y\u00d6K) s\u0259dri Erol \u00d6zvarla g\u00f6r\u00fc\u015f ke\u00e7irilib. G\u00f6r\u00fc\u015fd\u0259 iki \u00f6lk\u0259 aras\u0131nda ali t\u0259hsil sah\u0259sind\u0259 strateji t\u0259r\u0259fda\u015fl\u0131q v\u0259 m\u00fctt\u0259fiqlik m\u00fcnasib\u0259tl\u0259rinin u\u011furlu inki\u015faf\u0131ndan m\u0259mnunluq ifad\u0259 olunub, iki \u00f6lk\u0259nin ali t\u0259hsil m\u00fc\u0259ssis\u0259l\u0259ri aras\u0131nda uzunm\u00fcdd\u0259tli s\u0259m\u0259r\u0259li \u0259m\u0259kda\u015fl\u0131\u011f\u0131n n\u0259tic\u0259l\u0259ri t\u0259qdir edilib. G\u00f6r\u00fc\u015f zaman\u0131 Qaraba\u011f Universiteti il\u0259 [&hellip;]<\/p>\n","protected":false},"author":6,"featured_media":219347,"comment_status":"open","ping_status":"open","sticky":false,"template":"","format":"standard","meta":{"footnotes":""},"categories":[77],"tags":[],"_links":{"self":[{"href":"https:\/\/www.imm.az\/exp\/wp-json\/wp\/v2\/posts\/219346"}],"collection":[{"href":"https:\/\/www.imm.az\/exp\/wp-json\/wp\/v2\/posts"}],"about":[{"href":"https:\/\/www.imm.az\/exp\/wp-json\/wp\/v2\/types\/post"}],"author":[{"embeddable":true,"href":"https:\/\/www.imm.az\/exp\/wp-json\/wp\/v2\/users\/6"}],"replies":[{"embeddable":true,"href":"https:\/\/www.imm.az\/exp\/wp-json\/wp\/v2\/comments?post=219346"}],"version-history":[{"count":1,"href":"https:\/\/www.imm.az\/exp\/wp-json\/wp\/v2\/posts\/219346\/revisions"}],"predecessor-version":[{"id":219348,"href":"https:\/\/www.imm.az\/exp\/wp-json\/wp\/v2\/posts\/219346\/revisions\/219348"}],"wp:featuredmedia":[{"embeddable":true,"href":"https:\/\/www.imm.az\/exp\/wp-json\/wp\/v2\/media\/219347"}],"wp:attachment":[{"href":"https:\/\/www.imm.az\/exp\/wp-json\/wp\/v2\/media?parent=219346"}],"wp:term":[{"taxonomy":"category","embeddable":true,"href":"https:\/\/www.imm.az\/exp\/wp-json\/wp\/v2\/categories?post=219346"},{"taxonomy":"post_tag","embeddable":true,"href":"https:\/\/www.imm.az\/exp\/wp-json\/wp\/v2\/tags?post=219346"}],"curies":[{"name":"wp","href":"https:\/\/api.w.org\/{rel}","templated":true}]}}