{"id":219349,"date":"2026-01-22T12:58:26","date_gmt":"2026-01-22T08:58:26","guid":{"rendered":"https:\/\/www.imm.az\/exp\/?p=219349"},"modified":"2026-01-22T12:58:28","modified_gmt":"2026-01-22T08:58:28","slug":"t%c9%99hsil-haqqinda-qanuna-d%c9%99yisiklik-edilir","status":"publish","type":"post","link":"https:\/\/www.imm.az\/exp\/2026\/01\/22\/t%c9%99hsil-haqqinda-qanuna-d%c9%99yisiklik-edilir\/","title":{"rendered":"\u201cT\u0259hsil haqq\u0131nda\u201d Qanuna d\u0259yi\u015fiklik edilir"},"content":{"rendered":"<p>\u201cT\u0259hsil haqq\u0131nda\u201d Az\u0259rbaycan Respublikas\u0131 Qanununa d\u0259yi\u015fiklik edilir.<\/p>\n<p>AZ\u018fRTAC x\u0259b\u0259r verir ki, bu m\u0259s\u0259l\u0259 Milli M\u0259clisin Elm v\u0259 t\u0259hsil komit\u0259sinin yanvar\u0131n 22-d\u0259 ke\u00e7iril\u0259n iclas\u0131n\u0131n g\u00fcnd\u0259liyin\u0259 daxil edilib.<\/p>\n<p>Bildirilib ki, \u201cT\u0259hsil haqq\u0131nda\u201d Qanuna \u0259sas\u0259n, sosial m\u00fcdafi\u0259y\u0259 x\u00fcsusi ehtiyac\u0131 olan \u015f\u0259xsl\u0259rin t\u0259hsil m\u00fc\u0259ssis\u0259l\u0259rind\u0259 \u00f6d\u0259ni\u015fli \u0259saslarla t\u0259hsil ald\u0131qlar\u0131 m\u00fcdd\u0259td\u0259 t\u0259hsilhaqlar\u0131 d\u00f6vl\u0259t b\u00fcdc\u0259sinin v\u0259saiti hesab\u0131na \u00f6d\u0259nilir.<\/p>\n<p>Nazirl\u0259r Kabinetinin Q\u0259rar\u0131 il\u0259 t\u0259sdiq edil\u0259n \u201c\u018flav\u0259 t\u0259hsilin m\u0259zmunu, t\u0259\u015fkili v\u0259 \u0259lav\u0259 t\u0259hsilin h\u0259r hans\u0131 istiqam\u0259ti \u00fczr\u0259 t\u0259hsil alm\u0131\u015f \u015f\u0259xsl\u0259r\u0259 m\u00fcvafiq s\u0259n\u0259din verilm\u0259si Qaydas\u0131\u201dna \u0259sas\u0259n, yenid\u0259nhaz\u0131rlanma t\u0259hsili, t\u0259krar ali, orta ixtisas v\u0259 y\u00fcks\u0259k texniki pe\u015f\u0259 t\u0259hsili, d\u0259r\u0259c\u0259l\u0259rin y\u00fcks\u0259ldilm\u0259si, ya\u015fl\u0131lar\u0131n t\u0259hsili yaln\u0131z \u00f6d\u0259ni\u015fli \u0259saslarla h\u0259yata ke\u00e7irilir v\u0259 m\u00fcvafiq maliyy\u0259 x\u0259rcl\u0259ri kadr\u0131n \u00e7al\u0131\u015fd\u0131\u011f\u0131 t\u0259\u015fkilat v\u0259 yaxud kadr\u0131n \u00f6z\u00fc t\u0259r\u0259find\u0259n \u00f6d\u0259nilir. Sosial m\u00fcdafi\u0259y\u0259 x\u00fcsusi ehtiyac\u0131 olan \u015f\u0259xsl\u0259r \u00fc\u00e7\u00fcn d\u0259 \u0259lav\u0259 t\u0259hsil \u00f6d\u0259ni\u015flidir v\u0259 onlar\u0131n t\u0259hsilin\u0259 d\u00f6vl\u0259t b\u00fcdc\u0259sind\u0259n v\u0259sait ayr\u0131lm\u0131r.<\/p>\n<p>Bu x\u00fcsusda s\u00f6z\u00fcged\u0259n m\u0259s\u0259l\u0259 il\u0259 ba\u011fl\u0131 yuxar\u0131da qeyd olunan normativ h\u00fcquqi aktlar aras\u0131nda ziddiyy\u0259tin aradan qald\u0131r\u0131lmas\u0131 m\u0259qs\u0259dil\u0259 \u201cT\u0259hsil haqq\u0131nda\u201d Qanunda d\u0259qiql\u0259\u015fdirm\u0259 xarakterli m\u00fcvafiq d\u0259yi\u015fiklikl\u0259rin t\u0259sbit olunmas\u0131 t\u0259klif edilir.<\/p>\n<p><a href=\"https:\/\/azertag.az\/xeber\/tehsil_haqqinda_qanuna_deyisiklik_edilir-3979931\">azertag.az<\/a><\/p>\n","protected":false},"excerpt":{"rendered":"<p>\u201cT\u0259hsil haqq\u0131nda\u201d Az\u0259rbaycan Respublikas\u0131 Qanununa d\u0259yi\u015fiklik edilir. AZ\u018fRTAC x\u0259b\u0259r verir ki, bu m\u0259s\u0259l\u0259 Milli M\u0259clisin Elm v\u0259 t\u0259hsil komit\u0259sinin yanvar\u0131n 22-d\u0259 ke\u00e7iril\u0259n iclas\u0131n\u0131n g\u00fcnd\u0259liyin\u0259 daxil edilib. Bildirilib ki, \u201cT\u0259hsil haqq\u0131nda\u201d Qanuna \u0259sas\u0259n, sosial m\u00fcdafi\u0259y\u0259 x\u00fcsusi ehtiyac\u0131 olan \u015f\u0259xsl\u0259rin t\u0259hsil m\u00fc\u0259ssis\u0259l\u0259rind\u0259 \u00f6d\u0259ni\u015fli \u0259saslarla t\u0259hsil ald\u0131qlar\u0131 m\u00fcdd\u0259td\u0259 t\u0259hsilhaqlar\u0131 d\u00f6vl\u0259t b\u00fcdc\u0259sinin v\u0259saiti hesab\u0131na \u00f6d\u0259nilir. Nazirl\u0259r Kabinetinin Q\u0259rar\u0131 il\u0259 [&hellip;]<\/p>\n","protected":false},"author":6,"featured_media":219350,"comment_status":"open","ping_status":"open","sticky":false,"template":"","format":"standard","meta":{"footnotes":""},"categories":[77],"tags":[],"_links":{"self":[{"href":"https:\/\/www.imm.az\/exp\/wp-json\/wp\/v2\/posts\/219349"}],"collection":[{"href":"https:\/\/www.imm.az\/exp\/wp-json\/wp\/v2\/posts"}],"about":[{"href":"https:\/\/www.imm.az\/exp\/wp-json\/wp\/v2\/types\/post"}],"author":[{"embeddable":true,"href":"https:\/\/www.imm.az\/exp\/wp-json\/wp\/v2\/users\/6"}],"replies":[{"embeddable":true,"href":"https:\/\/www.imm.az\/exp\/wp-json\/wp\/v2\/comments?post=219349"}],"version-history":[{"count":2,"href":"https:\/\/www.imm.az\/exp\/wp-json\/wp\/v2\/posts\/219349\/revisions"}],"predecessor-version":[{"id":219352,"href":"https:\/\/www.imm.az\/exp\/wp-json\/wp\/v2\/posts\/219349\/revisions\/219352"}],"wp:featuredmedia":[{"embeddable":true,"href":"https:\/\/www.imm.az\/exp\/wp-json\/wp\/v2\/media\/219350"}],"wp:attachment":[{"href":"https:\/\/www.imm.az\/exp\/wp-json\/wp\/v2\/media?parent=219349"}],"wp:term":[{"taxonomy":"category","embeddable":true,"href":"https:\/\/www.imm.az\/exp\/wp-json\/wp\/v2\/categories?post=219349"},{"taxonomy":"post_tag","embeddable":true,"href":"https:\/\/www.imm.az\/exp\/wp-json\/wp\/v2\/tags?post=219349"}],"curies":[{"name":"wp","href":"https:\/\/api.w.org\/{rel}","templated":true}]}}