{"id":219353,"date":"2026-01-22T13:00:56","date_gmt":"2026-01-22T09:00:56","guid":{"rendered":"https:\/\/www.imm.az\/exp\/?p=219353"},"modified":"2026-01-22T13:00:58","modified_gmt":"2026-01-22T09:00:58","slug":"nazir-suni-intellekt-sah%c9%99si-daim-diqq%c9%99t-v%c9%99-t%c9%99kmill%c9%99sdirm%c9%99-t%c9%99l%c9%99b-edir","status":"publish","type":"post","link":"https:\/\/www.imm.az\/exp\/2026\/01\/22\/nazir-suni-intellekt-sah%c9%99si-daim-diqq%c9%99t-v%c9%99-t%c9%99kmill%c9%99sdirm%c9%99-t%c9%99l%c9%99b-edir\/","title":{"rendered":"Nazir: S\u00fcni intellekt sah\u0259si daim diqq\u0259t v\u0259 t\u0259kmill\u0259\u015fdirm\u0259 t\u0259l\u0259b edir"},"content":{"rendered":"<p>Az\u0259rbaycan\u0131n Elm v\u0259 T\u0259hsil Nazirliyi s\u00fcni intellektin t\u0259tbiqi il\u0259 ba\u011fl\u0131 bir s\u0131ra layih\u0259l\u0259r h\u0259yata ke\u00e7irir.<\/p>\n<p>Bu bar\u0259d\u0259 AZ\u018fRTAC-la s\u00f6hb\u0259ti zaman\u0131 Az\u0259rbaycan\u0131n elm v\u0259 t\u0259hsil naziri Emin \u018fmrullayev bildirib.<\/p>\n<p>Onun s\u00f6zl\u0259rin\u0259 g\u00f6r\u0259, s\u00fcni intellektin geni\u015f t\u0259tbiqi \u00fc\u00e7\u00fcn \u0259sas \u015f\u0259rtl\u0259rd\u0259n biri m\u00fcvafiq m\u0259lumatlar sisteminin m\u00f6vcudlu\u011fudur. \u201cY\u0259ni, m\u00fcxt\u0259lif elmi m\u0259lumatlar sistemli \u015f\u0259kild\u0259 toplanmal\u0131 v\u0259 z\u0259ruri baza formala\u015fd\u0131r\u0131lmal\u0131d\u0131r. Bel\u0259 bir baza art\u0131q m\u00f6vcuddur. Bu g\u00fcn biz Az\u0259rbaycan\u0131n t\u0259hsil sistemi \u00fczr\u0259 d\u0259rslikl\u0259rin s\u00fcni intellekt t\u0259r\u0259find\u0259n tan\u0131nmas\u0131n\u0131 t\u0259min etmi\u015fik\u201d, \u2013 dey\u0259 nazir qeyd edib.<\/p>\n<p>Elm v\u0259 t\u0259hsil naziri \u015fagirdl\u0259rin d\u0259rs c\u0259dv\u0259li v\u0259 ev tap\u015f\u0131r\u0131qlar\u0131 il\u0259 tan\u0131\u015f ola bildiyi, valideynl\u0259rin u\u015faqlar\u0131n\u0131n nailiyy\u0259tl\u0259rini izl\u0259diyi, m\u00fc\u0259lliml\u0259rin is\u0259 elektron jurnaldan istifad\u0259 etdiyi \u201cR\u0259q\u0259msal m\u0259kt\u0259b\u201d t\u0259hsil onlayn-platformas\u0131n\u0131n \u0259h\u0259miyy\u0259tini vur\u011fulay\u0131b.<\/p>\n<p>Nazirin fikrinc\u0259, haz\u0131rda Az\u0259rbaycan m\u0259kt\u0259blil\u0259ri t\u0259tbiql\u0259r vasit\u0259sil\u0259 x\u00fcsusil\u0259 d\u0259 tarix v\u0259 Az\u0259rbaycan dili f\u0259nl\u0259ri \u00fczr\u0259 yoxlan\u0131lm\u0131\u015f m\u0259lumatlara h\u0259r zaman da \u00e7\u0131x\u0131\u015f \u0259ld\u0259 etmirl\u0259r.<\/p>\n<p>E.\u018fmrullayev bildirib ki, yax\u0131n vaxtlarda s\u00fcni intellekt yerli pedaqoqlar t\u0259r\u0259find\u0259n yoxlan\u0131lm\u0131\u015f parametrl\u0259r v\u0259 metodologiya \u0259sas\u0131nda sor\u011fulara cavablar t\u0259qdim etm\u0259y\u0259 ba\u015flayacaq.<\/p>\n<p>Bununla yana\u015f\u0131, o \u0259lav\u0259 edib ki, s\u00fcni intellekt sah\u0259si daim diqq\u0259t v\u0259 t\u0259kmill\u0259\u015fdirm\u0259 t\u0259l\u0259b edir. \u201c2027-ci ild\u0259n etibar\u0259n Az\u0259rbaycanda t\u0259hsilin inki\u015faf\u0131 \u00fczr\u0259 q\u00fcvv\u0259d\u0259 olan D\u00f6vl\u0259t Strategiyas\u0131n\u0131n ikinci m\u0259rh\u0259l\u0259sinin icras\u0131na ba\u015flanacaq v\u0259 bu m\u0259rh\u0259l\u0259d\u0259 s\u00fcni intellekt ayr\u0131ca istiqam\u0259t kimi m\u00fc\u0259yy\u0259n edil\u0259c\u0259k\u201d, \u2013 dey\u0259 nazir vur\u011fulay\u0131b.<\/p>\n<p><a href=\"https:\/\/azertag.az\/xeber\/nazir_suni_intellekt_sahesi_daim_diqqet_ve_tekmillesdirme_teleb_edir-3979815\">azertag.az<\/a><\/p>\n","protected":false},"excerpt":{"rendered":"<p>Az\u0259rbaycan\u0131n Elm v\u0259 T\u0259hsil Nazirliyi s\u00fcni intellektin t\u0259tbiqi il\u0259 ba\u011fl\u0131 bir s\u0131ra layih\u0259l\u0259r h\u0259yata ke\u00e7irir. Bu bar\u0259d\u0259 AZ\u018fRTAC-la s\u00f6hb\u0259ti zaman\u0131 Az\u0259rbaycan\u0131n elm v\u0259 t\u0259hsil naziri Emin \u018fmrullayev bildirib. Onun s\u00f6zl\u0259rin\u0259 g\u00f6r\u0259, s\u00fcni intellektin geni\u015f t\u0259tbiqi \u00fc\u00e7\u00fcn \u0259sas \u015f\u0259rtl\u0259rd\u0259n biri m\u00fcvafiq m\u0259lumatlar sisteminin m\u00f6vcudlu\u011fudur. \u201cY\u0259ni, m\u00fcxt\u0259lif elmi m\u0259lumatlar sistemli \u015f\u0259kild\u0259 toplanmal\u0131 v\u0259 z\u0259ruri baza formala\u015fd\u0131r\u0131lmal\u0131d\u0131r. Bel\u0259 [&hellip;]<\/p>\n","protected":false},"author":6,"featured_media":219354,"comment_status":"open","ping_status":"open","sticky":false,"template":"","format":"standard","meta":{"footnotes":""},"categories":[77],"tags":[],"_links":{"self":[{"href":"https:\/\/www.imm.az\/exp\/wp-json\/wp\/v2\/posts\/219353"}],"collection":[{"href":"https:\/\/www.imm.az\/exp\/wp-json\/wp\/v2\/posts"}],"about":[{"href":"https:\/\/www.imm.az\/exp\/wp-json\/wp\/v2\/types\/post"}],"author":[{"embeddable":true,"href":"https:\/\/www.imm.az\/exp\/wp-json\/wp\/v2\/users\/6"}],"replies":[{"embeddable":true,"href":"https:\/\/www.imm.az\/exp\/wp-json\/wp\/v2\/comments?post=219353"}],"version-history":[{"count":2,"href":"https:\/\/www.imm.az\/exp\/wp-json\/wp\/v2\/posts\/219353\/revisions"}],"predecessor-version":[{"id":219356,"href":"https:\/\/www.imm.az\/exp\/wp-json\/wp\/v2\/posts\/219353\/revisions\/219356"}],"wp:featuredmedia":[{"embeddable":true,"href":"https:\/\/www.imm.az\/exp\/wp-json\/wp\/v2\/media\/219354"}],"wp:attachment":[{"href":"https:\/\/www.imm.az\/exp\/wp-json\/wp\/v2\/media?parent=219353"}],"wp:term":[{"taxonomy":"category","embeddable":true,"href":"https:\/\/www.imm.az\/exp\/wp-json\/wp\/v2\/categories?post=219353"},{"taxonomy":"post_tag","embeddable":true,"href":"https:\/\/www.imm.az\/exp\/wp-json\/wp\/v2\/tags?post=219353"}],"curies":[{"name":"wp","href":"https:\/\/api.w.org\/{rel}","templated":true}]}}