{"id":219357,"date":"2026-01-26T12:38:08","date_gmt":"2026-01-26T08:38:08","guid":{"rendered":"https:\/\/www.imm.az\/exp\/?p=219357"},"modified":"2026-01-26T12:38:10","modified_gmt":"2026-01-26T08:38:10","slug":"elm-q%c9%99zetinin-novb%c9%99ti-nomr%c9%99si-isiq-uzu-gorub","status":"publish","type":"post","link":"https:\/\/www.imm.az\/exp\/2026\/01\/26\/elm-q%c9%99zetinin-novb%c9%99ti-nomr%c9%99si-isiq-uzu-gorub\/","title":{"rendered":"\u201cElm\u201d q\u0259zetinin n\u00f6vb\u0259ti n\u00f6mr\u0259si i\u015f\u0131q \u00fcz\u00fc g\u00f6r\u00fcb"},"content":{"rendered":"<p>AMEA-n\u0131n R\u0259yas\u0259t Hey\u0259tinin h\u0259ft\u0259lik m\u0259tbu orqan\u0131 olan \u201cElm\u201d q\u0259zetinin n\u00f6vb\u0259ti n\u00f6mr\u0259si \u00e7apdan \u00e7\u0131x\u0131b.<\/p>\n<p>Q\u0259zetin ilk s\u0259hif\u0259sind\u0259 Prezident \u0130lham \u018fliyevin \u0130sve\u00e7r\u0259d\u0259 \u00dcmumd\u00fcnya \u0130qtisadi Forumunun \u0130llik toplant\u0131s\u0131nda i\u015ftirak\u0131na dair icmal yer al\u0131b.<\/p>\n<p>Bug\u00fcnk\u00fc burax\u0131l\u0131\u015f\u0131n ilk s\u0259hif\u0259l\u0259rind\u0259 AMEA-n\u0131n elmi b\u00f6lm\u0259 v\u0259 m\u0259rk\u0259zl\u0259rinin, t\u0259\u015fkilatlar\u0131n\u0131n 2025-ci ild\u0259ki f\u0259aliyy\u0259tl\u0259rin\u0259 h\u0259sr olunmu\u015f AMEA-n\u0131n R\u0259yas\u0259t Hey\u0259tinin iclaslar\u0131, AMEA-da 20 Yanvar faci\u0259sinin 36-c\u0131 ild\u00f6n\u00fcm\u00fc il\u0259 \u0259laq\u0259dar ke\u00e7iril\u0259n t\u0259dbirl\u0259r, AMEA-n\u0131n G\u0259ncl\u0259r Akademiyas\u0131n\u0131n ilk iclas\u0131, h\u0259m\u00e7inin \u201cElmin v\u0259 \u015f\u0259xsiyy\u0259tin v\u0259hd\u0259ti\u201d, \u201cDilimizin safl\u0131\u011f\u0131n\u0131 qorumaq h\u0259r birimizin borcudur\u201d, \u201cPrezident \u0130lham \u018fliyevin Az\u0259rbaycan dili il\u0259 ba\u011fl\u0131 \u0259sas mesajlar\u0131 v\u0259 milli t\u0259hl\u00fck\u0259sizlik konsepsiyas\u0131\u201d, \u201cAz\u0259rbaycan dilinin inki\u015faf\u0131n\u0131n strateji h\u0259d\u0259fl\u0259ri v\u0259 prioritet istiqam\u0259tl\u0259ri\u201d s\u0259rl\u00f6vh\u0259li m\u0259qal\u0259l\u0259r, yeni n\u0259\u015frl\u0259r v\u0259 dig\u0259r x\u0259b\u0259rl\u0259r i\u015f\u0131qland\u0131r\u0131l\u0131b.<\/p>\n<p>Q\u0259zetin rus v\u0259 ingilis dili b\u00f6lm\u0259l\u0259rind\u0259 Akademiyada \u00f6t\u0259n h\u0259ft\u0259 ke\u00e7iril\u0259n m\u00fch\u00fcm t\u0259dbirl\u0259ri \u0259ks etdir\u0259n icmal v\u0259 x\u0259b\u0259rl\u0259r d\u0259rc edilib.<\/p>\n<p><a href=\"https:\/\/science.gov.az\/az\/news\/open\/34732\">science.gov.az<\/a><\/p>\n","protected":false},"excerpt":{"rendered":"<p>AMEA-n\u0131n R\u0259yas\u0259t Hey\u0259tinin h\u0259ft\u0259lik m\u0259tbu orqan\u0131 olan \u201cElm\u201d q\u0259zetinin n\u00f6vb\u0259ti n\u00f6mr\u0259si \u00e7apdan \u00e7\u0131x\u0131b. Q\u0259zetin ilk s\u0259hif\u0259sind\u0259 Prezident \u0130lham \u018fliyevin \u0130sve\u00e7r\u0259d\u0259 \u00dcmumd\u00fcnya \u0130qtisadi Forumunun \u0130llik toplant\u0131s\u0131nda i\u015ftirak\u0131na dair icmal yer al\u0131b. Bug\u00fcnk\u00fc burax\u0131l\u0131\u015f\u0131n ilk s\u0259hif\u0259l\u0259rind\u0259 AMEA-n\u0131n elmi b\u00f6lm\u0259 v\u0259 m\u0259rk\u0259zl\u0259rinin, t\u0259\u015fkilatlar\u0131n\u0131n 2025-ci ild\u0259ki f\u0259aliyy\u0259tl\u0259rin\u0259 h\u0259sr olunmu\u015f AMEA-n\u0131n R\u0259yas\u0259t Hey\u0259tinin iclaslar\u0131, AMEA-da 20 Yanvar faci\u0259sinin 36-c\u0131 ild\u00f6n\u00fcm\u00fc [&hellip;]<\/p>\n","protected":false},"author":6,"featured_media":219358,"comment_status":"open","ping_status":"open","sticky":false,"template":"","format":"standard","meta":{"footnotes":""},"categories":[77],"tags":[],"_links":{"self":[{"href":"https:\/\/www.imm.az\/exp\/wp-json\/wp\/v2\/posts\/219357"}],"collection":[{"href":"https:\/\/www.imm.az\/exp\/wp-json\/wp\/v2\/posts"}],"about":[{"href":"https:\/\/www.imm.az\/exp\/wp-json\/wp\/v2\/types\/post"}],"author":[{"embeddable":true,"href":"https:\/\/www.imm.az\/exp\/wp-json\/wp\/v2\/users\/6"}],"replies":[{"embeddable":true,"href":"https:\/\/www.imm.az\/exp\/wp-json\/wp\/v2\/comments?post=219357"}],"version-history":[{"count":1,"href":"https:\/\/www.imm.az\/exp\/wp-json\/wp\/v2\/posts\/219357\/revisions"}],"predecessor-version":[{"id":219359,"href":"https:\/\/www.imm.az\/exp\/wp-json\/wp\/v2\/posts\/219357\/revisions\/219359"}],"wp:featuredmedia":[{"embeddable":true,"href":"https:\/\/www.imm.az\/exp\/wp-json\/wp\/v2\/media\/219358"}],"wp:attachment":[{"href":"https:\/\/www.imm.az\/exp\/wp-json\/wp\/v2\/media?parent=219357"}],"wp:term":[{"taxonomy":"category","embeddable":true,"href":"https:\/\/www.imm.az\/exp\/wp-json\/wp\/v2\/categories?post=219357"},{"taxonomy":"post_tag","embeddable":true,"href":"https:\/\/www.imm.az\/exp\/wp-json\/wp\/v2\/tags?post=219357"}],"curies":[{"name":"wp","href":"https:\/\/api.w.org\/{rel}","templated":true}]}}