{"id":219360,"date":"2026-01-26T12:40:47","date_gmt":"2026-01-26T08:40:47","guid":{"rendered":"https:\/\/www.imm.az\/exp\/?p=219360"},"modified":"2026-01-26T12:40:48","modified_gmt":"2026-01-26T08:40:48","slug":"2025-ci-ild%c9%99n-sonra-az%c9%99rbaycanda-suni-intellektin-hansi-istiqam%c9%99tl%c9%99rd%c9%99-potensiali-var","status":"publish","type":"post","link":"https:\/\/www.imm.az\/exp\/2026\/01\/26\/2025-ci-ild%c9%99n-sonra-az%c9%99rbaycanda-suni-intellektin-hansi-istiqam%c9%99tl%c9%99rd%c9%99-potensiali-var\/","title":{"rendered":"2025-ci ild\u0259n sonra Az\u0259rbaycanda s\u00fcni intellektin hans\u0131 istiqam\u0259tl\u0259rd\u0259 potensial\u0131 var?"},"content":{"rendered":"<p>2025-ci ild\u0259n sonra s\u00fcni intellektd\u0259 hans\u0131 istiqam\u0259tl\u0259rin Az\u0259rbaycanda real t\u0259tbiq potensial\u0131 var?<\/p>\n<p>R\u0259q\u0259msal \u0130nki\u015faf v\u0259 N\u0259qliyyat Nazirliyi yan\u0131nda \u0130ctimai \u015euran\u0131n \u00fczv\u00fc, Az\u0259rbaycan \u0130nformasiya v\u0259 Kommunikasiya Texnologiyalar\u0131 S\u0259nayesi Assosiasiyas\u0131n\u0131n (A\u0130KTSA) \u0130dar\u0259 Hey\u0259tinin s\u0259dri, ekspert Elvin Abbasov AZ\u018fRTAC-a a\u00e7\u0131qlamas\u0131nda bildirib ki, 2025-ci ild\u0259n sonra Az\u0259rbaycanda s\u00fcni intellektin real t\u0259tbiq potensial\u0131 \u0259n y\u00fcks\u0259k olan sah\u0259l\u0259r r\u0259q\u0259msal d\u00f6vl\u0259t idar\u0259\u00e7iliyi, k\u0259nd t\u0259s\u0259rr\u00fcfat\u0131 v\u0259 maliyy\u0259 sektorudur.<\/p>\n<p>A\u0130KTSA s\u0259dri qeyd edib ki, \u201ca\u011f\u0131ll\u0131 d\u00f6vl\u0259t\u201d konsepsiyas\u0131 \u00e7\u0259r\u00e7iv\u0259sind\u0259 v\u0259t\u0259nda\u015flara proaktiv xidm\u0259tl\u0259rin g\u00f6st\u0259rilm\u0259si, i\u015f\u011faldan azad edilmi\u015f \u0259razil\u0259rd\u0259 s\u00fcni intellekt \u0259sasl\u0131 aqrotexnologiyalar\u0131n t\u0259tbiqi v\u0259 banklarda m\u00fc\u015ft\u0259ri davran\u0131\u015flar\u0131n\u0131n analizi \u0259sas prioritetl\u0259r olacaq.<\/p>\n<p>Bu istiqam\u0259tl\u0259r h\u0259m iqtisadi s\u0259m\u0259r\u0259liliyi art\u0131rmaq, h\u0259m d\u0259 resurslar\u0131n idar\u0259 olunmas\u0131nda insan faktorundan as\u0131l\u0131l\u0131\u011f\u0131 minimuma endirm\u0259k bax\u0131m\u0131ndan \u00f6lk\u0259 \u00fc\u00e7\u00fcn strateji \u0259h\u0259miyy\u0259t k\u0259sb edir.<\/p>\n<p><a href=\"https:\/\/azertag.az\/xeber\/2025_ci_ilden_sonra_azerbaycanda_suni_intellektin_hansi_istiqametlerde_potensiali_var-3981059\">azertag.az<\/a><\/p>\n","protected":false},"excerpt":{"rendered":"<p>2025-ci ild\u0259n sonra s\u00fcni intellektd\u0259 hans\u0131 istiqam\u0259tl\u0259rin Az\u0259rbaycanda real t\u0259tbiq potensial\u0131 var? R\u0259q\u0259msal \u0130nki\u015faf v\u0259 N\u0259qliyyat Nazirliyi yan\u0131nda \u0130ctimai \u015euran\u0131n \u00fczv\u00fc, Az\u0259rbaycan \u0130nformasiya v\u0259 Kommunikasiya Texnologiyalar\u0131 S\u0259nayesi Assosiasiyas\u0131n\u0131n (A\u0130KTSA) \u0130dar\u0259 Hey\u0259tinin s\u0259dri, ekspert Elvin Abbasov AZ\u018fRTAC-a a\u00e7\u0131qlamas\u0131nda bildirib ki, 2025-ci ild\u0259n sonra Az\u0259rbaycanda s\u00fcni intellektin real t\u0259tbiq potensial\u0131 \u0259n y\u00fcks\u0259k olan sah\u0259l\u0259r r\u0259q\u0259msal d\u00f6vl\u0259t idar\u0259\u00e7iliyi, [&hellip;]<\/p>\n","protected":false},"author":6,"featured_media":219361,"comment_status":"open","ping_status":"open","sticky":false,"template":"","format":"standard","meta":{"footnotes":""},"categories":[77],"tags":[],"_links":{"self":[{"href":"https:\/\/www.imm.az\/exp\/wp-json\/wp\/v2\/posts\/219360"}],"collection":[{"href":"https:\/\/www.imm.az\/exp\/wp-json\/wp\/v2\/posts"}],"about":[{"href":"https:\/\/www.imm.az\/exp\/wp-json\/wp\/v2\/types\/post"}],"author":[{"embeddable":true,"href":"https:\/\/www.imm.az\/exp\/wp-json\/wp\/v2\/users\/6"}],"replies":[{"embeddable":true,"href":"https:\/\/www.imm.az\/exp\/wp-json\/wp\/v2\/comments?post=219360"}],"version-history":[{"count":2,"href":"https:\/\/www.imm.az\/exp\/wp-json\/wp\/v2\/posts\/219360\/revisions"}],"predecessor-version":[{"id":219363,"href":"https:\/\/www.imm.az\/exp\/wp-json\/wp\/v2\/posts\/219360\/revisions\/219363"}],"wp:featuredmedia":[{"embeddable":true,"href":"https:\/\/www.imm.az\/exp\/wp-json\/wp\/v2\/media\/219361"}],"wp:attachment":[{"href":"https:\/\/www.imm.az\/exp\/wp-json\/wp\/v2\/media?parent=219360"}],"wp:term":[{"taxonomy":"category","embeddable":true,"href":"https:\/\/www.imm.az\/exp\/wp-json\/wp\/v2\/categories?post=219360"},{"taxonomy":"post_tag","embeddable":true,"href":"https:\/\/www.imm.az\/exp\/wp-json\/wp\/v2\/tags?post=219360"}],"curies":[{"name":"wp","href":"https:\/\/api.w.org\/{rel}","templated":true}]}}