{"id":219366,"date":"2026-01-26T12:55:46","date_gmt":"2026-01-26T08:55:46","guid":{"rendered":"https:\/\/www.imm.az\/exp\/?p=219366"},"modified":"2026-01-26T12:55:48","modified_gmt":"2026-01-26T08:55:48","slug":"texnologiya-liderl%c9%99rinin-umid-v%c9%99-qorxulari-davosdan-s%c9%99sl%c9%99r","status":"publish","type":"post","link":"https:\/\/www.imm.az\/exp\/2026\/01\/26\/texnologiya-liderl%c9%99rinin-umid-v%c9%99-qorxulari-davosdan-s%c9%99sl%c9%99r\/","title":{"rendered":"Texnologiya liderl\u0259rinin \u00fcmid v\u0259 qorxular\u0131\u00a0\u2013 Davosdan s\u0259sl\u0259r"},"content":{"rendered":"<p>S\u00fcni intellekt (AI) m\u00f6vzusu ba\u015fa \u00e7atm\u0131\u015f Davos D\u00fcnya \u0130qtisadi Forumunda, dem\u0259k olar ki, h\u0259r bir m\u00fczakir\u0259y\u0259 daxil olub v\u0259 yeni i\u015f yerl\u0259ri, texnologiyalar, ticar\u0259t tarifl\u0259ri, beyn\u0259lxalq r\u0259qab\u0259t v\u0259 geosiyasi g\u0259rginlikl\u0259r kimi \u0259n\u0259n\u0259vi \u0259sas m\u00f6vzularla yana\u015f\u0131 eyni s\u0259viyy\u0259d\u0259 m\u00fczakir\u0259 olunub.<\/p>\n<p>\u201cAz\u0259rbaycan m\u00fc\u0259llimi\u201d x\u0259b\u0259r verir ki, d\u00fcnyan\u0131n \u201cNvidia\u201d, \u201cMicrosoft\u201d, \u201cAnthropic\u201d v\u0259 \u201cGoogle DeepMind\u201d kimi n\u0259h\u0259ng \u015firk\u0259tl\u0259rinin liderl\u0259ri, el\u0259c\u0259 d\u0259 filosof Yuval Harari Davosda s\u00fcni intellekt (AI) il\u0259 ba\u011fl\u0131 \u00f6z bax\u0131\u015flar\u0131n\u0131 v\u0259 narahatl\u0131qlar\u0131n\u0131 b\u00f6l\u00fc\u015f\u00fcbl\u0259r.<\/p>\n<p>\u00d6t\u0259n il Davosda \u00c7inin \u201cDeepSeek\u201d \u015firk\u0259ti, \u201cOpenAI\u201dnin r\u0259qibi olan \u201cChatGPT\u201d il\u0259 eyni s\u0259viyy\u0259d\u0259 i\u015fl\u0259diyini v\u0259 daha ucuz oldu\u011funu iddia etdiyi AI modeli v\u0259 \u00e7atbotunu t\u0259qdim ed\u0259nd\u0259 b\u00f6y\u00fck s\u0259s-k\u00fcy yaratm\u0131\u015fd\u0131. Bu il is\u0259 AI il\u0259 ba\u011fl\u0131 m\u00fczakir\u0259l\u0259r geni\u015fl\u0259n\u0259r\u0259k texnologiyan\u0131n nec\u0259 t\u0259tbiq edildiyini, da\u015f\u0131d\u0131\u011f\u0131 riskl\u0259ri v\u0259 i\u015f\u0259, c\u0259miyy\u0259t\u0259 t\u0259sirini d\u0259 \u0259hat\u0259 edib.<\/p>\n<p>Texnologiya liderl\u0259rinin Davosda s\u00f6yl\u0259dikl\u0259ri bunlard\u0131r:<\/p>\n<p><strong>\u201cYoxsulluq aradan qalxacaq v\u0259 h\u0259r k\u0259s y\u00fcks\u0259k h\u0259yat s\u0259viyy\u0259sin\u0259 sahib olacaq\u201d\u00a0<\/strong><\/p>\n<p>Tesla \u015firk\u0259tinin t\u0259sis\u00e7isi Elon Mask qeyd edib ki, g\u0259l\u0259c\u0259kd\u0259 h\u0259r k\u0259sin bir robotu olacaq v\u0259 ham\u0131 \u00fc\u00e7\u00fcn bolluq yaranacaq, yoxsulluq aradan qalxacaq v\u0259 h\u0259r k\u0259s y\u00fcks\u0259k h\u0259yat s\u0259viyy\u0259sin\u0259 sahib olacaq. Milyarder bildirib:<\/p>\n<p>\u201cD\u00fc\u015f\u00fcn\u00fcr\u0259m ki, bu ilin sonuna q\u0259d\u0259r, \u0259n gec g\u0259l\u0259n il\u0259 q\u0259d\u0259r ist\u0259nil\u0259n insandan daha a\u011f\u0131ll\u0131 AI-y\u0259 sahib ola bil\u0259rik\u201d. Onun s\u00f6zl\u0259rin\u0259 g\u00f6r\u0259, humanoid robot texnologiyas\u0131 \u00e7ox s\u00fcr\u0259tl\u0259 inki\u015faf ed\u0259c\u0259k. E.Mask vur\u011fulay\u0131b ki, \u0259sas probleml\u0259rd\u0259n biri AI-ni i\u015fl\u0259tm\u0259k \u00fc\u00e7\u00fcn t\u0259l\u0259b olunan elektrik enerjisidir v\u0259 \u201c\u00e7ox yax\u0131n zamanda istehsal etdiyimiz \u00e7ipl\u0259ri i\u015f\u0259 sala bil\u0259c\u0259yimizd\u0259n daha \u00e7ox istehsal ed\u0259c\u0259yimiz ayd\u0131nd\u0131r\u201d. Lakin o \u0259lav\u0259 edib ki, bu, \u00c7ind\u0259 ba\u015f verm\u0259y\u0259c\u0259k, \u00e7\u00fcnki \u00c7in h\u0259r il 100 GVt-dan \u00e7ox g\u00fcn\u0259\u015f enerjisi qurur v\u0259 bunu \u201c\u0259n b\u00f6y\u00fck enerji m\u0259nb\u0259yi\u201d adland\u0131r\u0131b.<\/p>\n<p>Nvidia\u201dn\u0131n qurucusu v\u0259 ba\u015f icra\u00e7\u0131 direktoru Jensen Huang Davos forumunda bildirib ki, AI Avropa \u00fc\u00e7\u00fcn \u201ch\u0259y\u0259canvericidir\u201d, \u00e7\u00fcnki qit\u0259nin AI infrastrukturunu qurmaq \u00fc\u00e7\u00fcn \u201cson d\u0259r\u0259c\u0259 g\u00fccl\u00fc istehsal bazas\u0131\u201d var.<\/p>\n<p>Huang qeyd edib ki, indi Avropa \u00fc\u00e7\u00fcn proqram t\u0259minat\u0131 d\u00f6vr\u00fcn\u00fc \u201c\u00f6t\u00fcb ke\u00e7m\u0259k\u201d v\u0259 erk\u0259n m\u0259rh\u0259l\u0259d\u0259 h\u0259r\u0259k\u0259t\u0259 ke\u00e7m\u0259k vaxt\u0131d\u0131r ki, istehsal g\u00fcc\u00fcn\u00fc AI infrastrukturu il\u0259 birl\u0259\u015fdir\u0259 bilsin. \u00a0\u201cRobototexnika Avropa \u00f6lk\u0259l\u0259ri \u00fc\u00e7\u00fcn h\u0259yatda bir d\u0259f\u0259 yaranan f\u00fcrs\u0259tdir\u201d, \u2013 dey\u0259 o \u0259lav\u0259 edib.<\/p>\n<p>Bununla bel\u0259, o bildirib ki, AI daha \u00e7ox enerji, torpaq v\u0259 ixtisasl\u0131 texniki i\u015f\u00e7i q\u00fcvv\u0259si t\u0259l\u0259b edir, Avropada g\u00fccl\u00fc i\u015f\u00e7i potensial\u0131 m\u00f6vcuddur.<\/p>\n<p>Jensen Huang AI-nin \u0259m\u0259k bazar\u0131na t\u0259siri il\u0259 ba\u011fl\u0131 nikbin fikir s\u0259sl\u0259ndirib. O deyib ki, AI i\u015f yerl\u0259rini m\u0259hv etm\u0259k \u0259v\u0259zin\u0259 daha \u00e7ox fiziki v\u0259 texniki i\u015f yerl\u0259ri yaradacaq. \u201cBu, \u00e7ox g\u00f6z\u0259ldir ki, i\u015fl\u0259r pe\u015f\u0259 v\u0259 s\u0259n\u0259tkarl\u0131qla ba\u011fl\u0131d\u0131r, santexnikl\u0259r, elektrikl\u0259r olacaq\u2026 bu sah\u0259l\u0259rd\u0259 ciddi art\u0131m g\u00f6r\u00fcr\u00fck v\u0259 maa\u015flar dem\u0259k olar ki, iki d\u0259f\u0259 y\u00fcks\u0259lib\u201d, \u2013 dey\u0259 o bildirib. O \u0259lav\u0259 edib ki, \u201ch\u0259r k\u0259s layiqli g\u0259lir \u0259ld\u0259 ed\u0259 bilm\u0259lidir; bunun \u00fc\u00e7\u00fcn komp\u00fcter elml\u0259ri \u00fczr\u0259 PhD diplomuna ehtiyac yoxdur<\/p>\n<p><strong>\u201cFaydal\u0131 bir \u015fey edin\u201d\u00a0<\/strong><\/p>\n<p>\u201cMicrosoft\u201dun ba\u015f icra\u00e7\u0131 direktoru Satya Nadella AI-d\u0259n istifad\u0259nin faydal\u0131 olmas\u0131n\u0131n vacibliyini vur\u011fulay\u0131b. \u201cBiz qlobal icma olaraq el\u0259 bir n\u00f6qt\u0259y\u0259 \u00e7atmal\u0131y\u0131q ki, AI-d\u0259n insanlar\u0131n, icmalar\u0131n, \u00f6lk\u0259l\u0259rin v\u0259 s\u0259nayel\u0259rin n\u0259tic\u0259l\u0259rini d\u0259yi\u015f\u0259n faydal\u0131 i\u015fl\u0259r g\u00f6rm\u0259k \u00fc\u00e7\u00fcn istifad\u0259 ed\u0259k\u201d, &#8211; dey\u0259 S.Nadella bildirib.<\/p>\n<p>O x\u0259b\u0259rdarl\u0131q edib ki, AI-nin t\u0259tbiqi d\u00fcnyada qeyri-b\u0259rab\u0259r yay\u0131lacaq v\u0259 \u0259sas\u0259n kapitala v\u0259 infrastruktura \u00e7\u0131x\u0131\u015fla m\u0259hdudla\u015facaq.<\/p>\n<p>AI-nin potensial\u0131n\u0131 realla\u015fd\u0131rmaq \u00fc\u00e7\u00fcn \u0259sas \u015f\u0259rtl\u0259r, x\u00fcsus\u0259n investisiya c\u0259lb etm\u0259k v\u0259 uy\u011fun infrastruktur qurmaqd\u0131r. O, bildirib ki, b\u00f6y\u00fck texnologiya \u015firk\u0259tl\u0259ri, o c\u00fcml\u0259d\u0259n qlobal c\u0259nubda investisiya qoyur, lakin u\u011fur h\u0259m d\u00f6vl\u0259t, h\u0259m d\u0259 \u00f6z\u0259l kapital\u0131 c\u0259lb ed\u0259n siyas\u0259tl\u0259rd\u0259n as\u0131l\u0131d\u0131r.<\/p>\n<p>Elektrik \u015f\u0259b\u0259k\u0259l\u0259ri kimi kritik infrastrukturun \u0259sas\u0259n h\u00f6kum\u0259tl\u0259r t\u0259r\u0259find\u0259n quruldu\u011funu dey\u0259n S.Nadella, \u00f6z\u0259l \u015firk\u0259tl\u0259rin yaln\u0131z enerji v\u0259 telekommunikasiya kimi \u0259sas sisteml\u0259r m\u00f6vcud olduqda effektiv f\u0259aliyy\u0259t g\u00f6st\u0259r\u0259 bildiyini vur\u011fulay\u0131b.<\/p>\n<p><strong>\u201c\u018fslind\u0259 insan deyill\u0259r\u201d<\/strong><\/p>\n<p>Kanadal\u0131 komp\u00fcter alimi v\u0259 \u201cAI-nin xa\u00e7 atalar\u0131ndan\u201d biri say\u0131lan Yoshua Bengio bildirib ki, bug\u00fcnk\u00fc sisteml\u0259r insanlara h\u0259ddind\u0259n art\u0131q b\u0259nz\u0259dil\u0259r\u0259k \u00f6yr\u0259dilir.<\/p>\n<p>\u201cBir \u00e7ox insan onlarla qar\u015f\u0131l\u0131ql\u0131 \u0259laq\u0259y\u0259 gir\u0259rk\u0259n yanl\u0131\u015f olaraq AI-l\u0259rin bizim kimi oldu\u011funu d\u00fc\u015f\u00fcn\u00fcr. Onlar\u0131 n\u0259 q\u0259d\u0259r a\u011f\u0131ll\u0131 ets\u0259k, bu hiss bir o q\u0259d\u0259r g\u00fccl\u0259n\u0259c\u0259k. B\u0259zi insanlar onlar\u0131 biz\u0259 b\u0259nz\u0259tm\u0259y\u0259 \u00e7al\u0131\u015f\u0131r\u2026 Amma bunun yax\u015f\u0131 olub-olmayaca\u011f\u0131 ayd\u0131n deyil\u201d, \u2013 dey\u0259 o bildirib.<\/p>\n<p>\u201cB\u0259\u015f\u0259riyy\u0259t insanlar aras\u0131nda qar\u015f\u0131l\u0131ql\u0131 m\u00fcnasib\u0259tl\u0259r \u00fc\u00e7\u00fcn normalar v\u0259 psixologiya formala\u015fd\u0131r\u0131b. Amma AI-l\u0259r \u0259slind\u0259 insan deyill\u0259r\u201d, \u2013 dey\u0259 o \u0259lav\u0259 edib.<\/p>\n<p><strong>\u201cAI he\u00e7 vaxt insan kimi olmayacaq, nec\u0259 ki, t\u0259yyar\u0259l\u0259r qu\u015f deyil\u201d<\/strong><\/p>\n<p>Populyar elmi yaz\u0131\u00e7\u0131 v\u0259 filosof Yuval Harari AI superintellekti, y\u0259ni insan\u0131n idrak qabiliyy\u0259tl\u0259rini a\u015fan AI-ni t\u0259hl\u00fck\u0259 kimi d\u0259y\u0259rl\u0259ndirib. O bildirib ki, insan\u2013AI hibrid c\u0259miyy\u0259tini qurmaq t\u0259cr\u00fcb\u0259miz yoxdur v\u0259 h\u0259r \u015fey s\u0259hv ged\u0259rs\u0259, t\u0259vaz\u00f6karl\u0131q v\u0259 \u201cd\u00fcz\u0259li\u015f mexanizmi\u201dnin vacibliyini vur\u011fulay\u0131b. Y.Harari insan z\u0259kas\u0131n\u0131n AI il\u0259 m\u00fcqayis\u0259sini \u201cg\u00fcl\u00fcnc analogiya\u201d adland\u0131r\u0131b v\u0259 deyib ki, AI he\u00e7 vaxt insan kimi olmayacaq, nec\u0259 ki, t\u0259yyar\u0259l\u0259r qu\u015f deyil.<\/p>\n<p>\u201cPlanetin \u0259n a\u011f\u0131ll\u0131 varl\u0131qlar\u0131 da eyni zamanda \u0259n \u00e7ox yan\u0131lanlar ola bil\u0259r\u201d \u2013 dey\u0259 o bildirib.<\/p>\n<p><strong>\u201cS\u0130 &#8211; inan\u0131lmaz imkanlar\u0131n astanas\u0131nday\u0131q\u201d \u00a0<\/strong><\/p>\n<p>\u201cAnthropic\u201d \u015firk\u0259tinin ba\u015f icra\u00e7\u0131 direktoru v\u0259 h\u0259mt\u0259sis\u00e7isi Dario Amodei AI-nin inki\u015faf\u0131n\u0131 h\u0259y\u0259canverici adland\u0131raraq \u201cinan\u0131lmaz imkanlar\u0131n qap\u0131m\u0131z\u0131 d\u00f6yd\u00fcy\u00fcn\u00fc\u201d, lakin qar\u015f\u0131dak\u0131 bir ne\u00e7\u0259 il texnologiyan\u0131n nec\u0259 t\u0259nziml\u0259nm\u0259si bax\u0131m\u0131ndan h\u0259lledici olaca\u011f\u0131n\u0131 bildirib.<\/p>\n<p>M\u00fczakir\u0259 s\u00fcni \u00fcmumi intellektd\u0259n (AGI) sonrak\u0131 m\u0259rh\u0259l\u0259y\u0259, \u00a0AI-nin insan idrak qabiliyy\u0259tl\u0259rin\u0259 \u00e7atd\u0131\u011f\u0131 v\u0259 ya onu ke\u00e7diyi d\u00f6vr\u0259 y\u00f6n\u0259lib.<\/p>\n<p>D.Amodei bildirib ki, \u201c\u00c7in\u0259 \u00e7ip satmamaq, AI-nin n\u0259zar\u0259td\u0259n \u00e7\u0131xmas\u0131 riskini idar\u0259 etm\u0259k \u00fc\u00e7\u00fcn vaxt qazanma\u011f\u0131n \u0259n b\u00f6y\u00fck yollar\u0131ndan biridir\u201d. O, h\u0259m\u00e7inin qeyd edib ki, bunun AB\u015e-nin AI liderliyi \u00fc\u00e7\u00fcn \u201cciddi\u201d n\u0259tic\u0259l\u0259ri ola bil\u0259c\u0259yini deyib, \u00e7\u00fcnki \u201cNvidia\u201dn\u0131n \u201cH200\u201d AI \u00e7ipl\u0259ri \u00c7in\u0259 sat\u0131l\u0131r.<\/p>\n<p>Onun s\u00f6zl\u0259rin\u0259 g\u00f6r\u0259, \u0259g\u0259r \u201cgeosiyasi r\u0259qibl\u0259r eyni s\u00fcr\u0259tl\u0259 inki\u015faf etm\u0259yi yava\u015fladarsa\u201d, \u0259sas AI r\u0259qab\u0259ti AB\u015e-la \u00c7in aras\u0131nda yox, texnologiya \u015firk\u0259tl\u0259ri aras\u0131nda olacaq.<\/p>\n<p>\u0130\u015fl\u0259rin g\u0259l\u0259c\u0259yin\u0259 g\u0259linc\u0259, D.Amodei AI-nin a\u011fyaxal\u0131ql\u0131 i\u015fl\u0259rin yar\u0131s\u0131n\u0131 s\u0131radan \u00e7\u0131xara bil\u0259c\u0259yini deyib.<\/p>\n<p>Bununla bel\u0259, o, haz\u0131rda \u0259m\u0259k bazar\u0131na s\u00fcni intellektd\u0259n b\u00f6y\u00fck t\u0259sir olmasa da, kodla\u015fd\u0131rma s\u0259nayesind\u0259 b\u0259zi d\u0259yi\u015fiklikl\u0259rin ba\u015f verdiyini bildirib.<\/p>\n<p><strong>\u201cBakalavr t\u0259l\u0259b\u0259l\u0259rin\u0259 t\u00f6vsiy\u0259\u2026daha m\u0259nal\u0131 i\u015f yerl\u0259ri yarad\u0131lacaq\u201d \u00a0<\/strong><\/p>\n<p>\u201cGoogle DeepMind\u201din ba\u015f icra\u00e7\u0131 direktoru Demis Hassabis daha nikbin m\u00f6vqe s\u0259rgil\u0259yib. O, D.Amodei il\u0259 eyni paneld\u0259 \u00e7\u0131x\u0131\u015f ed\u0259r\u0259k yeni v\u0259 daha m\u0259nal\u0131 i\u015f yerl\u0259rinin yarad\u0131laca\u011f\u0131n\u0131 g\u00f6zl\u0259diyini bildirib. D.Hassabis deyib ki, t\u0259cr\u00fcb\u0259 proqramlar\u0131na q\u0259bulda azalma ola bil\u0259r, lakin bu, \u201cham\u0131 \u00fc\u00e7\u00fcn m\u00f6vcud olan heyr\u0259tamiz al\u0259tl\u0259rl\u0259 kompensasiya edil\u0259c\u0259k\u201d.<\/p>\n<p>D.Hassabis bakalavr t\u0259l\u0259b\u0259l\u0259rin\u0259 t\u00f6vsiy\u0259 edib ki, t\u0259cr\u00fcb\u0259 proqramlar\u0131 \u0259v\u0259zin\u0259 vaxtlar\u0131n\u0131 bu al\u0259tl\u0259ri \u00f6yr\u0259nm\u0259y\u0259 s\u0259rf etsinl\u0259r. O, bunun &#8220;n\u00f6vb\u0259ti be\u015f il \u0259rzind\u0259 \u00f6z\u00fcn\u00fcz\u00fc inki\u015faf etdirdiyiniz \u00fc\u00e7\u00fcn \u0259n\u0259n\u0259vi t\u0259cr\u00fcb\u0259l\u0259rd\u0259n daha yax\u015f\u0131 ola bil\u0259c\u0259yini&#8221; s\u00f6yl\u0259di.<\/p>\n<p>Lakin o x\u0259b\u0259rdarl\u0131q edib ki, \u00fcmumi s\u00fcni intellektd\u0259n (AGI) sonra \u0259m\u0259k bazar\u0131 qeyri-m\u00fc\u0259yy\u0259nlik k\u0259sb ed\u0259c\u0259k. \u00a0D.Hassabis bildirib ki, bu, 5\u201310 il \u0259rzind\u0259 ba\u015f ver\u0259 bil\u0259r v\u0259 insanlar\u0131n ham\u0131s\u0131 \u00fc\u00e7\u00fcn kifay\u0259t q\u0259d\u0259r i\u015f olmaya bil\u0259r. Bu is\u0259 yaln\u0131z maa\u015f deyil, h\u0259yat\u0131n m\u0259nas\u0131 v\u0259 m\u0259qs\u0259di il\u0259 ba\u011fl\u0131 daha b\u00f6y\u00fck suallar yarad\u0131r.<\/p>\n<p>O, h\u0259m\u00e7inin qeyd edib ki, geosiyasi r\u0259qab\u0259t v\u0259 AI \u015firk\u0259tl\u0259ri aras\u0131ndak\u0131 yar\u0131\u015f t\u0259hl\u00fck\u0259sizlik standartlar\u0131n\u0131n t\u0259l\u0259sik \u015f\u0259kild\u0259 formala\u015fd\u0131r\u0131lmas\u0131na s\u0259b\u0259b olur. O, \u00a0c\u0259miyy\u0259t \u00fc\u00e7\u00fcn d\u00fczg\u00fcn h\u0259ll tapmaq m\u0259qs\u0259dil\u0259 daha yava\u015f tempd\u0259, minimal beyn\u0259lxalq t\u0259hl\u00fck\u0259sizlik standartlar\u0131n\u0131n haz\u0131rlanmas\u0131na \u00e7a\u011f\u0131r\u0131b.<\/p>\n<p><a href=\"https:\/\/muallim.edu.az\/texnologiya-liderlerinin-umid-ve-qorxulari-davosdan-sesler\">muallim.edu.az<\/a><\/p>\n","protected":false},"excerpt":{"rendered":"<p>S\u00fcni intellekt (AI) m\u00f6vzusu ba\u015fa \u00e7atm\u0131\u015f Davos D\u00fcnya \u0130qtisadi Forumunda, dem\u0259k olar ki, h\u0259r bir m\u00fczakir\u0259y\u0259 daxil olub v\u0259 yeni i\u015f yerl\u0259ri, texnologiyalar, ticar\u0259t tarifl\u0259ri, beyn\u0259lxalq r\u0259qab\u0259t v\u0259 geosiyasi g\u0259rginlikl\u0259r kimi \u0259n\u0259n\u0259vi \u0259sas m\u00f6vzularla yana\u015f\u0131 eyni s\u0259viyy\u0259d\u0259 m\u00fczakir\u0259 olunub. \u201cAz\u0259rbaycan m\u00fc\u0259llimi\u201d x\u0259b\u0259r verir ki, d\u00fcnyan\u0131n \u201cNvidia\u201d, \u201cMicrosoft\u201d, \u201cAnthropic\u201d v\u0259 \u201cGoogle DeepMind\u201d kimi n\u0259h\u0259ng \u015firk\u0259tl\u0259rinin liderl\u0259ri, [&hellip;]<\/p>\n","protected":false},"author":6,"featured_media":219365,"comment_status":"open","ping_status":"open","sticky":false,"template":"","format":"standard","meta":{"footnotes":""},"categories":[77],"tags":[],"_links":{"self":[{"href":"https:\/\/www.imm.az\/exp\/wp-json\/wp\/v2\/posts\/219366"}],"collection":[{"href":"https:\/\/www.imm.az\/exp\/wp-json\/wp\/v2\/posts"}],"about":[{"href":"https:\/\/www.imm.az\/exp\/wp-json\/wp\/v2\/types\/post"}],"author":[{"embeddable":true,"href":"https:\/\/www.imm.az\/exp\/wp-json\/wp\/v2\/users\/6"}],"replies":[{"embeddable":true,"href":"https:\/\/www.imm.az\/exp\/wp-json\/wp\/v2\/comments?post=219366"}],"version-history":[{"count":2,"href":"https:\/\/www.imm.az\/exp\/wp-json\/wp\/v2\/posts\/219366\/revisions"}],"predecessor-version":[{"id":219368,"href":"https:\/\/www.imm.az\/exp\/wp-json\/wp\/v2\/posts\/219366\/revisions\/219368"}],"wp:featuredmedia":[{"embeddable":true,"href":"https:\/\/www.imm.az\/exp\/wp-json\/wp\/v2\/media\/219365"}],"wp:attachment":[{"href":"https:\/\/www.imm.az\/exp\/wp-json\/wp\/v2\/media?parent=219366"}],"wp:term":[{"taxonomy":"category","embeddable":true,"href":"https:\/\/www.imm.az\/exp\/wp-json\/wp\/v2\/categories?post=219366"},{"taxonomy":"post_tag","embeddable":true,"href":"https:\/\/www.imm.az\/exp\/wp-json\/wp\/v2\/tags?post=219366"}],"curies":[{"name":"wp","href":"https:\/\/api.w.org\/{rel}","templated":true}]}}