{"id":219380,"date":"2026-01-27T11:00:00","date_gmt":"2026-01-27T07:00:00","guid":{"rendered":"https:\/\/www.imm.az\/exp\/?p=219380"},"modified":"2026-01-27T12:25:19","modified_gmt":"2026-01-27T08:25:19","slug":"amea-r%c9%99yas%c9%99t-hey%c9%99tinin-novb%c9%99ti-iclasi-kecirilib-15","status":"publish","type":"post","link":"https:\/\/www.imm.az\/exp\/2026\/01\/27\/amea-r%c9%99yas%c9%99t-hey%c9%99tinin-novb%c9%99ti-iclasi-kecirilib-15\/","title":{"rendered":"AMEA R\u0259yas\u0259t Hey\u0259tinin n\u00f6vb\u0259ti iclas\u0131 ke\u00e7irilib"},"content":{"rendered":"<p>Az\u0259rbaycan Milli Elml\u0259r Akademiyas\u0131n\u0131n R\u0259yas\u0259t Hey\u0259tinin n\u00f6vb\u0259ti iclas\u0131 ke\u00e7irilib.<\/p>\n<p>T\u0259dbird\u0259 AMEA-n\u0131n prezidenti, akademik \u0130sa H\u0259bibb\u0259yli, Elm v\u0259 Ali T\u0259hsil \u00fczr\u0259 D\u00f6vl\u0259t Agentliyinin direktor m\u00fcavini, Sumqay\u0131t D\u00f6vl\u0259t Universitetinin rektoru v\u0259zif\u0259sini icra ed\u0259n AMEA-n\u0131n m\u00fcxbir \u00fczv\u00fc \u018fmina\u011fa Sad\u0131qov, R\u0259yas\u0259t Hey\u0259tinin \u00fczvl\u0259ri, R\u0259yas\u0259t Hey\u0259ti aparat\u0131n\u0131n \u015f\u00f6b\u0259 m\u00fcdirl\u0259ri, Fizika-Riyaziyyat v\u0259 Texnika Elml\u0259ri B\u00f6lm\u0259sinin (FRTEB) \u00fczvl\u0259ri, b\u00f6lm\u0259nin elmi m\u00fc\u0259ssis\u0259l\u0259rinin direktorlar\u0131, h\u0259m\u00e7inin \u0259ld\u0259 edilmi\u015f m\u00fch\u00fcm elmi n\u0259tic\u0259l\u0259rin m\u00fc\u0259llifl\u0259ri, elmi \u015f\u00f6b\u0259 v\u0259 laboratoriyalar\u0131n r\u0259hb\u0259rl\u0259ri v\u0259 aidiyy\u0259ti \u015f\u0259xsl\u0259r i\u015ftirak edibl\u0259r.<\/p>\n<p>\u018fvv\u0259lc\u0259 B\u00f6lm\u0259nin \u0259hat\u0259 etdiyi elmi m\u00fc\u0259ssis\u0259l\u0259rd\u0259 s\u00fcni intellektin t\u0259tbiqi \u0259sas\u0131nda h\u0259yata ke\u00e7iril\u0259n innovativ layih\u0259l\u0259ri,\u00a0\u00a02025-ci il \u00fczr\u0259 \u0259ld\u0259 edil\u0259n nailiyy\u0259tl\u0259ri, n\u0259\u015fr olunan elmi \u0259s\u0259r v\u0259 kitablar\u0131 \u0259ks etdir\u0259n s\u0259rgiy\u0259 bax\u0131\u015f olub.<\/p>\n<p>\u0130clas\u0131 giri\u015f s\u00f6z\u00fc il\u0259 AMEA-n\u0131n prezidenti, akademik \u0130sa H\u0259bibb\u0259yli a\u00e7araq t\u0259dbirin g\u00fcnd\u0259liyi bar\u0259d\u0259 m\u0259lumat verib. O, 2025-ci il \u00fczr\u0259 \u0259ld\u0259 olunan nailiyy\u0259tl\u0259ri \u0259ks etdir\u0259n s\u0259rginin FRTEB-in h\u0259yata ke\u00e7irdiyi \u0259h\u0259miyy\u0259tli layih\u0259l\u0259r, elmi t\u0259dqiqat i\u015fl\u0259ri v\u0259 \u0259ld\u0259 olunan m\u00fch\u00fcm elmi n\u0259tic\u0259l\u0259r bar\u0259d\u0259 dol\u011fun v\u0259 ayd\u0131n t\u0259s\u0259vv\u00fcr yaratd\u0131\u011f\u0131n\u0131, B\u00f6lm\u0259d\u0259 f\u0259aliyy\u0259t g\u00f6st\u0259r\u0259n alim v\u0259 m\u00fct\u0259x\u0259ssisl\u0259rin \u00f6lk\u0259 elminin inki\u015faf\u0131na m\u00fch\u00fcm t\u00f6hf\u0259l\u0259r verdiyini vur\u011fulay\u0131b.<\/p>\n<p>AMEA r\u0259hb\u0259ri B\u00f6lm\u0259nin \u00f6t\u0259n il \u00fczr\u0259 f\u0259aliyy\u0259ti il\u0259 ba\u011fl\u0131 m\u00fch\u00fcm m\u0259qamlardan birinin Springer v\u0259 dig\u0259r n\u00fcfuzlu beyn\u0259lxalq bazalarda n\u0259\u015fr olunan kitab v\u0259 m\u0259qal\u0259l\u0259rin say\u0131n\u0131n artmas\u0131 oldu\u011funu s\u00f6yl\u0259yib, bu istiqam\u0259td\u0259 \u0259ld\u0259 olunan u\u011furlar\u0131n beyn\u0259lxalq elmi m\u00fchit\u0259 inteqrasiya bax\u0131m\u0131ndan b\u00f6y\u00fck \u00f6n\u0259m da\u015f\u0131d\u0131\u011f\u0131n\u0131 qeyd edib. O, h\u0259m\u00e7inin N\u0259sr\u0259ddin Tusi ad\u0131na \u015eamax\u0131 Astrofizika R\u0259s\u0259dxanas\u0131n\u0131n \u201cAz\u0259rbaycan Astronomiya Jurnal\u0131\u201dn\u0131n Scopus elmmetrik bazas\u0131na daxil olmas\u0131n\u0131 b\u00fct\u00f6vl\u00fckd\u0259 B\u00f6lm\u0259nin m\u00fch\u00fcm nailiyy\u0259ti kimi qiym\u0259tl\u0259ndirib.<\/p>\n<p>\u201c2025-ci ild\u0259 fundamental v\u0259 t\u0259tbiq xarakterli t\u0259dqiqatlar\u0131n \u0259ks\u0259riyy\u0259ti Qaraba\u011f b\u00f6lg\u0259sind\u0259 apar\u0131lan b\u0259rpa v\u0259 inki\u015faf prosesl\u0259ri il\u0259 ba\u011fl\u0131d\u0131r\u201d, \u2013 dey\u0259n akademik \u0130sa H\u0259bibb\u0259yli bu istiqam\u0259td\u0259 h\u0259yata ke\u00e7irilmi\u015f i\u015fl\u0259rin v\u0259 innovativ layih\u0259l\u0259rin regionun dayan\u0131ql\u0131 inki\u015faf\u0131na, infrastrukturun b\u0259rpas\u0131na v\u0259 sosial-iqtisadi prosesl\u0259rin elmi \u0259saslarla qurulmas\u0131na xidm\u0259t etdiyini vur\u011fulay\u0131b.<\/p>\n<p>B\u00f6lm\u0259 \u00fczr\u0259 g\u0259nc t\u0259dqiqat\u00e7\u0131lar\u0131n f\u0259aliyy\u0259tini x\u00fcsusi qeyd ed\u0259n akademik \u0130sa H\u0259bibb\u0259yli g\u0259nc aliml\u0259rin elmi proses\u0259 f\u0259al c\u0259lb olunmas\u0131n\u0131 m\u00fcsb\u0259t hal kimi d\u0259y\u0259rl\u0259ndirib. B\u00f6lm\u0259d\u0259 h\u0259yata ke\u00e7iril\u0259n g\u0259ncl\u0259r siyas\u0259tinin m\u0259qs\u0259dy\u00f6nl\u00fc v\u0259 sistemli xarakter da\u015f\u0131d\u0131\u011f\u0131n\u0131, y\u00fcks\u0259kixtisasl\u0131 pe\u015f\u0259kar kadrlar\u0131n yeti\u015fdirilm\u0259si v\u0259 onlar\u0131n d\u00fcnya elmin\u0259 inteqrasiyas\u0131 istiqam\u0259tind\u0259 m\u00fch\u00fcm n\u0259tic\u0259l\u0259rin \u0259ld\u0259 edildiyini vur\u011fulay\u0131b.<\/p>\n<p>Daha sonra AMEA-n\u0131n vitse-prezidenti, FRTEB-in Elmi \u015furas\u0131n\u0131n s\u0259dri, \u0130nformasiya Texnologiyalar\u0131 \u0130nstitutunun ba\u015f direktoru, akademik Rasim \u018fliquliyev FRTEB-in 2025-ci il \u00fczr\u0259 elmi v\u0259 elmi-t\u0259\u015fkilati f\u0259aliyy\u0259ti haqq\u0131nda hesabat m\u0259ruz\u0259sini t\u0259qdim edib. O, AMEA-n\u0131n 80 illik yubiley t\u0259dbirind\u0259 Az\u0259rbaycan Respublikas\u0131n\u0131n Prezidenti c\u0259nab \u0130lham \u018fliyevin nitqind\u0259 Akademiyan\u0131n qar\u015f\u0131s\u0131nda m\u00fch\u00fcm strateji v\u0259zif\u0259l\u0259r m\u00fc\u0259yy\u0259nl\u0259\u015fdirdiyini xat\u0131rladaraq, R\u0259yas\u0259t Hey\u0259tinin iclas\u0131nda h\u0259min \u00e7\u0131x\u0131\u015fdan ir\u0259li g\u0259l\u0259n tap\u015f\u0131r\u0131qlar, el\u0259c\u0259 d\u0259 2026-c\u0131 il \u00fc\u00e7\u00fcn B\u00f6lm\u0259 \u00fczr\u0259 m\u00fc\u0259yy\u0259nl\u0259\u015fdiril\u0259n elmi prioritetl\u0259r \u0259traf\u0131nda m\u00fczakir\u0259l\u0259rin apar\u0131laca\u011f\u0131n\u0131 diqq\u0259t\u0259 \u00e7atd\u0131r\u0131b.<\/p>\n<p>M\u00fcasir reall\u0131qlar kontekstind\u0259 Az\u0259rbaycan elmind\u0259 h\u0259yata ke\u00e7iril\u0259n islahatlardan s\u00f6z a\u00e7an akademik Rasim \u018fliquliyev qeyd edib ki, bu proses \u00f6lk\u0259 \u00fczr\u0259 elmi f\u0259aliyy\u0259tin daha s\u0259m\u0259r\u0259li t\u0259\u015fkili, optimalla\u015fd\u0131r\u0131lmas\u0131, stimulla\u015fd\u0131rma mexanizml\u0259rinin geni\u015fl\u0259ndirilm\u0259si, qabaqc\u0131l beyn\u0259lxalq t\u0259cr\u00fcb\u0259nin \u00f6lk\u0259y\u0259 transferi m\u0259s\u0259l\u0259l\u0259rini \u0259hat\u0259 edir.<\/p>\n<p>Onun s\u00f6zl\u0259rin\u0259 g\u00f6r\u0259, hesabat ilind\u0259 FRTEB-in elmi istiqam\u0259tl\u0259ri \u00fczr\u0259 t\u0259dqiqatlar bir t\u0259r\u0259fd\u0259n \u00f6lk\u0259nin milli maraqlar\u0131ndan ir\u0259li g\u0259l\u0259n, dig\u0259r t\u0259r\u0259fd\u0259n is\u0259 m\u00fcasir d\u00fcnyan\u0131n t\u0259l\u0259b v\u0259 \u00e7a\u011f\u0131r\u0131\u015flar\u0131na m\u00fcvafiq olan m\u0259s\u0259l\u0259l\u0259ri \u0259hat\u0259 edib. B\u00f6lm\u0259nin \u0259hat\u0259 etdiyi m\u00fc\u0259ssis\u0259l\u0259rin elmi t\u0259dqiqat planlar\u0131nda h\u0259m fundamental, h\u0259m d\u0259 t\u0259tbiqi t\u0259dqiqatlar yer al\u0131b v\u0259 bir s\u0131ra m\u00fch\u00fcm elmi n\u0259tic\u0259l\u0259r \u0259ld\u0259 olunub.<\/p>\n<p>Akademik Rasim \u018fliquliyev bildirib ki, 2025-ci ild\u0259 FRTEB-in \u00f6lk\u0259 \u00fczr\u0259 \u0259hat\u0259 etdiyi elmi m\u00fc\u0259ssis\u0259l\u0259rd\u0259 7 elmi istiqam\u0259t \u00fczr\u0259 33 problem\u0259 aid 101 m\u00f6vzuya dair 259 t\u0259dqiqat i\u015fi, 89 m\u0259rh\u0259l\u0259 apar\u0131lm\u0131\u015f, 34 m\u00f6vzu, 173 i\u015f, 89 m\u0259rh\u0259l\u0259 tamamlan\u0131b. Bu t\u0259dqiqatlar\u0131n n\u0259tic\u0259l\u0259rinin 104-\u00fc B\u00f6lm\u0259 t\u0259r\u0259find\u0259n m\u00fczakir\u0259 edil\u0259r\u0259k m\u00fch\u00fcm n\u0259tic\u0259 kimi d\u0259y\u0259rl\u0259ndirilib.<\/p>\n<p>Vitse-prezident FRTEB-in elmi-t\u0259\u015fkilati f\u0259aliyy\u0259tind\u0259 Az\u0259rbaycan Respublikas\u0131 Prezidentinin f\u0259rman v\u0259 s\u0259r\u0259ncamlar\u0131n\u0131n, Az\u0259rbaycan Respublikas\u0131 Nazirl\u0259r Kabinetinin q\u0259rar v\u0259 s\u0259r\u0259ncamlar\u0131n\u0131n, habel\u0259 d\u00f6vl\u0259t proqramlar\u0131n\u0131n, AMEA-n\u0131n 20 fevral 2025-ci il tarixli \u00dcmumi y\u0131\u011f\u0131nca\u011f\u0131n\u0131n, AMEA R\u0259yas\u0259t Hey\u0259tinin q\u0259rarlar\u0131n\u0131n, AMEA prezidentinin s\u0259r\u0259ncamlar\u0131n\u0131n, FRTEB qar\u015f\u0131s\u0131nda duran v\u0259zif\u0259 v\u0259 tap\u015f\u0131r\u0131qlar\u0131n icras\u0131na x\u00fcsusi diqq\u0259t yetirildiyini, bu istiqam\u0259td\u0259 bir s\u0131ra m\u00fch\u00fcm t\u0259dbirl\u0259rin h\u0259yata ke\u00e7irildiyini s\u00f6yl\u0259yib.<\/p>\n<p>O, \u00f6t\u0259n il \u0259rzind\u0259 q\u0259bul edilmi\u015f m\u00fch\u00fcm q\u0259rarlar v\u0259 g\u00f6r\u00fclm\u00fc\u015f i\u015fl\u0259ri diqq\u0259t\u0259 \u00e7atd\u0131raraq vur\u011fulay\u0131b ki, 2025-ci ild\u0259 akademik F\u0259ram\u0259z Maqsudovun 95, akademik \u0130smay\u0131l \u0130brahimovun 110, akademik Firudin Ha\u015f\u0131mzad\u0259nin 90, akademik Telman \u018fliyevin 90, akademik Yusif M\u0259mm\u0259dovun 75, AMEA-n\u0131n m\u00fcxbir \u00fczv\u00fc Kamil Ayda-Zad\u0259nin 75, AMEA-n\u0131n m\u00fcxbir \u00fczv\u00fc Namiq C\u0259lilovun 70, AMEA-n\u0131n m\u00fcxbir \u00fczv\u00fc Ayd\u0131n Kaz\u0131mzad\u0259nin 75, AMEA-n\u0131n m\u00fcxbir \u00fczv\u00fc Rauf H\u00fcseynovun 85, AMEA-n\u0131n m\u00fcxbir \u00fczv\u00fc R\u00fcf\u0259t Mir-Qas\u0131movun 85 illik yubileyl\u0259rinin ke\u00e7irilm\u0259si haqq\u0131nda AMEA-n\u0131n R\u0259yas\u0259t Hey\u0259ti qar\u015f\u0131s\u0131nda v\u0259sat\u0259t qald\u0131r\u0131lmas\u0131 bar\u0259d\u0259 q\u0259rarlar q\u0259bul edilib. Hesabat ilind\u0259 AMEA-n\u0131n 80 illik yubileyin\u0259 haz\u0131rl\u0131q t\u0259dbirl\u0259ri \u00e7\u0259r\u00e7iv\u0259sind\u0259 FRTEB-nin elmi istiqam\u0259tl\u0259rin\u0259, x\u00fcsusil\u0259 d\u0259, r\u0259q\u0259msal transformasiyalar, s\u00fcni intellektin t\u0259tbiqi il\u0259 ba\u011fl\u0131 t\u00f6vsiy\u0259l\u0259r haz\u0131rlanaq AMEA R\u0259yas\u0259t Hey\u0259tin\u0259 t\u0259qdim edilib, AMEA-80 kitablar\u0131 seriyas\u0131ndan \u201cAkademik Mahmud K\u0259rimov elmi yadda\u015fda v\u0259 xat\u0259r\u0259l\u0259rd\u0259\u201d kitab\u0131 haz\u0131rlanaraq n\u0259\u015fr olunub. Bundan ba\u015fqa, hesabat ilind\u0259 FRTEB-in Elmi \u015furas\u0131nda SOCAR-\u0131n Elm Fondunun qrant m\u00fcsabiq\u0259sind\u0259 qalib olmu\u015f fizika, riyaziyyat v\u0259 texnika elml\u0259ri \u00fczr\u0259 layih\u0259l\u0259rin 2025-ci il \u00fczr\u0259 icras\u0131na dair hesabatlar\u0131 dinl\u0259nilib, apar\u0131lan t\u0259dqiqatlar\u0131n n\u0259tic\u0259l\u0259ri t\u0259hlil olunub.\u00a0\u00a0D\u00f6vl\u0259t qurumlar\u0131n\u0131n sor\u011fular\u0131 \u0259sas\u0131nda elmi ekspertiza xidm\u0259tl\u0259ri g\u00f6st\u0259rilib, \u0130KT sah\u0259sin\u0259 aid olan m\u00fcxt\u0259lif strategiya, proqram, sazi\u015f, m\u00fcqavil\u0259 v\u0259 s. r\u0259smi s\u0259n\u0259d layih\u0259l\u0259rin\u0259 ekspert r\u0259yl\u0259ri verilib.<\/p>\n<p>Akademik Rasim \u018fliquliyev \u0259lav\u0259 edib ki, hesabat ilind\u0259 E-Az\u0259rbaycan\u0131n bir seqmenti olan e-elmin formala\u015fd\u0131r\u0131lmas\u0131 v\u0259 inki\u015faf\u0131 istiqam\u0259tind\u0259 i\u015fl\u0259r davam etdirilib, \u0130ndustry 4.0-\u0131n platformas\u0131nda kritik infrastrukturlar\u0131n kiber dayan\u0131ql\u0131\u011f\u0131n\u0131n t\u0259min olunmas\u0131 \u00fc\u00e7\u00fcn intellektual texnologiyalar\u0131n i\u015fl\u0259nm\u0259si istiqam\u0259tind\u0259 ara\u015fd\u0131rmalar apar\u0131l\u0131b, science 4.0 platformas\u0131nda s\u00fcni intellektin t\u0259tbiqi m\u0259s\u0259l\u0259l\u0259ri t\u0259dqiq olunub v\u0259 perspektiv t\u0259klifl\u0259rin realla\u015fd\u0131r\u0131lmas\u0131 \u00fc\u00e7\u00fcn t\u00f6vsiy\u0259l\u0259r verilib. Eyni zamanda, IV S\u0259naye \u0130nqilab\u0131n\u0131n \u00e7a\u011f\u0131r\u0131\u015flar\u0131n\u0131n h\u0259yata ke\u00e7irilm\u0259si, S\u00fcni intellekt, Big Data texnologiyalar\u0131n\u0131n v\u0259 kiberfiziki sisteml\u0259rin elmi-n\u0259z\u0259ri probleml\u0259rinin ara\u015fd\u0131r\u0131lmas\u0131 v\u0259 geni\u015f t\u0259tbiqin\u0259 x\u00fcsusi diqq\u0259t yetirilib.<\/p>\n<p>O, B\u00f6lm\u0259nin elmi istiqam\u0259tl\u0259ri \u00fczr\u0259 d\u00f6vri elmi jurnallar\u0131n n\u0259\u015frinin diqq\u0259t m\u0259rk\u0259zind\u0259 oldu\u011funu s\u00f6yl\u0259yib. Qeyd edib ki, elmi jurnallar\u0131n n\u00fcfuzlu beyn\u0259lxalq elmi bazalarda indeksl\u0259\u015fdirilm\u0259si sah\u0259sind\u0259 m\u00fch\u00fcm nailiyy\u0259tl\u0259r \u0259ld\u0259 olunub v\u0259 bu istiqam\u0259td\u0259 f\u0259aliyy\u0259t davam etdirilm\u0259kd\u0259dir. Eyni zamanda, 2025-ci il \u0259rzind\u0259 FRTEB-in \u0259hat\u0259 etdiyi elmi m\u00fc\u0259ssis\u0259l\u0259rd\u0259 n\u0259\u015fr olunan elmi jurnallarda \u00fcmumilikd\u0259\u00a0\u00a0551 m\u0259qal\u0259y\u0259 DO\u0130 verilib.<\/p>\n<p>Vitse-prezident B\u00f6lm\u0259nin \u0259hat\u0259 etdiyi elmi m\u00fc\u0259ssis\u0259l\u0259rin Az\u0259rbaycan Respublikas\u0131n\u0131n Prezidenti t\u0259r\u0259find\u0259n t\u0259sdiq edilmi\u015f D\u00f6vl\u0259t Proqramlar\u0131, strategiya, yol x\u0259rit\u0259l\u0259ri, f\u0259aliyy\u0259t planlar\u0131 v\u0259 s.-nin h\u0259yata ke\u00e7irilm\u0259sind\u0259 f\u0259al i\u015ftirak etdiyini bildirib. H\u0259m\u00e7inin hesabat ili \u0259rzind\u0259 FRTEB-in \u0259hat\u0259 etdiyi elmi m\u00fc\u0259ssis\u0259l\u0259r t\u0259r\u0259find\u0259n i\u015f\u011faldan azad olunmu\u015f \u0259razil\u0259r\u0259 dair bir s\u0131ra istiqam\u0259tl\u0259rd\u0259 t\u0259dqiqatlar\u0131n davam etdirildiyini v\u0259 m\u00fch\u00fcm n\u0259tic\u0259l\u0259rin \u0259ld\u0259 olundu\u011funu vur\u011fulay\u0131b.<\/p>\n<p>Elm v\u0259 t\u0259hsilin inteqrasiyas\u0131ndan da b\u0259hs ed\u0259n akademik Rasim \u018fliquliyev FRTEB m\u00fc\u0259ssis\u0259l\u0259rinin 200-d\u0259n \u00e7ox aliminin m\u00fcxt\u0259lif ali t\u0259hsil ocaqlar\u0131nda ixtisas f\u0259nl\u0259rind\u0259n m\u00fchazir\u0259l\u0259r apard\u0131\u011f\u0131n\u0131, magistr dissertasiyas\u0131 i\u015fl\u0259rin\u0259 r\u0259hb\u0259rlik etdiyini diqq\u0259t\u0259 \u00e7atd\u0131r\u0131b. Qeyd edib ki, h\u0259m\u00e7inin B\u00f6lm\u0259 institutlar\u0131nda \u00e7al\u0131\u015fan aliml\u0259r bir s\u0131ra universitetl\u0259rd\u0259 D\u00f6vl\u0259t imtahan komissiyalar\u0131na s\u0259drlik edibl\u0259r. Bir s\u0131ra \u0259m\u0259kda\u015flar D\u00f6vl\u0259t \u0130mtahan M\u0259rk\u0259zinin eksperti qismind\u0259 testl\u0259rin haz\u0131rlanmas\u0131nda, q\u0259bul imtahanlar\u0131nda, m\u00fcxt\u0259lif t\u0259dbirl\u0259rd\u0259 yax\u0131ndan i\u015ftirak edibl\u0259r. Bundan ba\u015fqa, B\u00f6lm\u0259nin elmi istiqam\u0259tl\u0259ri \u00fczr\u0259 \u00e7al\u0131\u015fan alim v\u0259 m\u00fct\u0259x\u0259ssisl\u0259ri t\u0259r\u0259find\u0259n magistrl\u0259r, doktorant v\u0259 dissertantlar, elmi i\u015f\u00e7il\u0259r v\u0259 m\u00fch\u0259ndisl\u0259r \u00fc\u00e7\u00fcn n\u0259z\u0259rd\u0259 tutulmu\u015f d\u0259rslikl\u0259r v\u0259 d\u0259rs v\u0259saitl\u0259ri \u00e7ap olunub.<\/p>\n<p>Akademik Rasim \u018fliquliyev elm v\u0259 istehsalat aras\u0131nda \u0259laq\u0259l\u0259rin g\u00fccl\u0259ndirilm\u0259si, patent f\u0259aliyy\u0259ti, elmi t\u0259dqiqatlar\u0131n n\u0259tic\u0259l\u0259rinin t\u0259tbiqi m\u0259s\u0259l\u0259sin\u0259 d\u0259 toxunaraq bildirib ki, 2025-ci ild\u0259 23 elmi t\u0259dqiqat i\u015finin n\u0259tic\u0259sinin t\u0259tbiqi \u00fczr\u0259 plana m\u00fcvafiq t\u0259dbirl\u0259r icra olunub. B\u00f6lm\u0259nin \u0259hat\u0259 etdiyi elmi m\u00fc\u0259ssis\u0259l\u0259r patent almaq \u00fc\u00e7\u00fcn 19 iddia s\u0259n\u0259di verib, 7-si respublikada, 4-\u00fc xarici \u00f6lk\u0259l\u0259rd\u0259 olmaqla 12 patent al\u0131blar.<\/p>\n<p>O, elmi m\u00fc\u0259ssis\u0259l\u0259rin aktivliyini v\u0259 m\u0259hsuldarl\u0131\u011f\u0131n\u0131 qiym\u0259tl\u0259ndirm\u0259k \u00fc\u00e7\u00fcn elmi m\u00fc\u0259ssis\u0259l\u0259rd\u0259 \u0259ld\u0259 olunmu\u015f n\u0259tic\u0259l\u0259rin reytinqini elmmetrik g\u00f6st\u0259ricil\u0259r \u0259sas\u0131nda t\u0259qdim edib. 2025-ci ild\u0259 FRTEB \u00fczr\u0259 elmi m\u00fc\u0259ssis\u0259l\u0259rin elmi kadr potensial\u0131n\u0131n Scopus v\u0259 WoS bazalar\u0131nda d\u0259rc olunmu\u015f m\u0259qal\u0259l\u0259rinin say\u0131 v\u0259 orta m\u0259hsuldarl\u0131q g\u00f6st\u0259ricil\u0259rini diqq\u0259t\u0259 \u00e7atd\u0131r\u0131b.<\/p>\n<p>Vitse-prezident B\u00f6lm\u0259nin alim v\u0259 m\u00fct\u0259x\u0259ssisl\u0259rinin m\u00fch\u00fcm elmi nailiyy\u0259tl\u0259rinin beyn\u0259lxalq al\u0259md\u0259 d\u0259 y\u00fcks\u0259k qiym\u0259tl\u0259ndirildiyini dey\u0259r\u0259k, FRTEB elmi m\u00fc\u0259ssis\u0259l\u0259rinin 6 aliminin ad\u0131n\u0131n AB\u015e-\u0131n Stenford Universitetinin \u0259n n\u00fcfuzlu reytinq siyah\u0131s\u0131na daxil edildiyini vur\u011fulay\u0131b. Qeyd edib ki, bu reytinq siyah\u0131s\u0131 iki m\u00fch\u00fcm g\u00f6st\u0259rici \u2013 m\u0259qal\u0259 v\u0259 istinadlar\u0131n say\u0131 \u0259sas\u0131nda haz\u0131rlan\u0131r. \u0130lkin m\u0259rh\u0259l\u0259d\u0259 \u0259n az\u0131 5 m\u0259qal\u0259si Elsevier n\u0259\u015friyyat\u0131n\u0131n Scopus bazas\u0131nda indeksl\u0259\u015f\u0259n aliml\u0259r se\u00e7ilir.<\/p>\n<p>Alim, h\u0259m\u00e7inin respublikan\u0131n elm v\u0259 ali t\u0259hsil m\u00fc\u0259ssis\u0259l\u0259rind\u0259 FRTEB-in elmi istiqam\u0259tl\u0259ri \u00fczr\u0259 2025-ci ild\u0259 apar\u0131lm\u0131\u015f t\u0259dqiqatlar\u0131n m\u00fch\u00fcm n\u0259tic\u0259l\u0259rini qeyd edib. O, B\u00f6lm\u0259 \u0259m\u0259kda\u015flar\u0131n\u0131n GOOGLE SCHOLAR elmmetrik bazas\u0131nda f\u0259aliyy\u0259tinin statistik g\u00f6st\u0259ricil\u0259ri, kadr potensial\u0131, n\u0259\u015fr olunmu\u015f m\u00fch\u00fcm elmi n\u0259tic\u0259l\u0259r, qrant layih\u0259l\u0259ri, elmin populyarla\u015fd\u0131r\u0131lmas\u0131 istiqam\u0259tind\u0259 g\u00f6r\u00fcl\u0259n i\u015fl\u0259r v\u0259 s. bar\u0259d\u0259 m\u0259lumat verib.<\/p>\n<p>\u00c7\u0131x\u0131\u015f\u0131n\u0131n sonunda akademik Rasim \u018fliquliyev FRTEB-in f\u0259aliyy\u0259tinin daha s\u0259m\u0259r\u0259li t\u0259\u015fkilin\u0259 dair bir s\u0131ra t\u0259klif ir\u0259li s\u00fcr\u00fcb.<\/p>\n<p>Daha sonra hesabat \u00fczr\u0259 m\u00fczakir\u0259l\u0259r apar\u0131l\u0131b. Akademikl\u0259r Arif H\u0259\u015fimov, \u018fli Abbasov,\u00a0\u00a0AMEA-n\u0131n m\u00fcxbir \u00fczvl\u0259ri \u018fmina\u011fa Sad\u0131qov, Namiq C\u0259lilov, \u0130slam Mustafayev v\u0259 texnika elml\u0259ri doktoru Elxan S\u0259bziyev \u00e7\u0131x\u0131\u015f ed\u0259r\u0259k fikirl\u0259rini bildirib, hesabatlar\u0131 q\u0259na\u0259tb\u0259x\u015f qiym\u0259tl\u0259ndiribl\u0259r.<\/p>\n<p>M\u00fczakir\u0259l\u0259rd\u0259n sonra AMEA R\u0259yas\u0259t Hey\u0259tinin q\u0259rar\u0131 il\u0259 Fizika-Riyaziyyat v\u0259 Texnika Elml\u0259ri B\u00f6lm\u0259sinin 2025-ci ild\u0259ki elmi v\u0259 elmi-t\u0259\u015fkilati f\u0259aliyy\u0259ti haqq\u0131nda hesabat\u0131 t\u0259sdiq edilib, \u0259ld\u0259 olunmu\u015f m\u00fch\u00fcm n\u0259tic\u0259l\u0259rin AMEA-n\u0131n illik hesabat\u0131na daxil edilm\u0259si q\u0259rara al\u0131n\u0131b.<\/p>\n<p>FRTEB-in iclas\u0131nda ilk d\u0259f\u0259 olaraq q\u0259rar layih\u0259si s\u00fcni intellekt vasit\u0259sil\u0259 s\u0259sl\u0259ndirilib.<\/p>\n<p>Sonda \u00e7\u0131x\u0131\u015f ed\u0259n akademik \u0130sa H\u0259bibb\u0259yli \u00f6t\u0259n ilin noyabr ay\u0131nda AMEA-n\u0131n 80 illik yubiley t\u0259dbirind\u0259 Prezident \u0130lham \u018fliyevin Az\u0259rbaycan elminin qar\u015f\u0131s\u0131na qoydu\u011fu yeni h\u0259d\u0259f v\u0259 prioritetl\u0259r\u0259 toxunub, d\u00f6vl\u0259t ba\u015f\u00e7\u0131s\u0131n\u0131n s\u0259sl\u0259ndirdiyi \u00e7a\u011f\u0131r\u0131\u015flar v\u0259 ir\u0259li s\u00fcrd\u00fcy\u00fc ideyalar\u0131n Az\u0259rbaycan elminin yeni m\u0259rh\u0259l\u0259d\u0259 inki\u015faf\u0131 bax\u0131m\u0131ndan m\u00fch\u00fcm \u0259h\u0259miyy\u0259t da\u015f\u0131d\u0131\u011f\u0131n\u0131 vur\u011fulay\u0131b. Qeyd edib ki, Prezident \u0130lham \u018fliyev h\u0259m AMEA-n\u0131n yubiley t\u0259dbirind\u0259ki proqram xarakterli \u00e7\u0131x\u0131\u015f\u0131nda, h\u0259m d\u0259 yerli televiziya kanallar\u0131na verdiyi m\u00fcsahib\u0259sind\u0259 Az\u0259rbaycan dilinin inki\u015faf\u0131, kibert\u0259hl\u00fck\u0259sizlik, r\u0259q\u0259msalla\u015fma v\u0259 s\u00fcni intellekt kimi strateji istiqam\u0259tl\u0259r \u00fczr\u0259 t\u0259dqiqatlar\u0131n geni\u015fl\u0259ndirilm\u0259sinin vacibliyini x\u00fcsusi olaraq diqq\u0259t\u0259 \u00e7atd\u0131r\u0131b. AMEA r\u0259hb\u0259ri bu \u00e7a\u011f\u0131r\u0131\u015flar\u0131n elmi ictimaiyy\u0259t qar\u015f\u0131s\u0131nda m\u0259suliyy\u0259ti daha da art\u0131rd\u0131\u011f\u0131n\u0131 dey\u0259r\u0259k, aliml\u0259ri birg\u0259 f\u0259aliyy\u0259t g\u00f6st\u0259rm\u0259y\u0259, \u00f6lk\u0259 elminin t\u0259r\u0259qqisi namin\u0259 s\u0259yl\u0259rini birl\u0259\u015fdirm\u0259y\u0259 \u00e7a\u011f\u0131r\u0131b.<\/p>\n<p>O, alim v\u0259 m\u00fct\u0259x\u0259ssisl\u0259ri, elmi t\u0259\u015fkilat r\u0259hb\u0259rl\u0259rini Az\u0259rbaycan elminin g\u0259l\u0259c\u0259yi olan g\u0259nc aliml\u0259r\u0259, doktorant v\u0259 dissertantlara h\u0259rt\u0259r\u0259fli d\u0259st\u0259k verm\u0259y\u0259, onlar\u0131n elmi inki\u015faf\u0131na diqq\u0259t v\u0259 qay\u011f\u0131 il\u0259 yana\u015fma\u011fa s\u0259sl\u0259yib.<\/p>\n<p>FRTEB \u00fczr\u0259 \u0259ld\u0259 olunan elmi nailiyy\u0259tl\u0259rin Az\u0259rbaycan elminin g\u0259l\u0259c\u0259k inki\u015faf\u0131 \u00fc\u00e7\u00fcn m\u00f6hk\u0259m z\u0259min yaratd\u0131\u011f\u0131n\u0131 s\u00f6yl\u0259y\u0259n akademik \u0130sa H\u0259bibb\u0259yli, bu istiqam\u0259td\u0259 m\u00fcsb\u0259t dinamikan\u0131n sonrak\u0131 ill\u0259rd\u0259 d\u0259 davam ed\u0259c\u0259yin\u0259 \u0259minliyini ifad\u0259 edib.<\/p>\n<p>AMEA r\u0259hb\u0259ri bildirib ki, \u00fcmumilikd\u0259 B\u00f6lm\u0259nin f\u0259aliyy\u0259ti 2024-c\u00fc ill\u0259 m\u00fcqayis\u0259d\u0259 daha da inki\u015faf etmi\u015f, impakt faktorlu jurnallarda d\u0259rc olunan m\u0259qal\u0259l\u0259rin say\u0131nda art\u0131m m\u00fc\u015fahid\u0259 edilmi\u015fdir. Bu tendensiya is\u0259, m\u00fcasir d\u00f6vrd\u0259 d\u00fcnya elmin\u0259 inteqrasiyan\u0131n \u0259sas g\u00f6st\u0259ricil\u0259rind\u0259n biridir.<\/p>\n<div class='entry-gallery'><div id=\"carousel-1\" class=\"single-carousel carousel slide carousel-219380\" data-ride=\"carousel\"><ol class='carousel-indicators'><li data-target=\"#carousel-1\" data-slide-to=\"0\" class=\"active\"><\/li><li data-target=\"#carousel-1\" data-slide-to=\"1\" class=\"\"><\/li><li data-target=\"#carousel-1\" data-slide-to=\"2\" class=\"\"><\/li><li data-target=\"#carousel-1\" data-slide-to=\"3\" class=\"\"><\/li><li data-target=\"#carousel-1\" data-slide-to=\"4\" class=\"\"><\/li><li data-target=\"#carousel-1\" data-slide-to=\"5\" class=\"\"><\/li><li data-target=\"#carousel-1\" data-slide-to=\"6\" class=\"\"><\/li><\/ol><div class='carousel-inner'><div class=\"carousel-item item active\"><a href='https:\/\/www.imm.az\/exp\/2026\/01\/27\/amea-r%c9%99yas%c9%99t-hey%c9%99tinin-novb%c9%99ti-iclasi-kecirilib-15\/21-3\/'><img loading=\"lazy\" decoding=\"async\" width=\"538\" height=\"350\" src=\"https:\/\/www.imm.az\/exp\/wp-content\/uploads\/2026\/01\/21.jpg\" class=\"attachment-620x350 size-620x350\" alt=\"\" \/><\/a><\/div><div class=\"carousel-item item\"><a href='https:\/\/www.imm.az\/exp\/2026\/01\/27\/amea-r%c9%99yas%c9%99t-hey%c9%99tinin-novb%c9%99ti-iclasi-kecirilib-15\/12-13\/'><img loading=\"lazy\" decoding=\"async\" width=\"538\" height=\"350\" src=\"https:\/\/www.imm.az\/exp\/wp-content\/uploads\/2026\/01\/12-1.jpg\" class=\"attachment-620x350 size-620x350\" alt=\"\" \/><\/a><\/div><div class=\"carousel-item item\"><a href='https:\/\/www.imm.az\/exp\/2026\/01\/27\/amea-r%c9%99yas%c9%99t-hey%c9%99tinin-novb%c9%99ti-iclasi-kecirilib-15\/attachment\/24\/'><img loading=\"lazy\" decoding=\"async\" width=\"538\" height=\"350\" src=\"https:\/\/www.imm.az\/exp\/wp-content\/uploads\/2026\/01\/24.jpg\" class=\"attachment-620x350 size-620x350\" alt=\"\" \/><\/a><\/div><div class=\"carousel-item item\"><a href='https:\/\/www.imm.az\/exp\/2026\/01\/27\/amea-r%c9%99yas%c9%99t-hey%c9%99tinin-novb%c9%99ti-iclasi-kecirilib-15\/attachment\/25\/'><img loading=\"lazy\" decoding=\"async\" width=\"538\" height=\"350\" src=\"https:\/\/www.imm.az\/exp\/wp-content\/uploads\/2026\/01\/25.jpg\" class=\"attachment-620x350 size-620x350\" alt=\"\" \/><\/a><\/div><div class=\"carousel-item item\"><a href='https:\/\/www.imm.az\/exp\/2026\/01\/27\/amea-r%c9%99yas%c9%99t-hey%c9%99tinin-novb%c9%99ti-iclasi-kecirilib-15\/26-2\/'><img loading=\"lazy\" decoding=\"async\" width=\"538\" height=\"350\" src=\"https:\/\/www.imm.az\/exp\/wp-content\/uploads\/2026\/01\/26.jpg\" class=\"attachment-620x350 size-620x350\" alt=\"\" \/><\/a><\/div><div class=\"carousel-item item\"><a href='https:\/\/www.imm.az\/exp\/2026\/01\/27\/amea-r%c9%99yas%c9%99t-hey%c9%99tinin-novb%c9%99ti-iclasi-kecirilib-15\/attachment\/23\/'><img loading=\"lazy\" decoding=\"async\" width=\"538\" height=\"350\" src=\"https:\/\/www.imm.az\/exp\/wp-content\/uploads\/2026\/01\/23.jpg\" class=\"attachment-620x350 size-620x350\" alt=\"\" \/><\/a><\/div><div class=\"carousel-item item\"><a href='https:\/\/www.imm.az\/exp\/2026\/01\/27\/amea-r%c9%99yas%c9%99t-hey%c9%99tinin-novb%c9%99ti-iclasi-kecirilib-15\/22-5\/'><img loading=\"lazy\" decoding=\"async\" width=\"538\" height=\"350\" src=\"https:\/\/www.imm.az\/exp\/wp-content\/uploads\/2026\/01\/22.jpg\" class=\"attachment-620x350 size-620x350\" alt=\"\" \/><\/a><\/div><\/div>\n<a class=\"carousel-control-prev\" href=\"#carousel-1\" role=\"button\" data-slide=\"prev\">\n    <span class=\"carousel-control-prev-icon\" aria-hidden=\"true\"><\/span>\n    <span class=\"sr-only\">Previous<\/span>\n  <\/a>\n\n      <a class=\"carousel-control-next\" href=\"#carousel-1\" role=\"button\" data-slide=\"next\">\n    <span class=\"carousel-control-next-icon\" aria-hidden=\"true\"><\/span>\n    <span class=\"sr-only\">Next<\/span>\n  <\/a>\n    \n    <\/div><\/div>\n<p><strong>\u00a0<a href=\"https:\/\/science.gov.az\/az\/news\/open\/34757\">science.gov.az<\/a><\/strong><\/p>\n","protected":false},"excerpt":{"rendered":"<p>Az\u0259rbaycan Milli Elml\u0259r Akademiyas\u0131n\u0131n R\u0259yas\u0259t Hey\u0259tinin n\u00f6vb\u0259ti iclas\u0131 ke\u00e7irilib. T\u0259dbird\u0259 AMEA-n\u0131n prezidenti, akademik \u0130sa H\u0259bibb\u0259yli, Elm v\u0259 Ali T\u0259hsil \u00fczr\u0259 D\u00f6vl\u0259t Agentliyinin direktor m\u00fcavini, Sumqay\u0131t D\u00f6vl\u0259t Universitetinin rektoru v\u0259zif\u0259sini icra ed\u0259n AMEA-n\u0131n m\u00fcxbir \u00fczv\u00fc \u018fmina\u011fa Sad\u0131qov, R\u0259yas\u0259t Hey\u0259tinin \u00fczvl\u0259ri, R\u0259yas\u0259t Hey\u0259ti aparat\u0131n\u0131n \u015f\u00f6b\u0259 m\u00fcdirl\u0259ri, Fizika-Riyaziyyat v\u0259 Texnika Elml\u0259ri B\u00f6lm\u0259sinin (FRTEB) \u00fczvl\u0259ri, b\u00f6lm\u0259nin elmi m\u00fc\u0259ssis\u0259l\u0259rinin direktorlar\u0131, [&hellip;]<\/p>\n","protected":false},"author":6,"featured_media":219382,"comment_status":"open","ping_status":"open","sticky":false,"template":"","format":"standard","meta":{"footnotes":""},"categories":[77],"tags":[],"_links":{"self":[{"href":"https:\/\/www.imm.az\/exp\/wp-json\/wp\/v2\/posts\/219380"}],"collection":[{"href":"https:\/\/www.imm.az\/exp\/wp-json\/wp\/v2\/posts"}],"about":[{"href":"https:\/\/www.imm.az\/exp\/wp-json\/wp\/v2\/types\/post"}],"author":[{"embeddable":true,"href":"https:\/\/www.imm.az\/exp\/wp-json\/wp\/v2\/users\/6"}],"replies":[{"embeddable":true,"href":"https:\/\/www.imm.az\/exp\/wp-json\/wp\/v2\/comments?post=219380"}],"version-history":[{"count":2,"href":"https:\/\/www.imm.az\/exp\/wp-json\/wp\/v2\/posts\/219380\/revisions"}],"predecessor-version":[{"id":219390,"href":"https:\/\/www.imm.az\/exp\/wp-json\/wp\/v2\/posts\/219380\/revisions\/219390"}],"wp:featuredmedia":[{"embeddable":true,"href":"https:\/\/www.imm.az\/exp\/wp-json\/wp\/v2\/media\/219382"}],"wp:attachment":[{"href":"https:\/\/www.imm.az\/exp\/wp-json\/wp\/v2\/media?parent=219380"}],"wp:term":[{"taxonomy":"category","embeddable":true,"href":"https:\/\/www.imm.az\/exp\/wp-json\/wp\/v2\/categories?post=219380"},{"taxonomy":"post_tag","embeddable":true,"href":"https:\/\/www.imm.az\/exp\/wp-json\/wp\/v2\/tags?post=219380"}],"curies":[{"name":"wp","href":"https:\/\/api.w.org\/{rel}","templated":true}]}}