{"id":219391,"date":"2026-01-27T12:32:43","date_gmt":"2026-01-27T08:32:43","guid":{"rendered":"https:\/\/www.imm.az\/exp\/?p=219391"},"modified":"2026-01-27T12:32:44","modified_gmt":"2026-01-27T08:32:44","slug":"az%c9%99rbaycan-v%c9%99-ozb%c9%99kistan-arasinda-birg%c9%99-elm-musabiq%c9%99si-elan-edilir","status":"publish","type":"post","link":"https:\/\/www.imm.az\/exp\/2026\/01\/27\/az%c9%99rbaycan-v%c9%99-ozb%c9%99kistan-arasinda-birg%c9%99-elm-musabiq%c9%99si-elan-edilir\/","title":{"rendered":"Az\u0259rbaycan v\u0259 \u00d6zb\u0259kistan aras\u0131nda birg\u0259 elm m\u00fcsabiq\u0259si elan edilir"},"content":{"rendered":"<p>Az\u0259rbaycan Respublikas\u0131n\u0131n Elm v\u0259 T\u0259hsil Nazirliyi yan\u0131nda Elm v\u0259 Ali T\u0259hsil \u00fczr\u0259 D\u00f6vl\u0259t Agentliyi il\u0259 \u00d6zb\u0259kistan Respublikas\u0131n\u0131n Ali T\u0259hsil, Elm v\u0259 \u0130nnovasiyalar Nazirliyinin tabeliyind\u0259 f\u0259aliyy\u0259t g\u00f6st\u0259r\u0259n \u0130nnovativ \u0130nki\u015faf Agentliyi aras\u0131nda elmi \u0259m\u0259kda\u015fl\u0131q \u00e7\u0259r\u00e7iv\u0259sind\u0259 Az\u0259rbaycan v\u0259 \u00d6zb\u0259kistan aliml\u0259ri \u00fc\u00e7\u00fcn birg\u0259 elm m\u00fcsabiq\u0259si elan edilib.<\/p>\n<p>M\u00fcsabiq\u0259 \u00e7\u0259r\u00e7iv\u0259sind\u0259 a\u015fa\u011f\u0131dak\u0131 elmi istiqam\u0259tl\u0259r \u00fczr\u0259 birg\u0259 elmi layih\u0259l\u0259rin q\u0259bulu h\u0259yata ke\u00e7iril\u0259c\u0259k:<\/p>\n<ul>\n<li>\u2060 \u2060energetika, neft-kimya v\u0259 material\u015f\u00fcnasl\u0131q;<\/li>\n<li>\u2060 \u2060k\u0259nd t\u0259s\u0259rr\u00fcfat\u0131 v\u0259 biotexnologiya;<\/li>\n<li>\u2060 \u2060informasiya texnologiyalar\u0131, s\u00fcni intellekt v\u0259 r\u0259q\u0259msal transformasiya;<\/li>\n<li>\u2060 \u2060ekologiya v\u0259 \u0259traf m\u00fchitin m\u00fchafiz\u0259si, iqlim d\u0259yi\u015fikliyi v\u0259 su ehtiyatlar\u0131n\u0131n idar\u0259 olunmas\u0131;<\/li>\n<li>\u2060 \u2060memarl\u0131q, tikinti, dizayn v\u0259 \u015f\u0259h\u0259rsalma elml\u0259ri;<\/li>\n<li>\u2060 \u2060farmakologiya v\u0259 \u0259cza\u00e7\u0131l\u0131q elml\u0259ri.<\/li>\n<\/ul>\n<p>M\u00fcsabiq\u0259d\u0259 i\u015ftirak etm\u0259k ist\u0259y\u0259n aliml\u0259r layih\u0259nin icras\u0131 m\u0259qs\u0259dil\u0259 qar\u015f\u0131 \u00f6lk\u0259d\u0259n t\u0259r\u0259fda\u015f m\u00fc\u0259yy\u0259n etm\u0259li v\u0259 h\u0259r iki \u00f6lk\u0259nin m\u00fcsabiq\u0259 \u015f\u0259rtl\u0259rin\u0259 uy\u011fun olaraq eyni m\u00f6vzu \u00fczr\u0259 birg\u0259 elmi layih\u0259 t\u0259qdim etm\u0259lidirl\u0259r. M\u00fcsabiq\u0259nin b\u00fct\u00fcn m\u0259rh\u0259l\u0259l\u0259rind\u0259 yaln\u0131z h\u0259r iki t\u0259r\u0259fin m\u00fcsb\u0259t r\u0259yini alm\u0131\u015f layih\u0259l\u0259r n\u00f6vb\u0259ti m\u0259rh\u0259l\u0259y\u0259 burax\u0131lacaq.<\/p>\n<p>Az\u0259rbaycan t\u0259r\u0259fi \u00fczr\u0259 elmi layih\u0259l\u0259rin q\u0259bulu 15 mart 2026-c\u0131 il tarixin\u0259d\u0259k apar\u0131lacaq. Layih\u0259l\u0259r m\u00fcvafiq forma doldurulmaqla <a href=\"mailto:science@eatda.edu.az\">science@eatda.edu.az<\/a> elektron po\u00e7t \u00fcnvan\u0131na g\u00f6nd\u0259rilm\u0259lidir.<\/p>\n<p>M\u00fcsabiq\u0259 il\u0259 ba\u011fl\u0131 \u0259trafl\u0131 m\u0259lumat\u0131 m\u00fcvafiq ke\u00e7id vasit\u0259sil\u0259 \u0259ld\u0259 ed\u0259 bil\u0259rsiniz. <a href=\"https:\/\/docs.google.com\/...\/1Hq...\/edit...\">https:\/\/docs.google.com\/&#8230;\/1Hq&#8230;\/edit&#8230;<\/a><\/p>\n<p><a href=\"https:\/\/www.facebook.com\/story.php?story_fbid=122225446004111686&amp;id=61553350596173&amp;rdid=AUo2MVC6i2UMdU1e\">eatda.edu.az<\/a><\/p>\n","protected":false},"excerpt":{"rendered":"<p>Az\u0259rbaycan Respublikas\u0131n\u0131n Elm v\u0259 T\u0259hsil Nazirliyi yan\u0131nda Elm v\u0259 Ali T\u0259hsil \u00fczr\u0259 D\u00f6vl\u0259t Agentliyi il\u0259 \u00d6zb\u0259kistan Respublikas\u0131n\u0131n Ali T\u0259hsil, Elm v\u0259 \u0130nnovasiyalar Nazirliyinin tabeliyind\u0259 f\u0259aliyy\u0259t g\u00f6st\u0259r\u0259n \u0130nnovativ \u0130nki\u015faf Agentliyi aras\u0131nda elmi \u0259m\u0259kda\u015fl\u0131q \u00e7\u0259r\u00e7iv\u0259sind\u0259 Az\u0259rbaycan v\u0259 \u00d6zb\u0259kistan aliml\u0259ri \u00fc\u00e7\u00fcn birg\u0259 elm m\u00fcsabiq\u0259si elan edilib. M\u00fcsabiq\u0259 \u00e7\u0259r\u00e7iv\u0259sind\u0259 a\u015fa\u011f\u0131dak\u0131 elmi istiqam\u0259tl\u0259r \u00fczr\u0259 birg\u0259 elmi layih\u0259l\u0259rin q\u0259bulu h\u0259yata ke\u00e7iril\u0259c\u0259k: [&hellip;]<\/p>\n","protected":false},"author":6,"featured_media":219392,"comment_status":"open","ping_status":"open","sticky":false,"template":"","format":"standard","meta":{"footnotes":""},"categories":[77],"tags":[],"_links":{"self":[{"href":"https:\/\/www.imm.az\/exp\/wp-json\/wp\/v2\/posts\/219391"}],"collection":[{"href":"https:\/\/www.imm.az\/exp\/wp-json\/wp\/v2\/posts"}],"about":[{"href":"https:\/\/www.imm.az\/exp\/wp-json\/wp\/v2\/types\/post"}],"author":[{"embeddable":true,"href":"https:\/\/www.imm.az\/exp\/wp-json\/wp\/v2\/users\/6"}],"replies":[{"embeddable":true,"href":"https:\/\/www.imm.az\/exp\/wp-json\/wp\/v2\/comments?post=219391"}],"version-history":[{"count":2,"href":"https:\/\/www.imm.az\/exp\/wp-json\/wp\/v2\/posts\/219391\/revisions"}],"predecessor-version":[{"id":219394,"href":"https:\/\/www.imm.az\/exp\/wp-json\/wp\/v2\/posts\/219391\/revisions\/219394"}],"wp:featuredmedia":[{"embeddable":true,"href":"https:\/\/www.imm.az\/exp\/wp-json\/wp\/v2\/media\/219392"}],"wp:attachment":[{"href":"https:\/\/www.imm.az\/exp\/wp-json\/wp\/v2\/media?parent=219391"}],"wp:term":[{"taxonomy":"category","embeddable":true,"href":"https:\/\/www.imm.az\/exp\/wp-json\/wp\/v2\/categories?post=219391"},{"taxonomy":"post_tag","embeddable":true,"href":"https:\/\/www.imm.az\/exp\/wp-json\/wp\/v2\/tags?post=219391"}],"curies":[{"name":"wp","href":"https:\/\/api.w.org\/{rel}","templated":true}]}}