{"id":219556,"date":"2026-02-12T09:04:00","date_gmt":"2026-02-12T05:04:00","guid":{"rendered":"https:\/\/www.imm.az\/exp\/?p=219556"},"modified":"2026-02-12T16:07:41","modified_gmt":"2026-02-12T12:07:41","slug":"t%c9%99hsild%c9%99-menecment-v%c9%99-yeni-t%c9%99lim-texnologiyalari-elmi-konfransina-tezis-q%c9%99buluna-baslanilir","status":"publish","type":"post","link":"https:\/\/www.imm.az\/exp\/2026\/02\/12\/t%c9%99hsild%c9%99-menecment-v%c9%99-yeni-t%c9%99lim-texnologiyalari-elmi-konfransina-tezis-q%c9%99buluna-baslanilir\/","title":{"rendered":"\u201cT\u0259hsild\u0259 menecment v\u0259 yeni t\u0259lim texnologiyalar\u0131\u201d elmi konfrans\u0131na tezis q\u0259buluna ba\u015flan\u0131l\u0131r"},"content":{"rendered":"<p>Aprelin 7-8-d\u0259 Az\u0259rbaycan D\u00f6vl\u0259t Pedaqoji Universitetind\u0259 (ADPU) \u201cT\u0259hsild\u0259 menecment v\u0259 yeni t\u0259lim texnologiyalar\u0131\u201d magistrantlar\u0131n IX Respublika elmi konfrans\u0131 ke\u00e7iril\u0259c\u0259k.<\/p>\n<p>ADPU-dan AZ\u018fRTAC-a bildirilib ki, konfrans\u0131n elmi b\u00f6lm\u0259l\u0259ri t\u0259hsild\u0259 strateji idar\u0259etm\u0259, innovasiyalar v\u0259 t\u0259hsilin keyfiyy\u0259ti, t\u0259drisin m\u00fcasir probleml\u0259ri v\u0259 t\u0259hsild\u0259 sosial-psixoloji xidm\u0259t istiqam\u0259tl\u0259rini \u0259hat\u0259 edir.<\/p>\n<p>Tezisl\u0259rin m\u0259tni konfrans\u0131n m\u00fcvafiq b\u00f6lm\u0259sinin m\u00f6vzusuna uy\u011fun olmal\u0131d\u0131r.<\/p>\n<p>M\u00fcraci\u0259tl\u0259r mart\u0131n 16-d\u0259k q\u0259bul edilir.<\/p>\n<p>\u018flaq\u0259 \u00fc\u00e7\u00fcn\u00a0magistratura.doktorantura@adpu.edu.az\u00a0\u00fcnvan\u0131na yazmaq olar.<\/p>\n<p><a href=\"https:\/\/azertag.az\/xeber\/tehsilde_menecment_ve_yeni_telim_texnologiyalari_elmi_konfransina_tezis_qebuluna_baslanilir-4014955\">azertag.az<\/a><\/p>\n","protected":false},"excerpt":{"rendered":"<p>Aprelin 7-8-d\u0259 Az\u0259rbaycan D\u00f6vl\u0259t Pedaqoji Universitetind\u0259 (ADPU) \u201cT\u0259hsild\u0259 menecment v\u0259 yeni t\u0259lim texnologiyalar\u0131\u201d magistrantlar\u0131n IX Respublika elmi konfrans\u0131 ke\u00e7iril\u0259c\u0259k. ADPU-dan AZ\u018fRTAC-a bildirilib ki, konfrans\u0131n elmi b\u00f6lm\u0259l\u0259ri t\u0259hsild\u0259 strateji idar\u0259etm\u0259, innovasiyalar v\u0259 t\u0259hsilin keyfiyy\u0259ti, t\u0259drisin m\u00fcasir probleml\u0259ri v\u0259 t\u0259hsild\u0259 sosial-psixoloji xidm\u0259t istiqam\u0259tl\u0259rini \u0259hat\u0259 edir. Tezisl\u0259rin m\u0259tni konfrans\u0131n m\u00fcvafiq b\u00f6lm\u0259sinin m\u00f6vzusuna uy\u011fun olmal\u0131d\u0131r. M\u00fcraci\u0259tl\u0259r mart\u0131n 16-d\u0259k q\u0259bul [&hellip;]<\/p>\n","protected":false},"author":6,"featured_media":219557,"comment_status":"open","ping_status":"open","sticky":false,"template":"","format":"standard","meta":{"footnotes":""},"categories":[77],"tags":[],"_links":{"self":[{"href":"https:\/\/www.imm.az\/exp\/wp-json\/wp\/v2\/posts\/219556"}],"collection":[{"href":"https:\/\/www.imm.az\/exp\/wp-json\/wp\/v2\/posts"}],"about":[{"href":"https:\/\/www.imm.az\/exp\/wp-json\/wp\/v2\/types\/post"}],"author":[{"embeddable":true,"href":"https:\/\/www.imm.az\/exp\/wp-json\/wp\/v2\/users\/6"}],"replies":[{"embeddable":true,"href":"https:\/\/www.imm.az\/exp\/wp-json\/wp\/v2\/comments?post=219556"}],"version-history":[{"count":2,"href":"https:\/\/www.imm.az\/exp\/wp-json\/wp\/v2\/posts\/219556\/revisions"}],"predecessor-version":[{"id":219559,"href":"https:\/\/www.imm.az\/exp\/wp-json\/wp\/v2\/posts\/219556\/revisions\/219559"}],"wp:featuredmedia":[{"embeddable":true,"href":"https:\/\/www.imm.az\/exp\/wp-json\/wp\/v2\/media\/219557"}],"wp:attachment":[{"href":"https:\/\/www.imm.az\/exp\/wp-json\/wp\/v2\/media?parent=219556"}],"wp:term":[{"taxonomy":"category","embeddable":true,"href":"https:\/\/www.imm.az\/exp\/wp-json\/wp\/v2\/categories?post=219556"},{"taxonomy":"post_tag","embeddable":true,"href":"https:\/\/www.imm.az\/exp\/wp-json\/wp\/v2\/tags?post=219556"}],"curies":[{"name":"wp","href":"https:\/\/api.w.org\/{rel}","templated":true}]}}