{"id":219560,"date":"2026-02-12T12:10:00","date_gmt":"2026-02-12T08:10:00","guid":{"rendered":"https:\/\/www.imm.az\/exp\/?p=219560"},"modified":"2026-02-12T16:12:00","modified_gmt":"2026-02-12T12:12:00","slug":"az%c9%99rbaycanin-suni-intellektl%c9%99-bagli-r%c9%99qab%c9%99tli-ustunlukl%c9%99ri-aciqlanib","status":"publish","type":"post","link":"https:\/\/www.imm.az\/exp\/2026\/02\/12\/az%c9%99rbaycanin-suni-intellektl%c9%99-bagli-r%c9%99qab%c9%99tli-ustunlukl%c9%99ri-aciqlanib\/","title":{"rendered":"Az\u0259rbaycan\u0131n s\u00fcni intellektl\u0259 ba\u011fl\u0131 r\u0259qab\u0259tli \u00fcst\u00fcnl\u00fckl\u0259ri a\u00e7\u0131qlan\u0131b"},"content":{"rendered":"<p>Az\u0259rbaycan\u0131n s\u00fcni intellektl\u0259 ba\u011fl\u0131 r\u0259qab\u0259tli \u00fcst\u00fcnl\u00fckl\u0259ri var.<\/p>\n<p>&#8220;Report&#8221; x\u0259b\u0259r verir ki, bunu r\u0259q\u0259msal inki\u015faf v\u0259 n\u0259qliyyat naziri R\u0259\u015fad N\u0259biyev Prezident \u0130lham \u018fliyevin s\u0259drliyi il\u0259 bu g\u00fcn ke\u00e7irilmi\u015f &#8220;Az\u0259rbaycan\u0131n yeni r\u0259q\u0259msal arxitekturas\u0131&#8221; adl\u0131 vahid f\u0259aliyy\u0259t plan\u0131na h\u0259sr olunmu\u015f m\u00fc\u015favir\u0259d\u0259 bildirib.<\/p>\n<p>&#8220;Onlar hans\u0131lard\u0131r? Birincisi, ilk n\u00f6vb\u0259d\u0259, makroiqtisadi v\u0259 siyasi sabitlik. Bu, data m\u0259rk\u0259zl\u0259rinin in\u015fas\u0131 \u00fc\u00e7\u00fcn apar\u0131c\u0131 m\u0259qamlardan biridir. Dig\u0259r m\u0259qam art\u0131q Sizin bu sah\u0259y\u0259 x\u00fcsusi diqq\u0259tiniz n\u0259tic\u0259sind\u0259 yarad\u0131lm\u0131\u015f enerji potensial\u0131m\u0131zd\u0131r ki, bu g\u00fcn s\u00fcni intellektin inki\u015faf\u0131 birba\u015fa enerjinin olub-olmamas\u0131 il\u0259 \u0259laq\u0259lidir. Bizim daha bir \u00fcst\u00fcnl\u00fcy\u00fcm\u00fcz Sizin xarici siyas\u0259tiniz n\u0259tic\u0259sind\u0259 h\u0259m region d\u00f6vl\u0259tl\u0259ri, h\u0259m d\u00fcnyan\u0131n bu sah\u0259d\u0259 apar\u0131c\u0131 d\u00f6vl\u0259tl\u0259ri il\u0259 siyasi m\u00fcnasib\u0259tl\u0259rimizin \u0259n yax\u015f\u0131, \u0259n y\u00fcks\u0259k s\u0259viyy\u0259d\u0259 olmas\u0131d\u0131r v\u0259 bunun bariz n\u00fcmun\u0259si qeyd etdiyiniz kimi, Amerika Birl\u0259\u015fmi\u015f \u015etatlar\u0131n\u0131n \u015firk\u0259tl\u0259rinin \u00f6lk\u0259miz\u0259 maraq g\u00f6st\u0259rm\u0259si v\u0259 bizim \u0130srail d\u00f6vl\u0259ti il\u0259 bu yax\u0131nlarda imzalad\u0131\u011f\u0131m\u0131z Anla\u015fma Memorandumudur ki, art\u0131q bu s\u0259n\u0259dd\u0259n ir\u0259li g\u0259l\u0259r\u0259k biz m\u00fcqavil\u0259 \u00fcz\u0259rind\u0259 i\u015fl\u0259m\u0259y\u0259 ba\u015flam\u0131\u015f\u0131q&#8221;, &#8211; dey\u0259 o qeyd edib.<\/p>\n<p>Nazirin s\u00f6zl\u0259rin\u0259 g\u00f6r\u0259, dig\u0259r m\u0259qam q\u0259rarverm\u0259d\u0259 d\u00f6vl\u0259timizin \u00e7evik olmas\u0131d\u0131r: &#8220;Bizim Amerikaya s\u0259f\u0259rimizd\u0259 t\u0259maslar\u0131m\u0131z zaman\u0131 g\u0259ldiyimiz q\u0259na\u0259t ondan ibar\u0259tdir ki, orada h\u0259r hans\u0131 bir data m\u0259rk\u0259zinin in\u015fas\u0131 t\u0259xmin\u0259n iki, \u00fc\u00e7 il aras\u0131nda \u00e7\u0259kir. Amma d\u00f6vl\u0259timizd\u0259 olan \u00e7eviklik biz\u0259 imkan ver\u0259c\u0259k ki, \u00e7ox q\u0131sa bir m\u00fcdd\u0259td\u0259 bu data m\u0259rk\u0259zl\u0259rini in\u015fa ed\u0259k. Bu da data m\u0259rk\u0259zl\u0259rinin in\u015fas\u0131 \u00fc\u00e7\u00fcn apar\u0131c\u0131 amill\u0259rd\u0259n biridir v\u0259 b\u00fct\u00fcn bunlar\u0131n ham\u0131s\u0131 il\u0259 b\u0259rab\u0259r \u0259n ba\u015fl\u0131ca amil datan\u0131n m\u00f6vcudlu\u011fudur. Bu datan\u0131n m\u00f6vcudlu\u011fu bizim r\u0259q\u0259msalla\u015fman\u0131 v\u0259 r\u0259q\u0259msal transformasiyan\u0131 n\u0259 q\u0259d\u0259r tez ke\u00e7m\u0259yimizd\u0259n bilavasit\u0259 as\u0131l\u0131 olacaq. Bununla ba\u011fl\u0131 art\u0131q diqq\u0259tiniz v\u0259 q\u0259rar\u0131n\u0131z var. M\u0259n \u0259min\u0259m ki, biz bu prosesi d\u0259 kifay\u0259t q\u0259d\u0259r q\u0131sa m\u00fcdd\u0259td\u0259 ke\u00e7\u0259 bil\u0259c\u0259yik. Burada art\u0131q onlar bizd\u0259n daha n\u0259l\u0259ri g\u00f6zl\u0259yirl\u0259r sual\u0131n\u0131n cavab\u0131 bizim qanunvericilik bazam\u0131z\u0131n m\u00fcasir \u00e7a\u011f\u0131r\u0131\u015flara uy\u011funla\u015fd\u0131r\u0131lmas\u0131d\u0131r. Bu x\u00fcsusda m\u0259n x\u00fcsusil\u0259 &#8220;Sandbox&#8221; rejimini qeyd etm\u0259k ist\u0259rdim. Bu n\u0259dir? H\u0259r hans\u0131 bir sah\u0259d\u0259, tutaq ki, s\u0259hiyy\u0259, t\u0259hsil v\u0259 yaxud da &#8220;fintex&#8221;, maliyy\u0259 sah\u0259l\u0259rind\u0259 biz d\u00f6vl\u0259tin t\u0259nziml\u0259nm\u0259si il\u0259 ki\u00e7ik hallar \u00fcz\u0259rind\u0259n bu v\u0259 ya dig\u0259r h\u0259ll\u0259rin, y\u0259ni apar\u0131c\u0131 d\u00f6vl\u0259tl\u0259rin h\u0259ll\u0259rinin test edilm\u0259si, sonradan ya \u00f6lk\u0259mizd\u0259 ya da d\u00fcnyan\u0131n dig\u0259r \u00f6lk\u0259l\u0259rind\u0259 bunun miqyaslanmas\u0131 anlam\u0131na g\u0259lir. B\u00fct\u00fcn d\u00fcnya d\u00f6vl\u0259tl\u0259ri bundan istifad\u0259 edirl\u0259r. Bu da \u00f6z \u0259ksini f\u0259aliyy\u0259t plan\u0131nda tap\u0131b&#8221;.<\/p>\n<p>&#8220;Burada da \u00e7a\u011f\u0131r\u0131\u015flar t\u0259xmin\u0259n bizim r\u0259q\u0259msal transformasiyada olan \u00e7a\u011f\u0131r\u0131\u015flarla eynidir. \u0130nsan kapital\u0131. \u0130nsan kapital\u0131na g\u0259ldikd\u0259, bizim miqrasiya qanunvericiliyimizin yum\u015fald\u0131lmas\u0131 v\u0259 orada h\u0259m &#8220;freelancer&#8221;l\u0259rin v\u0259 eyni zamanda, r\u0259q\u0259msal s\u0259yyahlar\u0131n statusunun tan\u0131nmas\u0131 \u00e7ox \u00f6n\u0259mlidir. Dig\u0259r m\u0259s\u0259l\u0259l\u0259rin \u00fcz\u0259rind\u0259 dayan\u0131b vaxt\u0131n\u0131z\u0131 almaq ist\u0259mir\u0259m. Onlar t\u0259xmin\u0259n yen\u0259 infrastrukturla ba\u011fl\u0131 m\u0259s\u0259l\u0259l\u0259rdir. Yen\u0259 q\u0259rarverm\u0259 il\u0259 ba\u011fl\u0131 m\u0259s\u0259l\u0259l\u0259rdir ki, art\u0131q verdiyiniz tap\u015f\u0131r\u0131\u011fa uy\u011fun olaraq, \u0259min\u0259m ki, biz bu prosesi d\u0259 kifay\u0259t q\u0259d\u0259r s\u0259m\u0259r\u0259li ke\u00e7\u0259c\u0259yik&#8221;, &#8211; dey\u0259 R.N\u0259biyev vur\u011fulay\u0131b.<\/p>\n<p><strong> <a href=\"https:\/\/report.az\/ikt\/azerbaycanin-suni-intellektle-bagli-reqabetli-ustunlukleri-aciqlanib\">report.az<\/a><\/strong><\/p>\n","protected":false},"excerpt":{"rendered":"<p>Az\u0259rbaycan\u0131n s\u00fcni intellektl\u0259 ba\u011fl\u0131 r\u0259qab\u0259tli \u00fcst\u00fcnl\u00fckl\u0259ri var. &#8220;Report&#8221; x\u0259b\u0259r verir ki, bunu r\u0259q\u0259msal inki\u015faf v\u0259 n\u0259qliyyat naziri R\u0259\u015fad N\u0259biyev Prezident \u0130lham \u018fliyevin s\u0259drliyi il\u0259 bu g\u00fcn ke\u00e7irilmi\u015f &#8220;Az\u0259rbaycan\u0131n yeni r\u0259q\u0259msal arxitekturas\u0131&#8221; adl\u0131 vahid f\u0259aliyy\u0259t plan\u0131na h\u0259sr olunmu\u015f m\u00fc\u015favir\u0259d\u0259 bildirib. &#8220;Onlar hans\u0131lard\u0131r? Birincisi, ilk n\u00f6vb\u0259d\u0259, makroiqtisadi v\u0259 siyasi sabitlik. Bu, data m\u0259rk\u0259zl\u0259rinin in\u015fas\u0131 \u00fc\u00e7\u00fcn apar\u0131c\u0131 m\u0259qamlardan [&hellip;]<\/p>\n","protected":false},"author":6,"featured_media":219561,"comment_status":"open","ping_status":"open","sticky":false,"template":"","format":"standard","meta":{"footnotes":""},"categories":[77],"tags":[],"_links":{"self":[{"href":"https:\/\/www.imm.az\/exp\/wp-json\/wp\/v2\/posts\/219560"}],"collection":[{"href":"https:\/\/www.imm.az\/exp\/wp-json\/wp\/v2\/posts"}],"about":[{"href":"https:\/\/www.imm.az\/exp\/wp-json\/wp\/v2\/types\/post"}],"author":[{"embeddable":true,"href":"https:\/\/www.imm.az\/exp\/wp-json\/wp\/v2\/users\/6"}],"replies":[{"embeddable":true,"href":"https:\/\/www.imm.az\/exp\/wp-json\/wp\/v2\/comments?post=219560"}],"version-history":[{"count":2,"href":"https:\/\/www.imm.az\/exp\/wp-json\/wp\/v2\/posts\/219560\/revisions"}],"predecessor-version":[{"id":219563,"href":"https:\/\/www.imm.az\/exp\/wp-json\/wp\/v2\/posts\/219560\/revisions\/219563"}],"wp:featuredmedia":[{"embeddable":true,"href":"https:\/\/www.imm.az\/exp\/wp-json\/wp\/v2\/media\/219561"}],"wp:attachment":[{"href":"https:\/\/www.imm.az\/exp\/wp-json\/wp\/v2\/media?parent=219560"}],"wp:term":[{"taxonomy":"category","embeddable":true,"href":"https:\/\/www.imm.az\/exp\/wp-json\/wp\/v2\/categories?post=219560"},{"taxonomy":"post_tag","embeddable":true,"href":"https:\/\/www.imm.az\/exp\/wp-json\/wp\/v2\/tags?post=219560"}],"curies":[{"name":"wp","href":"https:\/\/api.w.org\/{rel}","templated":true}]}}