{"id":219568,"date":"2026-02-12T15:00:00","date_gmt":"2026-02-12T11:00:00","guid":{"rendered":"https:\/\/www.imm.az\/exp\/?p=219568"},"modified":"2026-02-12T16:27:15","modified_gmt":"2026-02-12T12:27:15","slug":"prezident-ilham-eliyev-kibert%c9%99hluk%c9%99sizlik-uzr%c9%99-%c9%99sas-h%c9%99d%c9%99fl%c9%99r-mu%c9%99yy%c9%99n-edilm%c9%99lidir","status":"publish","type":"post","link":"https:\/\/www.imm.az\/exp\/2026\/02\/12\/prezident-ilham-eliyev-kibert%c9%99hluk%c9%99sizlik-uzr%c9%99-%c9%99sas-h%c9%99d%c9%99fl%c9%99r-mu%c9%99yy%c9%99n-edilm%c9%99lidir\/","title":{"rendered":"Prezident \u0130lham \u018fliyev: Kibert\u0259hl\u00fck\u0259sizlik \u00fczr\u0259 \u0259sas h\u0259d\u0259fl\u0259r m\u00fc\u0259yy\u0259n edilm\u0259lidir"},"content":{"rendered":"<p style=\"margin-top: 0cm; text-align: justify; background: white;\"><span style=\"font-size: 14.0pt;\">Kibert\u0259hl\u00fck\u0259sizlik \u00fczr\u0259 \u0259sas h\u0259d\u0259fl\u0259r m\u00fc\u0259yy\u0259n edilm\u0259lidir.<\/span><\/p>\n<p style=\"margin-top: 0cm; text-align: start; background: white; box-sizing: border-box; overflow-wrap: break-word; margin-bottom: 1rem; font-variant-ligatures: normal; font-variant-caps: normal; orphans: 2; widows: 2; -webkit-text-stroke-width: 0px; text-decoration-thickness: initial; text-decoration-style: initial; text-decoration-color: initial; word-spacing: 0px;\"><span style=\"font-size: 14.0pt;\">\u201cAz\u0259rbaycan m\u00fc\u0259llimi\u201d x\u0259b\u0259r verir ki, bunu Az\u0259rbaycan Respublikas\u0131n\u0131n Prezidenti \u0130lham \u018fliyev \u201cAz\u0259rbaycan\u0131n yeni r\u0259q\u0259msal arxitekturas\u0131\u201d adl\u0131 vahid f\u0259aliyy\u0259t plan\u0131na h\u0259sr olunmu\u015f m\u00fc\u015favir\u0259d\u0259 deyib.<\/span><\/p>\n<p style=\"margin-top: 0cm; text-align: start; background: white; box-sizing: border-box; overflow-wrap: break-word; margin-bottom: 1rem; font-variant-ligatures: normal; font-variant-caps: normal; orphans: 2; widows: 2; -webkit-text-stroke-width: 0px; text-decoration-thickness: initial; text-decoration-style: initial; text-decoration-color: initial; word-spacing: 0px;\"><span style=\"font-size: 14.0pt;\">Prezident qeyd edib ki, bu sah\u0259 d\u0259 kritik sah\u0259l\u0259rd\u0259n biridir:<\/span><\/p>\n<p style=\"margin-top: 0cm; text-align: start; background: white; box-sizing: border-box; overflow-wrap: break-word; margin-bottom: 1rem; font-variant-ligatures: normal; font-variant-caps: normal; orphans: 2; widows: 2; -webkit-text-stroke-width: 0px; text-decoration-thickness: initial; text-decoration-style: initial; text-decoration-color: initial; word-spacing: 0px;\"><span style=\"font-size: 14.0pt;\">\u201cBiz ke\u00e7\u0259n il \u00e7ox m\u00fct\u0259\u015f\u0259kkil v\u0259 aqressiv kiberh\u00fccuma m\u0259ruz qalm\u0131\u015f\u0131q. Biz onun m\u0259nb\u0259yini d\u0259 bilirik v\u0259 laz\u0131mi t\u0259dbirl\u0259r d\u0259 g\u00f6r\u00fclm\u00fc\u015fd\u00fcr ki, \u00f6z\u00fcm\u00fcz\u00fc bu ciddi probleml\u0259rd\u0259n qoruya bil\u0259k. Ona g\u00f6r\u0259 bu sah\u0259y\u0259 ciddi diqq\u0259t g\u00f6st\u0259rilm\u0259lidir. Bizd\u0259 art\u0131q f\u0259aliyy\u0259t g\u00f6st\u0259r\u0259n Kibert\u0259hl\u00fck\u0259sizlik M\u0259rk\u0259zi var, onun i\u015fi daim diqq\u0259t m\u0259rk\u0259zind\u0259 olmal\u0131d\u0131r\u201d.<\/span><\/p>\n<p><a href=\"https:\/\/muallim.edu.az\/prezident-ilham-eliyev-kibertehlukesizlik-uzre-esas-hedefler-mueyyen-edilmelidir\">muallim.edu.az<\/a><\/p>\n","protected":false},"excerpt":{"rendered":"<p>Kibert\u0259hl\u00fck\u0259sizlik \u00fczr\u0259 \u0259sas h\u0259d\u0259fl\u0259r m\u00fc\u0259yy\u0259n edilm\u0259lidir. \u201cAz\u0259rbaycan m\u00fc\u0259llimi\u201d x\u0259b\u0259r verir ki, bunu Az\u0259rbaycan Respublikas\u0131n\u0131n Prezidenti \u0130lham \u018fliyev \u201cAz\u0259rbaycan\u0131n yeni r\u0259q\u0259msal arxitekturas\u0131\u201d adl\u0131 vahid f\u0259aliyy\u0259t plan\u0131na h\u0259sr olunmu\u015f m\u00fc\u015favir\u0259d\u0259 deyib. Prezident qeyd edib ki, bu sah\u0259 d\u0259 kritik sah\u0259l\u0259rd\u0259n biridir: \u201cBiz ke\u00e7\u0259n il \u00e7ox m\u00fct\u0259\u015f\u0259kkil v\u0259 aqressiv kiberh\u00fccuma m\u0259ruz qalm\u0131\u015f\u0131q. Biz onun m\u0259nb\u0259yini d\u0259 bilirik v\u0259 [&hellip;]<\/p>\n","protected":false},"author":6,"featured_media":219569,"comment_status":"open","ping_status":"open","sticky":false,"template":"","format":"standard","meta":{"footnotes":""},"categories":[77],"tags":[],"_links":{"self":[{"href":"https:\/\/www.imm.az\/exp\/wp-json\/wp\/v2\/posts\/219568"}],"collection":[{"href":"https:\/\/www.imm.az\/exp\/wp-json\/wp\/v2\/posts"}],"about":[{"href":"https:\/\/www.imm.az\/exp\/wp-json\/wp\/v2\/types\/post"}],"author":[{"embeddable":true,"href":"https:\/\/www.imm.az\/exp\/wp-json\/wp\/v2\/users\/6"}],"replies":[{"embeddable":true,"href":"https:\/\/www.imm.az\/exp\/wp-json\/wp\/v2\/comments?post=219568"}],"version-history":[{"count":2,"href":"https:\/\/www.imm.az\/exp\/wp-json\/wp\/v2\/posts\/219568\/revisions"}],"predecessor-version":[{"id":219571,"href":"https:\/\/www.imm.az\/exp\/wp-json\/wp\/v2\/posts\/219568\/revisions\/219571"}],"wp:featuredmedia":[{"embeddable":true,"href":"https:\/\/www.imm.az\/exp\/wp-json\/wp\/v2\/media\/219569"}],"wp:attachment":[{"href":"https:\/\/www.imm.az\/exp\/wp-json\/wp\/v2\/media?parent=219568"}],"wp:term":[{"taxonomy":"category","embeddable":true,"href":"https:\/\/www.imm.az\/exp\/wp-json\/wp\/v2\/categories?post=219568"},{"taxonomy":"post_tag","embeddable":true,"href":"https:\/\/www.imm.az\/exp\/wp-json\/wp\/v2\/tags?post=219568"}],"curies":[{"name":"wp","href":"https:\/\/api.w.org\/{rel}","templated":true}]}}