{"id":219572,"date":"2026-02-13T12:06:12","date_gmt":"2026-02-13T08:06:12","guid":{"rendered":"https:\/\/www.imm.az\/exp\/?p=219572"},"modified":"2026-02-13T12:43:06","modified_gmt":"2026-02-13T08:43:06","slug":"az%c9%99rbaycan-respublikasinin-xarici-isl%c9%99r-nazirliyi-v%c9%99-elm-v%c9%99-t%c9%99hsil-nazirliyi-2026-2027-ci-t%c9%99dris-ili-uzr%c9%99-heyd%c9%99r-eliyev-adina-beyn%c9%99lxalq-t%c9%99hsil-qran","status":"publish","type":"post","link":"https:\/\/www.imm.az\/exp\/2026\/02\/13\/az%c9%99rbaycan-respublikasinin-xarici-isl%c9%99r-nazirliyi-v%c9%99-elm-v%c9%99-t%c9%99hsil-nazirliyi-2026-2027-ci-t%c9%99dris-ili-uzr%c9%99-heyd%c9%99r-eliyev-adina-beyn%c9%99lxalq-t%c9%99hsil-qran\/","title":{"rendered":"Az\u0259rbaycan Respublikas\u0131n\u0131n Xarici \u0130\u015fl\u0259r Nazirliyi v\u0259 Elm v\u0259 T\u0259hsil Nazirliyi 2026-2027-ci t\u0259dris ili \u00fczr\u0259 &#8220;Heyd\u0259r \u018fliyev ad\u0131na Beyn\u0259lxalq T\u0259hsil Qrant\u0131&#8221; \u00fczr\u0259 m\u00fcraci\u0259tl\u0259rin q\u0259buluna start verib."},"content":{"rendered":"\n<p>&#8220;Az\u0259rbaycan m\u00fc\u0259llimi&#8221; x\u0259b\u0259r verir ki, m\u00fcraci\u0259tl\u0259rin son tarixi 15 aprel 2026-c\u0131 ildir.<\/p>\n\n\n\n<p>Qeyd ed\u0259k ki, n\u00fcfuzlu t\u0259qa\u00fcd proqram\u0131 xarici t\u0259l\u0259b\u0259l\u0259r\u0259 Az\u0259rbaycan\u0131n apar\u0131c\u0131 ali t\u0259hsil m\u00fc\u0259ssis\u0259l\u0259rind\u0259 t\u0259hsil almaq imkan\u0131 yarad\u0131r.<\/p>\n\n\n\n<p>Namiz\u0259dl\u0259r \u0259riz\u0259l\u0259rini \u00f6z \u00f6lk\u0259l\u0259rind\u0259ki m\u00fcvafiq d\u00f6vl\u0259t qurumlar\u0131 (nazirlikl\u0259r, s\u0259firlikl\u0259r v\u0259 s.) vasit\u0259sil\u0259 t\u0259qdim etm\u0259lidirl\u0259r.<\/p>\n\n\n\n<p>Proqram bar\u0259d\u0259 \u0259trafl\u0131 m\u0259lumat\u0131 a\u015fa\u011f\u0131dak\u0131 ke\u00e7idd\u0259n \u0259ld\u0259 etm\u0259k m\u00fcmk\u00fcnd\u00fcr:\u00a0<a href=\"https:\/\/lnkd.in\/dcfw9xUb\">https:\/\/lnkd.in\/dcfw9xUb<\/a><\/p>\n\n\n\n<p><a href=\"https:\/\/muallim.edu.az\/heyder-eliyev-adina-beynelxalq-tehsil-qrantinaqeydiyyat-basladi\">muallim.edu.az<\/a><\/p>\n","protected":false},"excerpt":{"rendered":"<p>&#8220;Az\u0259rbaycan m\u00fc\u0259llimi&#8221; x\u0259b\u0259r verir ki, m\u00fcraci\u0259tl\u0259rin son tarixi 15 aprel 2026-c\u0131 ildir. Qeyd ed\u0259k ki, n\u00fcfuzlu t\u0259qa\u00fcd proqram\u0131 xarici t\u0259l\u0259b\u0259l\u0259r\u0259 Az\u0259rbaycan\u0131n apar\u0131c\u0131 ali t\u0259hsil m\u00fc\u0259ssis\u0259l\u0259rind\u0259 t\u0259hsil almaq imkan\u0131 yarad\u0131r. Namiz\u0259dl\u0259r \u0259riz\u0259l\u0259rini \u00f6z \u00f6lk\u0259l\u0259rind\u0259ki m\u00fcvafiq d\u00f6vl\u0259t qurumlar\u0131 (nazirlikl\u0259r, s\u0259firlikl\u0259r v\u0259 s.) vasit\u0259sil\u0259 t\u0259qdim etm\u0259lidirl\u0259r. Proqram bar\u0259d\u0259 \u0259trafl\u0131 m\u0259lumat\u0131 a\u015fa\u011f\u0131dak\u0131 ke\u00e7idd\u0259n \u0259ld\u0259 etm\u0259k m\u00fcmk\u00fcnd\u00fcr:\u00a0https:\/\/lnkd.in\/dcfw9xUb muallim.edu.az<\/p>\n","protected":false},"author":6,"featured_media":219573,"comment_status":"open","ping_status":"open","sticky":false,"template":"","format":"standard","meta":{"footnotes":""},"categories":[77],"tags":[],"_links":{"self":[{"href":"https:\/\/www.imm.az\/exp\/wp-json\/wp\/v2\/posts\/219572"}],"collection":[{"href":"https:\/\/www.imm.az\/exp\/wp-json\/wp\/v2\/posts"}],"about":[{"href":"https:\/\/www.imm.az\/exp\/wp-json\/wp\/v2\/types\/post"}],"author":[{"embeddable":true,"href":"https:\/\/www.imm.az\/exp\/wp-json\/wp\/v2\/users\/6"}],"replies":[{"embeddable":true,"href":"https:\/\/www.imm.az\/exp\/wp-json\/wp\/v2\/comments?post=219572"}],"version-history":[{"count":2,"href":"https:\/\/www.imm.az\/exp\/wp-json\/wp\/v2\/posts\/219572\/revisions"}],"predecessor-version":[{"id":219593,"href":"https:\/\/www.imm.az\/exp\/wp-json\/wp\/v2\/posts\/219572\/revisions\/219593"}],"wp:featuredmedia":[{"embeddable":true,"href":"https:\/\/www.imm.az\/exp\/wp-json\/wp\/v2\/media\/219573"}],"wp:attachment":[{"href":"https:\/\/www.imm.az\/exp\/wp-json\/wp\/v2\/media?parent=219572"}],"wp:term":[{"taxonomy":"category","embeddable":true,"href":"https:\/\/www.imm.az\/exp\/wp-json\/wp\/v2\/categories?post=219572"},{"taxonomy":"post_tag","embeddable":true,"href":"https:\/\/www.imm.az\/exp\/wp-json\/wp\/v2\/tags?post=219572"}],"curies":[{"name":"wp","href":"https:\/\/api.w.org\/{rel}","templated":true}]}}