{"id":219576,"date":"2026-02-13T12:10:36","date_gmt":"2026-02-13T08:10:36","guid":{"rendered":"https:\/\/www.imm.az\/exp\/?p=219576"},"modified":"2026-02-13T12:10:38","modified_gmt":"2026-02-13T08:10:38","slug":"elm-q%c9%99zetinin-novb%c9%99ti-sayi-isiq-uzu-gorub-61","status":"publish","type":"post","link":"https:\/\/www.imm.az\/exp\/2026\/02\/13\/elm-q%c9%99zetinin-novb%c9%99ti-sayi-isiq-uzu-gorub-61\/","title":{"rendered":"\u201cElm\u201d q\u0259zetinin n\u00f6vb\u0259ti say\u0131 i\u015f\u0131q \u00fcz\u00fc g\u00f6r\u00fcb"},"content":{"rendered":"<p>AMEA-n\u0131n R\u0259yas\u0259t Hey\u0259tinin h\u0259ft\u0259lik m\u0259tbu orqan\u0131 olan\u00a0<strong><a href=\"https:\/\/science.gov.az\/uploads\/pdf\/5598_1770967989.pdf\">\u201cElm\u201d<\/a><\/strong>\u00a0q\u0259zetinin fevral ay\u0131nda n\u00f6vb\u0259ti n\u00f6mr\u0259si \u00e7apdan \u00e7\u0131x\u0131b.<\/p>\n<p>Bu say\u0131n \u00f6n s\u0259hif\u0259sind\u0259 \u201cPrezident \u0130lham \u018fliyevin s\u0259drliyi il\u0259 \u201cAz\u0259rbaycan\u0131n yeni r\u0259q\u0259msal arxitekturas\u0131\u201d adl\u0131 vahid f\u0259aliyy\u0259t plan\u0131na h\u0259sr olunmu\u015f m\u00fc\u015favir\u0259 ke\u00e7irilib\u201d ba\u015fl\u0131ql\u0131 icmal\u00a0\u00a0yer al\u0131r.<\/p>\n<p>Bug\u00fcnk\u00fc burax\u0131l\u0131\u015f\u0131n ilk s\u0259hif\u0259l\u0259rind\u0259 Qad\u0131nlar v\u0259 Q\u0131zlar Elmd\u0259 Beyn\u0259lxalq G\u00fcn\u00fcn\u0259 h\u0259sr olunan konfrans, \u201cT\u00fcrk xalqlar\u0131n\u0131n inteqrasiyas\u0131nda Birinci T\u00fcrkoloji Qurultay\u0131n rolu\u201d m\u00f6vzusunda respublika elmi konfrans\u0131 v\u0259 \u201cKorporativ elektron kitabxana sisteml\u0259rinin n\u0259z\u0259ri \u0259saslar\u0131\u201d adl\u0131 yeni kitab\u0131n t\u0259qdimat m\u0259rasimi bar\u0259d\u0259 informasiyalar d\u0259rc edilib.<\/p>\n<p>\u201cElm\u201d q\u0259zetinin bu n\u00f6mr\u0259sind\u0259, \u201cR\u0259q\u0259msal Novruz tonqal\u0131\u201dn\u0131n yarad\u0131lmas\u0131n\u0131n konseptual v\u0259 texnoloji \u0259saslar\u0131n\u0131n m\u00fczakir\u0259si, \u201cNax\u00e7\u0131van Muxtar Respublikas\u0131n\u0131n yarad\u0131lmas\u0131n\u0131n 102-ci ild\u00f6n\u00fcm\u00fc m\u00fcnasib\u0259til\u0259 \u201cTarix v\u0259 m\u00fcasirlik\u201d m\u00f6vzusunda ke\u00e7iril\u0259n elmi konfrans\u201dla ba\u011fl\u0131 yaz\u0131lar v\u0259 \u201cXocal\u0131da arxeoloji t\u0259dqiqatlar\u0131n yeni \u00fcnvan\u0131: Xocal\u0131 tarixi-arxeoloji kompleksi\u201d ba\u015fl\u0131ql\u0131 m\u0259qal\u0259 yer al\u0131r.<\/p>\n<p>Bu sayda \u201cTarixin qayna\u011f\u0131 ger\u00e7\u0259kl\u0259r, m\u0259ram\u0131 ke\u00e7mi\u015f\u0259 i\u015f\u0131q salmaqd\u0131r\u201d, \u201cBiologiya elmin\u0259 h\u0259sr olunan \u015f\u0259r\u0259fli \u00f6m\u00fcr\u201d, \u201cQobustan\u0131n d\u00fcnya \u015f\u00f6hr\u0259tli t\u0259dqiqat\u00e7\u0131s\u0131\u201d, \u201c\u018fsli v\u0259 K\u0259r\u0259m\u201d dastan\u0131nda Qara Ke\u015fi\u015f: tarixi reall\u0131qlar prizmas\u0131nda ruhani statusu v\u0259 etnik m\u0259nsubiyy\u0259ti\u201d s\u0259rl\u00f6vh\u0259li m\u0259qal\u0259l\u0259r v\u0259 Az\u0259rbaycan dilinin milli kimlik, d\u00f6vl\u0259t\u00e7ilik v\u0259 m\u0259n\u0259vi irs bax\u0131m\u0131ndan \u0259h\u0259miyy\u0259tini vur\u011fulayan m\u00fc\u0259llif m\u0259qal\u0259l\u0259ri, h\u0259m\u00e7inin dig\u0259r x\u0259b\u0259rl\u0259r i\u015f\u0131qland\u0131r\u0131l\u0131b.<\/p>\n<p>Q\u0259zetin rus v\u0259 ingilis dili b\u00f6lm\u0259l\u0259rind\u0259 &#8220;\u041c\u0435\u043d\u044c\u0448\u0435 \u043d\u043e\u0432\u044b\u0445 \u0440\u0438\u0441\u043a\u043e\u0432 \u2014 \u0431\u043e\u043b\u044c\u0448\u0435 \u043d\u043e\u0432\u044b\u0445 \u0442\u0435\u0445\u043d\u043e\u043b\u043e\u0433\u0438\u0439&#8221; adl\u0131 m\u0259qal\u0259, Akademiyada \u00f6t\u0259n h\u0259ft\u0259 ke\u00e7iril\u0259n m\u00fch\u00fcm t\u0259dbirl\u0259ri \u0259ks etdir\u0259n icmal v\u0259 x\u0259b\u0259rl\u0259r d\u0259rc edilib.<\/p>\n<p><a href=\"https:\/\/science.gov.az\/az\/news\/open\/34945\">science.gov.az<\/a><\/p>\n","protected":false},"excerpt":{"rendered":"<p>AMEA-n\u0131n R\u0259yas\u0259t Hey\u0259tinin h\u0259ft\u0259lik m\u0259tbu orqan\u0131 olan\u00a0\u201cElm\u201d\u00a0q\u0259zetinin fevral ay\u0131nda n\u00f6vb\u0259ti n\u00f6mr\u0259si \u00e7apdan \u00e7\u0131x\u0131b. Bu say\u0131n \u00f6n s\u0259hif\u0259sind\u0259 \u201cPrezident \u0130lham \u018fliyevin s\u0259drliyi il\u0259 \u201cAz\u0259rbaycan\u0131n yeni r\u0259q\u0259msal arxitekturas\u0131\u201d adl\u0131 vahid f\u0259aliyy\u0259t plan\u0131na h\u0259sr olunmu\u015f m\u00fc\u015favir\u0259 ke\u00e7irilib\u201d ba\u015fl\u0131ql\u0131 icmal\u00a0\u00a0yer al\u0131r. Bug\u00fcnk\u00fc burax\u0131l\u0131\u015f\u0131n ilk s\u0259hif\u0259l\u0259rind\u0259 Qad\u0131nlar v\u0259 Q\u0131zlar Elmd\u0259 Beyn\u0259lxalq G\u00fcn\u00fcn\u0259 h\u0259sr olunan konfrans, \u201cT\u00fcrk xalqlar\u0131n\u0131n inteqrasiyas\u0131nda Birinci T\u00fcrkoloji [&hellip;]<\/p>\n","protected":false},"author":6,"featured_media":219577,"comment_status":"open","ping_status":"open","sticky":false,"template":"","format":"standard","meta":{"footnotes":""},"categories":[77],"tags":[],"_links":{"self":[{"href":"https:\/\/www.imm.az\/exp\/wp-json\/wp\/v2\/posts\/219576"}],"collection":[{"href":"https:\/\/www.imm.az\/exp\/wp-json\/wp\/v2\/posts"}],"about":[{"href":"https:\/\/www.imm.az\/exp\/wp-json\/wp\/v2\/types\/post"}],"author":[{"embeddable":true,"href":"https:\/\/www.imm.az\/exp\/wp-json\/wp\/v2\/users\/6"}],"replies":[{"embeddable":true,"href":"https:\/\/www.imm.az\/exp\/wp-json\/wp\/v2\/comments?post=219576"}],"version-history":[{"count":2,"href":"https:\/\/www.imm.az\/exp\/wp-json\/wp\/v2\/posts\/219576\/revisions"}],"predecessor-version":[{"id":219579,"href":"https:\/\/www.imm.az\/exp\/wp-json\/wp\/v2\/posts\/219576\/revisions\/219579"}],"wp:featuredmedia":[{"embeddable":true,"href":"https:\/\/www.imm.az\/exp\/wp-json\/wp\/v2\/media\/219577"}],"wp:attachment":[{"href":"https:\/\/www.imm.az\/exp\/wp-json\/wp\/v2\/media?parent=219576"}],"wp:term":[{"taxonomy":"category","embeddable":true,"href":"https:\/\/www.imm.az\/exp\/wp-json\/wp\/v2\/categories?post=219576"},{"taxonomy":"post_tag","embeddable":true,"href":"https:\/\/www.imm.az\/exp\/wp-json\/wp\/v2\/tags?post=219576"}],"curies":[{"name":"wp","href":"https:\/\/api.w.org\/{rel}","templated":true}]}}