{"id":219580,"date":"2026-02-13T12:16:43","date_gmt":"2026-02-13T08:16:43","guid":{"rendered":"https:\/\/www.imm.az\/exp\/?p=219580"},"modified":"2026-02-13T12:16:44","modified_gmt":"2026-02-13T08:16:44","slug":"az%c9%99rbaycan-v%c9%99-cin-birg%c9%99-universitetin-yaradilmasi-imkanini-muzakir%c9%99-edib","status":"publish","type":"post","link":"https:\/\/www.imm.az\/exp\/2026\/02\/13\/az%c9%99rbaycan-v%c9%99-cin-birg%c9%99-universitetin-yaradilmasi-imkanini-muzakir%c9%99-edib\/","title":{"rendered":"Az\u0259rbaycan v\u0259 \u00c7in birg\u0259 universitetin yarad\u0131lmas\u0131 imkan\u0131n\u0131 m\u00fczakir\u0259 edib"},"content":{"rendered":"<p>Elm v\u0259 t\u0259hsil nazirinin m\u00fcavini H\u0259s\u0259n H\u0259s\u0259nlinin r\u0259hb\u0259rlik etdiyi n\u00fcmay\u0259nd\u0259 hey\u0259tinin \u00c7in Xalq Respublikas\u0131na s\u0259f\u0259ri \u00e7\u0259r\u00e7iv\u0259sind\u0259 s\u00f6z\u00fcged\u0259n \u00f6lk\u0259nin t\u0259hsil nazirinin m\u00fcavini Ren Youqun il\u0259 g\u00f6r\u00fc\u015f\u00fc ba\u015f tutub.<\/p>\n<p>&#8220;Az\u0259rbaycan m\u00fc\u0259llimi&#8221; x\u0259b\u0259r verir ki, g\u00f6r\u00fc\u015f zaman\u0131 t\u0259r\u0259fl\u0259r s\u00fcni intellekt, \u00fcmumi t\u0259hsil sah\u0259sind\u0259 n\u0259z\u0259rd\u0259 tutulan yeni t\u0259\u015f\u0259bb\u00fcsl\u0259r, o c\u00fcml\u0259d\u0259n ali t\u0259hsil sah\u0259sind\u0259 birg\u0259 universitetin yarad\u0131lmas\u0131 imkan\u0131 da daxil olmaqla, bir s\u0131ra \u0259m\u0259kda\u015fl\u0131q istiqam\u0259tl\u0259ri \u00fcz\u0259rind\u0259 \u0259trafl\u0131 fikir m\u00fcbadil\u0259si apar\u0131b.<\/p>\n<p><a href=\"https:\/\/muallim.edu.az\/azerbaycan-ve-cin-birge-universitetin-yaradilmasi-imkanini-muzakire-edib\">muallim.edu.az<\/a><\/p>\n","protected":false},"excerpt":{"rendered":"<p>Elm v\u0259 t\u0259hsil nazirinin m\u00fcavini H\u0259s\u0259n H\u0259s\u0259nlinin r\u0259hb\u0259rlik etdiyi n\u00fcmay\u0259nd\u0259 hey\u0259tinin \u00c7in Xalq Respublikas\u0131na s\u0259f\u0259ri \u00e7\u0259r\u00e7iv\u0259sind\u0259 s\u00f6z\u00fcged\u0259n \u00f6lk\u0259nin t\u0259hsil nazirinin m\u00fcavini Ren Youqun il\u0259 g\u00f6r\u00fc\u015f\u00fc ba\u015f tutub. &#8220;Az\u0259rbaycan m\u00fc\u0259llimi&#8221; x\u0259b\u0259r verir ki, g\u00f6r\u00fc\u015f zaman\u0131 t\u0259r\u0259fl\u0259r s\u00fcni intellekt, \u00fcmumi t\u0259hsil sah\u0259sind\u0259 n\u0259z\u0259rd\u0259 tutulan yeni t\u0259\u015f\u0259bb\u00fcsl\u0259r, o c\u00fcml\u0259d\u0259n ali t\u0259hsil sah\u0259sind\u0259 birg\u0259 universitetin yarad\u0131lmas\u0131 imkan\u0131 da daxil [&hellip;]<\/p>\n","protected":false},"author":6,"featured_media":219581,"comment_status":"open","ping_status":"open","sticky":false,"template":"","format":"standard","meta":{"footnotes":""},"categories":[77],"tags":[],"_links":{"self":[{"href":"https:\/\/www.imm.az\/exp\/wp-json\/wp\/v2\/posts\/219580"}],"collection":[{"href":"https:\/\/www.imm.az\/exp\/wp-json\/wp\/v2\/posts"}],"about":[{"href":"https:\/\/www.imm.az\/exp\/wp-json\/wp\/v2\/types\/post"}],"author":[{"embeddable":true,"href":"https:\/\/www.imm.az\/exp\/wp-json\/wp\/v2\/users\/6"}],"replies":[{"embeddable":true,"href":"https:\/\/www.imm.az\/exp\/wp-json\/wp\/v2\/comments?post=219580"}],"version-history":[{"count":2,"href":"https:\/\/www.imm.az\/exp\/wp-json\/wp\/v2\/posts\/219580\/revisions"}],"predecessor-version":[{"id":219583,"href":"https:\/\/www.imm.az\/exp\/wp-json\/wp\/v2\/posts\/219580\/revisions\/219583"}],"wp:featuredmedia":[{"embeddable":true,"href":"https:\/\/www.imm.az\/exp\/wp-json\/wp\/v2\/media\/219581"}],"wp:attachment":[{"href":"https:\/\/www.imm.az\/exp\/wp-json\/wp\/v2\/media?parent=219580"}],"wp:term":[{"taxonomy":"category","embeddable":true,"href":"https:\/\/www.imm.az\/exp\/wp-json\/wp\/v2\/categories?post=219580"},{"taxonomy":"post_tag","embeddable":true,"href":"https:\/\/www.imm.az\/exp\/wp-json\/wp\/v2\/tags?post=219580"}],"curies":[{"name":"wp","href":"https:\/\/api.w.org\/{rel}","templated":true}]}}