{"id":219588,"date":"2026-02-13T12:27:49","date_gmt":"2026-02-13T08:27:49","guid":{"rendered":"https:\/\/www.imm.az\/exp\/?p=219588"},"modified":"2026-02-13T12:28:16","modified_gmt":"2026-02-13T08:28:16","slug":"emin-emrullayev-yuks%c9%99lis-musabiq%c9%99sinin-qalibl%c9%99ri-il%c9%99-gorusub","status":"publish","type":"post","link":"https:\/\/www.imm.az\/exp\/2026\/02\/13\/emin-emrullayev-yuks%c9%99lis-musabiq%c9%99sinin-qalibl%c9%99ri-il%c9%99-gorusub\/","title":{"rendered":"Emin \u018fmrullayev \u201cY\u00fcks\u0259li\u015f\u201d m\u00fcsabiq\u0259sinin qalibl\u0259ri il\u0259 g\u00f6r\u00fc\u015f\u00fcb"},"content":{"rendered":"<p>Elm v\u0259 t\u0259hsil naziri Emin \u018fmrullayev d\u00f6rd\u00fcnc\u00fc \u201cY\u00fcks\u0259li\u015f\u201d m\u00fcsabiq\u0259sinin qalibl\u0259ri Orxan \u0130sg\u0259nd\u0259rov v\u0259 \u0130nsaf\u0259li S\u0259m\u0259dovla n\u00f6vb\u0259ti d\u0259f\u0259 g\u00f6r\u00fc\u015f\u00fcb.<\/p>\n<p>&#8220;Az\u0259rbaycan m\u00fc\u0259llimi&#8221; x\u0259b\u0259r verir ki, g\u00f6r\u00fc\u015f zaman\u0131 qalibl\u0259rin pe\u015f\u0259kar inki\u015faf perspektivl\u0259ri, d\u00f6vl\u0259t idar\u0259\u00e7iliyind\u0259 v\u0259 t\u0259hsil sah\u0259sind\u0259 kadr potensial\u0131n\u0131n g\u00fccl\u0259ndirilm\u0259si istiqam\u0259tind\u0259 g\u00f6r\u00fcl\u0259n i\u015fl\u0259r m\u00fczakir\u0259 olunub..<\/p>\n<p>Nazir \u00e7\u0131x\u0131\u015f\u0131nda g\u0259nc v\u0259 perspektivli pe\u015f\u0259karlar\u0131n \u00f6lk\u0259nin inki\u015faf\u0131nda m\u00fch\u00fcm rol oynad\u0131\u011f\u0131n\u0131 vur\u011fulay\u0131b. Nazir bildirib ki, m\u00fcasir d\u00f6vrd\u0259 t\u0259\u015f\u0259bb\u00fcskar, innovativ d\u00fc\u015f\u00fcnc\u0259y\u0259 malik v\u0259 y\u00fcks\u0259k m\u0259suliyy\u0259t hissi da\u015f\u0131yan kadrlar\u0131n formala\u015fd\u0131r\u0131lmas\u0131 strateji prioritetdir.<\/p>\n<p>Qalibl\u0259r mentorluq proqram\u0131 \u00e7\u0259r\u00e7iv\u0259sind\u0259 qazand\u0131qlar\u0131 t\u0259cr\u00fcb\u0259, \u0259ld\u0259 etdikl\u0259ri bilik v\u0259 bacar\u0131qlar bar\u0259d\u0259 fikirl\u0259rini b\u00f6l\u00fc\u015f\u00fcbl\u0259r.<\/p>\n<p>G\u00f6r\u00fc\u015fd\u0259 qar\u015f\u0131l\u0131ql\u0131 fikir m\u00fcbadil\u0259si apar\u0131l\u0131b, i\u015ftirak\u00e7\u0131lar\u0131 maraqland\u0131ran suallar cavabland\u0131r\u0131l\u0131b..<\/p>\n<p>Qeyd ed\u0259k ki, \u201cY\u00fcks\u0259li\u015f\u201d m\u00fcsabiq\u0259si Az\u0259rbaycan Respublikas\u0131n\u0131n Prezidenti c\u0259nab \u0130lham \u018fliyevin 26 iyul 2019-cu il tarixind\u0259 imzalad\u0131\u011f\u0131 S\u0259r\u0259ncamla t\u0259sis olunub. M\u00fcsabiq\u0259 qalibl\u0259ri mentorlar t\u0259r\u0259find\u0259n birillik f\u0259rdi inki\u015faf plan\u0131 v\u0259 \u00f6z\u00fcn\u00fcinki\u015faf \u00fc\u00e7\u00fcn 20 min manat m\u0259bl\u0259\u011find\u0259 pul m\u00fckafat\u0131 \u0259ld\u0259 edirl\u0259r.<\/p>\n<p><a href=\"https:\/\/muallim.edu.az\/emin-emrullayev-yukselis-musabiqesinin-qalibleri-ile-gorusub\">muallim.edu.az<\/a><\/p>\n","protected":false},"excerpt":{"rendered":"<p>Elm v\u0259 t\u0259hsil naziri Emin \u018fmrullayev d\u00f6rd\u00fcnc\u00fc \u201cY\u00fcks\u0259li\u015f\u201d m\u00fcsabiq\u0259sinin qalibl\u0259ri Orxan \u0130sg\u0259nd\u0259rov v\u0259 \u0130nsaf\u0259li S\u0259m\u0259dovla n\u00f6vb\u0259ti d\u0259f\u0259 g\u00f6r\u00fc\u015f\u00fcb. &#8220;Az\u0259rbaycan m\u00fc\u0259llimi&#8221; x\u0259b\u0259r verir ki, g\u00f6r\u00fc\u015f zaman\u0131 qalibl\u0259rin pe\u015f\u0259kar inki\u015faf perspektivl\u0259ri, d\u00f6vl\u0259t idar\u0259\u00e7iliyind\u0259 v\u0259 t\u0259hsil sah\u0259sind\u0259 kadr potensial\u0131n\u0131n g\u00fccl\u0259ndirilm\u0259si istiqam\u0259tind\u0259 g\u00f6r\u00fcl\u0259n i\u015fl\u0259r m\u00fczakir\u0259 olunub.. Nazir \u00e7\u0131x\u0131\u015f\u0131nda g\u0259nc v\u0259 perspektivli pe\u015f\u0259karlar\u0131n \u00f6lk\u0259nin inki\u015faf\u0131nda m\u00fch\u00fcm rol oynad\u0131\u011f\u0131n\u0131 vur\u011fulay\u0131b. Nazir [&hellip;]<\/p>\n","protected":false},"author":6,"featured_media":219589,"comment_status":"open","ping_status":"open","sticky":false,"template":"","format":"standard","meta":{"footnotes":""},"categories":[77],"tags":[],"_links":{"self":[{"href":"https:\/\/www.imm.az\/exp\/wp-json\/wp\/v2\/posts\/219588"}],"collection":[{"href":"https:\/\/www.imm.az\/exp\/wp-json\/wp\/v2\/posts"}],"about":[{"href":"https:\/\/www.imm.az\/exp\/wp-json\/wp\/v2\/types\/post"}],"author":[{"embeddable":true,"href":"https:\/\/www.imm.az\/exp\/wp-json\/wp\/v2\/users\/6"}],"replies":[{"embeddable":true,"href":"https:\/\/www.imm.az\/exp\/wp-json\/wp\/v2\/comments?post=219588"}],"version-history":[{"count":3,"href":"https:\/\/www.imm.az\/exp\/wp-json\/wp\/v2\/posts\/219588\/revisions"}],"predecessor-version":[{"id":219592,"href":"https:\/\/www.imm.az\/exp\/wp-json\/wp\/v2\/posts\/219588\/revisions\/219592"}],"wp:featuredmedia":[{"embeddable":true,"href":"https:\/\/www.imm.az\/exp\/wp-json\/wp\/v2\/media\/219589"}],"wp:attachment":[{"href":"https:\/\/www.imm.az\/exp\/wp-json\/wp\/v2\/media?parent=219588"}],"wp:term":[{"taxonomy":"category","embeddable":true,"href":"https:\/\/www.imm.az\/exp\/wp-json\/wp\/v2\/categories?post=219588"},{"taxonomy":"post_tag","embeddable":true,"href":"https:\/\/www.imm.az\/exp\/wp-json\/wp\/v2\/tags?post=219588"}],"curies":[{"name":"wp","href":"https:\/\/api.w.org\/{rel}","templated":true}]}}