{"id":219606,"date":"2026-02-16T13:05:40","date_gmt":"2026-02-16T09:05:40","guid":{"rendered":"https:\/\/www.imm.az\/exp\/?p=219606"},"modified":"2026-02-16T13:05:41","modified_gmt":"2026-02-16T09:05:41","slug":"az%c9%99rbaycanda-proqram-t%c9%99minati-uzr%c9%99-muh%c9%99ndisl%c9%99r-hazirlanacaq","status":"publish","type":"post","link":"https:\/\/www.imm.az\/exp\/2026\/02\/16\/az%c9%99rbaycanda-proqram-t%c9%99minati-uzr%c9%99-muh%c9%99ndisl%c9%99r-hazirlanacaq\/","title":{"rendered":"Az\u0259rbaycanda proqram t\u0259minat\u0131 \u00fczr\u0259 m\u00fch\u0259ndisl\u0259r haz\u0131rlanacaq"},"content":{"rendered":"<p>2026-2027-ci t\u0259dris ilind\u0259n etibar\u0259n t\u0259snifata yeni \u0259lav\u0259 edilmi\u015f \u201cProqram t\u0259minat\u0131 m\u00fch\u0259ndisliyi\u201d ixtisas\u0131 \u00fczr\u0259 kadr haz\u0131rl\u0131\u011f\u0131 h\u0259yata ke\u00e7iril\u0259c\u0259kdir.<\/p>\n<p>Elm v\u0259 T\u0259hsil Nazirliyind\u0259n \u201cAz\u0259rbaycan m\u00fc\u0259llimi\u201dn\u0259 veril\u0259n m\u0259lumata g\u00f6r\u0259, 2025-2026-c\u0131 t\u0259dris ilind\u0259 IT ixtisaslar\u0131 (Komp\u00fcter elml\u0259ri, \u0130nformasiya texnologiyalar\u0131, \u0130nformasiya t\u0259hl\u00fck\u0259sizliyi, Komp\u00fcter m\u00fch\u0259ndisliyi, Data analitikas\u0131) \u00fczr\u0259 ali t\u0259hsilin bakalavriat s\u0259viyy\u0259sind\u0259 \u00fcmumilikd\u0259 5500-d\u0259n art\u0131q, magistratura s\u0259viyy\u0259sind\u0259 is\u0259 1700-\u0259 yax\u0131n q\u0259bul yerinin ayr\u0131lmas\u0131 planla\u015fd\u0131r\u0131lm\u0131\u015fd\u0131r.<\/p>\n<p>M\u0259lumatda h\u0259m\u00e7inin bildirilir ki, g\u0259l\u0259c\u0259k perspektivd\u0259 s\u00fcni intellekt v\u0259 \u0259laq\u0259li sah\u0259l\u0259r \u00fczr\u0259 yeni ixtisaslar\u0131n yarad\u0131lmas\u0131, m\u00f6vcud t\u0259hsil proqramlar\u0131n\u0131n beyn\u0259lxalq t\u0259cr\u00fcb\u0259y\u0259 uy\u011fun olaraq yenil\u0259nm\u0259si v\u0259 multidissiplinar yana\u015fman\u0131n t\u0259tbiqi n\u0259z\u0259rd\u0259 tutulur. Bu istiqam\u0259td\u0259 \u0259m\u0259k bazar\u0131n\u0131n t\u0259l\u0259bl\u0259ri, texnoloji inki\u015faf trendl\u0259ri v\u0259 strateji prioritetl\u0259r n\u0259z\u0259r\u0259 al\u0131nmaqla m\u00fcvafiq planla\u015fd\u0131rma i\u015fl\u0259ri davam etdirilir. Haz\u0131rda Elm v\u0259 T\u0259hsil Nazirliyinin aidiyy\u0259ti qurumlar\u0131 t\u0259r\u0259find\u0259n \u201cS\u00fcni intellekt\u201d h\u0259ll\u0259rinin t\u0259tbiqi istiqam\u0259tind\u0259 ilkin haz\u0131rl\u0131q v\u0259 n\u00f6vb\u0259ti d\u00f6vr \u00fc\u00e7\u00fcn t\u0259hlil v\u0259 planla\u015fd\u0131rma i\u015fl\u0259ri apar\u0131lmaqdad\u0131r.<\/p>\n<p><a href=\"https:\/\/muallim.edu.az\/azerbaycanda-proqram-teminati-uzre-muhendisler-hazirlanacaq\">muallim.edu.az<\/a><\/p>\n","protected":false},"excerpt":{"rendered":"<p>2026-2027-ci t\u0259dris ilind\u0259n etibar\u0259n t\u0259snifata yeni \u0259lav\u0259 edilmi\u015f \u201cProqram t\u0259minat\u0131 m\u00fch\u0259ndisliyi\u201d ixtisas\u0131 \u00fczr\u0259 kadr haz\u0131rl\u0131\u011f\u0131 h\u0259yata ke\u00e7iril\u0259c\u0259kdir. Elm v\u0259 T\u0259hsil Nazirliyind\u0259n \u201cAz\u0259rbaycan m\u00fc\u0259llimi\u201dn\u0259 veril\u0259n m\u0259lumata g\u00f6r\u0259, 2025-2026-c\u0131 t\u0259dris ilind\u0259 IT ixtisaslar\u0131 (Komp\u00fcter elml\u0259ri, \u0130nformasiya texnologiyalar\u0131, \u0130nformasiya t\u0259hl\u00fck\u0259sizliyi, Komp\u00fcter m\u00fch\u0259ndisliyi, Data analitikas\u0131) \u00fczr\u0259 ali t\u0259hsilin bakalavriat s\u0259viyy\u0259sind\u0259 \u00fcmumilikd\u0259 5500-d\u0259n art\u0131q, magistratura s\u0259viyy\u0259sind\u0259 is\u0259 1700-\u0259 yax\u0131n q\u0259bul [&hellip;]<\/p>\n","protected":false},"author":6,"featured_media":219607,"comment_status":"open","ping_status":"open","sticky":false,"template":"","format":"standard","meta":{"footnotes":""},"categories":[77],"tags":[],"_links":{"self":[{"href":"https:\/\/www.imm.az\/exp\/wp-json\/wp\/v2\/posts\/219606"}],"collection":[{"href":"https:\/\/www.imm.az\/exp\/wp-json\/wp\/v2\/posts"}],"about":[{"href":"https:\/\/www.imm.az\/exp\/wp-json\/wp\/v2\/types\/post"}],"author":[{"embeddable":true,"href":"https:\/\/www.imm.az\/exp\/wp-json\/wp\/v2\/users\/6"}],"replies":[{"embeddable":true,"href":"https:\/\/www.imm.az\/exp\/wp-json\/wp\/v2\/comments?post=219606"}],"version-history":[{"count":2,"href":"https:\/\/www.imm.az\/exp\/wp-json\/wp\/v2\/posts\/219606\/revisions"}],"predecessor-version":[{"id":219609,"href":"https:\/\/www.imm.az\/exp\/wp-json\/wp\/v2\/posts\/219606\/revisions\/219609"}],"wp:featuredmedia":[{"embeddable":true,"href":"https:\/\/www.imm.az\/exp\/wp-json\/wp\/v2\/media\/219607"}],"wp:attachment":[{"href":"https:\/\/www.imm.az\/exp\/wp-json\/wp\/v2\/media?parent=219606"}],"wp:term":[{"taxonomy":"category","embeddable":true,"href":"https:\/\/www.imm.az\/exp\/wp-json\/wp\/v2\/categories?post=219606"},{"taxonomy":"post_tag","embeddable":true,"href":"https:\/\/www.imm.az\/exp\/wp-json\/wp\/v2\/tags?post=219606"}],"curies":[{"name":"wp","href":"https:\/\/api.w.org\/{rel}","templated":true}]}}