{"id":219616,"date":"2026-02-17T11:17:43","date_gmt":"2026-02-17T07:17:43","guid":{"rendered":"https:\/\/www.imm.az\/exp\/?p=219616"},"modified":"2026-02-17T11:17:44","modified_gmt":"2026-02-17T07:17:44","slug":"akademik-olk%c9%99mizd%c9%99-r%c9%99q%c9%99msal-platformada-sosial-observatoriyanin-formalasdirilmasi-istiqam%c9%99tind%c9%99-m%c9%99qs%c9%99dyonlu-arasdirmalar-h%c9%99yata-kecirilir","status":"publish","type":"post","link":"https:\/\/www.imm.az\/exp\/2026\/02\/17\/akademik-olk%c9%99mizd%c9%99-r%c9%99q%c9%99msal-platformada-sosial-observatoriyanin-formalasdirilmasi-istiqam%c9%99tind%c9%99-m%c9%99qs%c9%99dyonlu-arasdirmalar-h%c9%99yata-kecirilir\/","title":{"rendered":"Akademik: \u00d6lk\u0259mizd\u0259 r\u0259q\u0259msal platformada sosial observatoriyan\u0131n formala\u015fd\u0131r\u0131lmas\u0131 istiqam\u0259tind\u0259 m\u0259qs\u0259dy\u00f6nl\u00fc ara\u015fd\u0131rmalar h\u0259yata ke\u00e7irilir"},"content":{"rendered":"<p>AMEA-n\u0131n vitse-prezidenti, Elm v\u0259 T\u0259hsil Nazirliyinin \u0130nformasiya Texnologiyalar\u0131 \u0130nstitutunun ba\u015f direktoru akademik Rasim \u018fliquliyev AZ\u018fRTAC-a a\u00e7\u0131qlamas\u0131nda m\u00fcasir d\u00f6vrd\u0259 qabaqc\u0131l r\u0259q\u0259msal texnologiyalar\u0131n s\u00fcr\u0259tli inki\u015faf\u0131 kontekstind\u0259 internet platformas\u0131nda formala\u015fan c\u0259miyy\u0259tin x\u00fcsusi bir t\u0259dqiqat obyekti kimi diqq\u0259t m\u0259rk\u0259zind\u0259 oldu\u011funu, bu bax\u0131mdan s\u00fcni intellektin m\u00fcxt\u0259lif aspektl\u0259rin\u0259 h\u0259sr olunmu\u015f konfranslar\u0131n, d\u0259yirmi masalar\u0131n ke\u00e7irilm\u0259sinin b\u00f6y\u00fck \u0259h\u0259miyy\u0259t da\u015f\u0131d\u0131\u011f\u0131n\u0131 bildirib. O, son ill\u0259rd\u0259 d\u00f6vl\u0259t qurumlar\u0131nda r\u0259q\u0259msalla\u015fma m\u0259s\u0259l\u0259l\u0259rin\u0259 y\u00fcks\u0259k h\u0259ssasl\u0131q v\u0259 m\u0259suliyy\u0259tl\u0259 yana\u015f\u0131lmas\u0131n\u0131 y\u00fcks\u0259k qiym\u0259tl\u0259ndirib.<\/p>\n<p>Alim son ill\u0259r \u0259rzind\u0259 d\u00f6vl\u0259t ba\u015f\u00e7\u0131s\u0131 t\u0259r\u0259find\u0259n ard\u0131c\u0131l olaraq q\u0259bul edil\u0259n \u201cAz\u0259rbaycan Respublikas\u0131n\u0131n informasiya t\u0259hl\u00fck\u0259sizliyi v\u0259 kibert\u0259hl\u00fck\u0259sizliy\u0259 dair 2023-2027-ci ill\u0259r \u00fc\u00e7\u00fcn Strategiyas\u0131\u201d, \u201cAz\u0259rbaycan Respublikas\u0131nda R\u0259q\u0259msal \u0130nki\u015faf Konsepsiyas\u0131\u201d v\u0259 \u201cAz\u0259rbaycan Respublikas\u0131n\u0131n 2025\u20132028-ci ill\u0259r \u00fc\u00e7\u00fcn S\u00fcni \u0130ntellekt Strategiyas\u0131\u201d il\u0259 ba\u011fl\u0131 qar\u015f\u0131ya qoyulan strateji v\u0259zif\u0259l\u0259rd\u0259n, h\u0259d\u0259fl\u0259rd\u0259n dan\u0131\u015f\u0131b: \u201cBu s\u0259n\u0259dl\u0259r milli maraqlara xidm\u0259t ed\u0259r\u0259k, d\u00f6vl\u0259tin kibert\u0259hl\u00fck\u0259sizliyinin, kibersuverenliyinin y\u00fcks\u0259k s\u0259viyy\u0259d\u0259 t\u0259min olunmas\u0131, v\u0259t\u0259nda\u015flar\u0131n h\u00fcquqlar\u0131n\u0131n qorunmas\u0131, \u00f6lk\u0259d\u0259 r\u0259q\u0259msalla\u015fma sah\u0259sind\u0259 p\u0259rak\u0259nd\u0259liyin aradan qald\u0131r\u0131lmas\u0131, d\u00f6vl\u0259t maraqlar\u0131n\u0131n korporativ maraqlar \u00fcz\u0259rind\u0259 \u00fcst\u00fcnl\u00fcy\u00fcn\u00fcn t\u0259min edilm\u0259sini n\u0259z\u0259rd\u0259 tutur\u201d.<\/p>\n<p>Akademik Rasim \u018fliquliyev bu s\u0259n\u0259dl\u0259rd\u0259n ir\u0259li g\u0259l\u0259n v\u0259zif\u0259l\u0259rin icras\u0131 istiqam\u0259tind\u0259 h\u0259m m\u00fcvafiq d\u00f6vl\u0259t qurumlar\u0131nda, h\u0259m d\u0259 \u00f6lk\u0259nin elmi m\u00fc\u0259ssis\u0259 v\u0259 t\u0259\u015fkilatlar\u0131nda kompleks t\u0259dbirl\u0259rin h\u0259yata ke\u00e7irildiyini, \u00f6lk\u0259mizd\u0259 r\u0259q\u0259msal transformasiya prosesinin keyfiyy\u0259tc\u0259 yeni m\u0259rh\u0259l\u0259y\u0259 q\u0259d\u0259m qoydu\u011funu deyib.<\/p>\n<p>Alim bildirib ki, son 20 ild\u0259 \u00f6lk\u0259mizd\u0259 h\u0259yata ke\u00e7iril\u0259n m\u0259qs\u0259dy\u00f6nl\u00fc r\u0259q\u0259msalla\u015fma siyas\u0259ti n\u0259tic\u0259sind\u0259 s\u00fcni intellekt texnologiyalar\u0131n\u0131n geni\u015f t\u0259tbiqi v\u0259 inki\u015faf\u0131 \u00fc\u00e7\u00fcn m\u00f6hk\u0259m z\u0259min formala\u015fm\u0131\u015fd\u0131r. Bu g\u00fcn Az\u0259rbaycanda s\u00fcni intellektin \u0259sas strateji resursunun datalardan (veril\u0259nl\u0259rd\u0259n) ibar\u0259t oldu\u011funu dey\u0259n alim \u0259lav\u0259 edib ki, m\u00fcasir d\u00f6vrd\u0259 insan f\u0259aliyy\u0259tinin b\u00fct\u00fcn istiqam\u0259tl\u0259rind\u0259 datalar yaran\u0131r v\u0259 s\u00fcr\u0259tl\u0259 art\u0131r, b\u00f6y\u00fck h\u0259cmd\u0259 m\u0259lumat bazalar\u0131 formala\u015f\u0131r v\u0259 \u00f6lk\u0259 \u00fczr\u0259 vahid r\u0259q\u0259msal ekosistemin t\u0259rkib hiss\u0259sin\u0259 \u00e7evrilir.<\/p>\n<p>X\u00fcsusil\u0259 d\u00f6vl\u0259t qurumlar\u0131na m\u0259xsus data reyestrl\u0259rind\u0259 v\u0259t\u0259nda\u015flar haqq\u0131nda \u00e7ox\u015fax\u0259li v\u0259 geni\u015fh\u0259cmli m\u0259lumatlar\u0131n topland\u0131\u011f\u0131n\u0131 v\u0259 sisteml\u0259\u015fdirildiyini s\u00f6yl\u0259y\u0259n akademik bu tendensiyan\u0131n big data analitikas\u0131 probleml\u0259rini aktualla\u015fd\u0131rd\u0131\u011f\u0131n\u0131 vur\u011fulay\u0131b. Bildirib ki, bir \u00e7ox sosial g\u00f6st\u0259ricil\u0259rin art\u0131q r\u0259q\u0259msal platformada inikas olunmas\u0131, sosiologiya elminin d\u0259 yeni m\u0259rh\u0259l\u0259y\u0259 q\u0259d\u0259m qoydu\u011funu g\u00f6st\u0259rir: \u201cM\u00fcasir m\u0259rh\u0259l\u0259d\u0259 sosiologiya getdikc\u0259 d\u0259qiq elml\u0259rl\u0259 \u00e7ul\u011fala\u015f\u0131r, riyazi mahiyy\u0259t k\u0259sb etm\u0259y\u0259 ba\u015flay\u0131r. N\u0259tic\u0259 etibaril\u0259 r\u0259q\u0259msal v\u0259 riyazi sosiologiya multidisiplinar komp\u00fcter elml\u0259rinin m\u00fch\u00fcm istiqam\u0259tl\u0259rind\u0259n birin\u0259 \u00e7evrilir\u201d.<\/p>\n<p>Ba\u015f direktor r\u0259hb\u0259rlik etdiyi institutda d\u00f6vl\u0259t qurumlar\u0131na m\u0259xsus data reyestrl\u0259rin \u0259sas\u0131nda r\u0259q\u0259msal demoqrafik intellektual sistemin arxitektur-texnoloji \u0259saslar\u0131n\u0131n i\u015fl\u0259nib haz\u0131rland\u0131\u011f\u0131n\u0131, bu platforma \u00fcz\u0259rind\u0259n tibbi demoqrafiya, linqvistik demoqrafiya v\u0259 dig\u0259r istiqam\u0259tl\u0259r \u00fczr\u0259 strateji \u0259h\u0259miyy\u0259tli t\u0259hlill\u0259rin apar\u0131ld\u0131\u011f\u0131n\u0131, c\u0259miyy\u0259t \u00fc\u00e7\u00fcn faydal\u0131 bilikl\u0259rin \u0259ld\u0259 olundu\u011funu bildirib.<\/p>\n<p>Alim vur\u011fulay\u0131b ki, \u00f6lk\u0259d\u0259 h\u0259yata ke\u00e7iril\u0259n ard\u0131c\u0131l d\u00f6vl\u0259t siyas\u0259tinin n\u0259tic\u0259si olaraq r\u0259q\u0259msal platformada sosial observatoriyan\u0131n formala\u015fd\u0131r\u0131lmas\u0131 istiqam\u0259tind\u0259 m\u00fch\u00fcm add\u0131mlar at\u0131l\u0131r. Sosial observatoriya b\u00f6y\u00fckh\u0259cmli m\u0259lumat bazalar\u0131 \u00fcz\u0259rind\u0259 m\u00fcxt\u0259lif aspektli sosioloji t\u0259dqiqatlar\u0131n apar\u0131lmas\u0131na, s\u00fcni intellekt texnologiyalar\u0131n\u0131n t\u0259tbiqi il\u0259 c\u0259miyy\u0259td\u0259 ged\u0259n prosesl\u0259rin sistemli v\u0259 \u015f\u0259ffaf t\u0259hlilin\u0259 imkan yarad\u0131r.<\/p>\n<p>Akademik Rasim \u018fliquliyev \u00f6lk\u0259d\u0259 s\u00fcni intellekt v\u0259 r\u0259q\u0259msalla\u015fma istiqam\u0259tind\u0259 apar\u0131lan t\u0259dqiqatlar\u0131n d\u00f6vl\u0259tin strateji maraqlar\u0131na v\u0259 m\u00fc\u0259yy\u0259n edilmi\u015f prioritetl\u0259r\u0259 uy\u011fun sistemli \u015f\u0259kild\u0259 \u0259laq\u0259l\u0259ndirilm\u0259sinin vacibliyin\u0259 diqq\u0259t \u00e7\u0259kib. Alimin s\u00f6zl\u0259rin\u0259 g\u00f6r\u0259, bu sah\u0259d\u0259 koordinasiyan\u0131n g\u00fccl\u0259ndirilm\u0259sin\u0259, prioritet istiqam\u0259tl\u0259rin m\u00fc\u0259yy\u0259nl\u0259\u015fdirilm\u0259sin\u0259, apar\u0131lan elmi-t\u0259dqiqat i\u015fl\u0259rinin monitorinqi v\u0259 qiym\u0259tl\u0259ndirilm\u0259si mexanizml\u0259rinin t\u0259kmill\u0259\u015fdirilm\u0259sin\u0259 ehtiyac var. H\u0259m\u00e7inin d\u00f6vl\u0259t ba\u015f\u00e7\u0131s\u0131 t\u0259r\u0259find\u0259n m\u00fcvafiq sah\u0259d\u0259 q\u0259bul olunan m\u00fch\u00fcm strateji s\u0259n\u0259dl\u0259rin icras\u0131 prosesind\u0259 d\u00f6vl\u0259t qurumlar\u0131, elmi m\u00fc\u0259ssis\u0259l\u0259r, biznes sektoru v\u0259 v\u0259t\u0259nda\u015f c\u0259miyy\u0259ti institutlar\u0131 aras\u0131nda daha s\u0131x \u0259m\u0259kda\u015fl\u0131q t\u0259min edilm\u0259li, m\u00fct\u0259madi olaraq elmi ictimai m\u00fczakir\u0259l\u0259r t\u0259\u015fkil olunmald\u0131r.<\/p>\n<p><a href=\"https:\/\/azertag.az\/xeber\/akademik_olkemizde_reqemsal_platformada_sosial_observatoriyanin_formalasdirilmasi_istiqametinde_meqsedyonlu_arasdirmalar_heyata_kechirilir-4024203\">azertag.az<\/a><\/p>\n","protected":false},"excerpt":{"rendered":"<p>AMEA-n\u0131n vitse-prezidenti, Elm v\u0259 T\u0259hsil Nazirliyinin \u0130nformasiya Texnologiyalar\u0131 \u0130nstitutunun ba\u015f direktoru akademik Rasim \u018fliquliyev AZ\u018fRTAC-a a\u00e7\u0131qlamas\u0131nda m\u00fcasir d\u00f6vrd\u0259 qabaqc\u0131l r\u0259q\u0259msal texnologiyalar\u0131n s\u00fcr\u0259tli inki\u015faf\u0131 kontekstind\u0259 internet platformas\u0131nda formala\u015fan c\u0259miyy\u0259tin x\u00fcsusi bir t\u0259dqiqat obyekti kimi diqq\u0259t m\u0259rk\u0259zind\u0259 oldu\u011funu, bu bax\u0131mdan s\u00fcni intellektin m\u00fcxt\u0259lif aspektl\u0259rin\u0259 h\u0259sr olunmu\u015f konfranslar\u0131n, d\u0259yirmi masalar\u0131n ke\u00e7irilm\u0259sinin b\u00f6y\u00fck \u0259h\u0259miyy\u0259t da\u015f\u0131d\u0131\u011f\u0131n\u0131 bildirib. O, son ill\u0259rd\u0259 [&hellip;]<\/p>\n","protected":false},"author":6,"featured_media":219617,"comment_status":"open","ping_status":"open","sticky":false,"template":"","format":"standard","meta":{"footnotes":""},"categories":[77],"tags":[],"_links":{"self":[{"href":"https:\/\/www.imm.az\/exp\/wp-json\/wp\/v2\/posts\/219616"}],"collection":[{"href":"https:\/\/www.imm.az\/exp\/wp-json\/wp\/v2\/posts"}],"about":[{"href":"https:\/\/www.imm.az\/exp\/wp-json\/wp\/v2\/types\/post"}],"author":[{"embeddable":true,"href":"https:\/\/www.imm.az\/exp\/wp-json\/wp\/v2\/users\/6"}],"replies":[{"embeddable":true,"href":"https:\/\/www.imm.az\/exp\/wp-json\/wp\/v2\/comments?post=219616"}],"version-history":[{"count":2,"href":"https:\/\/www.imm.az\/exp\/wp-json\/wp\/v2\/posts\/219616\/revisions"}],"predecessor-version":[{"id":219619,"href":"https:\/\/www.imm.az\/exp\/wp-json\/wp\/v2\/posts\/219616\/revisions\/219619"}],"wp:featuredmedia":[{"embeddable":true,"href":"https:\/\/www.imm.az\/exp\/wp-json\/wp\/v2\/media\/219617"}],"wp:attachment":[{"href":"https:\/\/www.imm.az\/exp\/wp-json\/wp\/v2\/media?parent=219616"}],"wp:term":[{"taxonomy":"category","embeddable":true,"href":"https:\/\/www.imm.az\/exp\/wp-json\/wp\/v2\/categories?post=219616"},{"taxonomy":"post_tag","embeddable":true,"href":"https:\/\/www.imm.az\/exp\/wp-json\/wp\/v2\/tags?post=219616"}],"curies":[{"name":"wp","href":"https:\/\/api.w.org\/{rel}","templated":true}]}}