{"id":219781,"date":"2026-03-08T12:22:00","date_gmt":"2026-03-08T08:22:00","guid":{"rendered":"https:\/\/www.imm.az\/exp\/?p=219781"},"modified":"2026-03-10T12:28:11","modified_gmt":"2026-03-10T08:28:11","slug":"birinci-vitse-prezident-mehriban-eliyeva-beyn%c9%99lxalq-qadinlar-gunu-munasib%c9%99til%c9%99-az%c9%99rbaycan-qadinlarini-t%c9%99brik-edib","status":"publish","type":"post","link":"https:\/\/www.imm.az\/exp\/2026\/03\/08\/birinci-vitse-prezident-mehriban-eliyeva-beyn%c9%99lxalq-qadinlar-gunu-munasib%c9%99til%c9%99-az%c9%99rbaycan-qadinlarini-t%c9%99brik-edib\/","title":{"rendered":"Birinci vitse-prezident Mehriban \u018fliyeva Beyn\u0259lxalq Qad\u0131nlar G\u00fcn\u00fc m\u00fcnasib\u0259til\u0259 Az\u0259rbaycan qad\u0131nlar\u0131n\u0131 t\u0259brik edib"},"content":{"rendered":"<p>Az\u0259rbaycan Respublikas\u0131n\u0131n Birinci vitse-prezidenti Mehriban \u018fliyeva 8 Mart &#8211; Beyn\u0259lxalq Qad\u0131nlar G\u00fcn\u00fc m\u00fcnasib\u0259til\u0259 sosial media hesablar\u0131nda payla\u015f\u0131m edib.<\/p>\n<p>Payla\u015f\u0131mda deyilir: \u201cH\u0259r bir qad\u0131na m\u00f6hk\u0259m cansa\u011fl\u0131\u011f\u0131, g\u00f6z\u0259l \u0259hvali-ruhiyy\u0259, t\u00fck\u0259nm\u0259z sevgi, sevinc v\u0259 ail\u0259 s\u0259ad\u0259ti arzulay\u0131ram!\u201d.<\/p>\n","protected":false},"excerpt":{"rendered":"<p>Az\u0259rbaycan Respublikas\u0131n\u0131n Birinci vitse-prezidenti Mehriban \u018fliyeva 8 Mart &#8211; Beyn\u0259lxalq Qad\u0131nlar G\u00fcn\u00fc m\u00fcnasib\u0259til\u0259 sosial media hesablar\u0131nda payla\u015f\u0131m edib. Payla\u015f\u0131mda deyilir: \u201cH\u0259r bir qad\u0131na m\u00f6hk\u0259m cansa\u011fl\u0131\u011f\u0131, g\u00f6z\u0259l \u0259hvali-ruhiyy\u0259, t\u00fck\u0259nm\u0259z sevgi, sevinc v\u0259 ail\u0259 s\u0259ad\u0259ti arzulay\u0131ram!\u201d.<\/p>\n","protected":false},"author":6,"featured_media":219782,"comment_status":"open","ping_status":"open","sticky":false,"template":"","format":"standard","meta":{"footnotes":""},"categories":[77],"tags":[],"_links":{"self":[{"href":"https:\/\/www.imm.az\/exp\/wp-json\/wp\/v2\/posts\/219781"}],"collection":[{"href":"https:\/\/www.imm.az\/exp\/wp-json\/wp\/v2\/posts"}],"about":[{"href":"https:\/\/www.imm.az\/exp\/wp-json\/wp\/v2\/types\/post"}],"author":[{"embeddable":true,"href":"https:\/\/www.imm.az\/exp\/wp-json\/wp\/v2\/users\/6"}],"replies":[{"embeddable":true,"href":"https:\/\/www.imm.az\/exp\/wp-json\/wp\/v2\/comments?post=219781"}],"version-history":[{"count":2,"href":"https:\/\/www.imm.az\/exp\/wp-json\/wp\/v2\/posts\/219781\/revisions"}],"predecessor-version":[{"id":219784,"href":"https:\/\/www.imm.az\/exp\/wp-json\/wp\/v2\/posts\/219781\/revisions\/219784"}],"wp:featuredmedia":[{"embeddable":true,"href":"https:\/\/www.imm.az\/exp\/wp-json\/wp\/v2\/media\/219782"}],"wp:attachment":[{"href":"https:\/\/www.imm.az\/exp\/wp-json\/wp\/v2\/media?parent=219781"}],"wp:term":[{"taxonomy":"category","embeddable":true,"href":"https:\/\/www.imm.az\/exp\/wp-json\/wp\/v2\/categories?post=219781"},{"taxonomy":"post_tag","embeddable":true,"href":"https:\/\/www.imm.az\/exp\/wp-json\/wp\/v2\/tags?post=219781"}],"curies":[{"name":"wp","href":"https:\/\/api.w.org\/{rel}","templated":true}]}}