{"id":219785,"date":"2026-03-08T12:29:00","date_gmt":"2026-03-08T08:29:00","guid":{"rendered":"https:\/\/www.imm.az\/exp\/?p=219785"},"modified":"2026-03-10T12:31:19","modified_gmt":"2026-03-10T08:31:19","slug":"prezident-ilham-eliyevin-sosial-media-hesablarinda-beyn%c9%99lxalq-qadinlar-gunu-munasib%c9%99til%c9%99-paylasim-edilib","status":"publish","type":"post","link":"https:\/\/www.imm.az\/exp\/2026\/03\/08\/prezident-ilham-eliyevin-sosial-media-hesablarinda-beyn%c9%99lxalq-qadinlar-gunu-munasib%c9%99til%c9%99-paylasim-edilib\/","title":{"rendered":"Prezident \u0130lham \u018fliyevin sosial media hesablar\u0131nda Beyn\u0259lxalq Qad\u0131nlar G\u00fcn\u00fc m\u00fcnasib\u0259til\u0259 payla\u015f\u0131m edilib"},"content":{"rendered":"<p>Az\u0259rbaycan Prezidenti \u0130lham \u018fliyevin sosial media hesablar\u0131nda 8 Mart &#8211; Beyn\u0259lxalq Qad\u0131nlar G\u00fcn\u00fc m\u00fcnasib\u0259til\u0259 sosial media hesablar\u0131nda payla\u015f\u0131m edilib.<\/p>\n<p>Payla\u015f\u0131mda deyilir: \u201cH\u00f6rm\u0259tli xan\u0131mlar! Sizi Beyn\u0259lxalq Qad\u0131nlar G\u00fcn\u00fc m\u00fcnasib\u0259til\u0259 s\u0259mimi-q\u0259lbd\u0259n t\u0259brik edir, ham\u0131n\u0131za cansa\u011fl\u0131\u011f\u0131, s\u0259ad\u0259t v\u0259 i\u015fl\u0259rinizd\u0259 m\u00fcv\u0259ff\u0259qiyy\u0259tl\u0259r arzulay\u0131ram\u201d.<\/p>\n<p><strong><a href=\"https:\/\/azertag.az\/xeber\/prezident_ilham_aliyevin_sosial_media_hesablarinda_beynelxalq_qadinlar_gunu_munasibetile_paylasim_edilib-4064887\" target=\"_blank\" rel=\"noopener\"><span lang=\"AZ-LATIN\">Az\u0259rTac<\/span><\/a><\/strong><\/p>\n","protected":false},"excerpt":{"rendered":"<p>Az\u0259rbaycan Prezidenti \u0130lham \u018fliyevin sosial media hesablar\u0131nda 8 Mart &#8211; Beyn\u0259lxalq Qad\u0131nlar G\u00fcn\u00fc m\u00fcnasib\u0259til\u0259 sosial media hesablar\u0131nda payla\u015f\u0131m edilib. Payla\u015f\u0131mda deyilir: \u201cH\u00f6rm\u0259tli xan\u0131mlar! Sizi Beyn\u0259lxalq Qad\u0131nlar G\u00fcn\u00fc m\u00fcnasib\u0259til\u0259 s\u0259mimi-q\u0259lbd\u0259n t\u0259brik edir, ham\u0131n\u0131za cansa\u011fl\u0131\u011f\u0131, s\u0259ad\u0259t v\u0259 i\u015fl\u0259rinizd\u0259 m\u00fcv\u0259ff\u0259qiyy\u0259tl\u0259r arzulay\u0131ram\u201d. Az\u0259rTac<\/p>\n","protected":false},"author":6,"featured_media":219786,"comment_status":"open","ping_status":"open","sticky":false,"template":"","format":"standard","meta":{"footnotes":""},"categories":[77],"tags":[],"_links":{"self":[{"href":"https:\/\/www.imm.az\/exp\/wp-json\/wp\/v2\/posts\/219785"}],"collection":[{"href":"https:\/\/www.imm.az\/exp\/wp-json\/wp\/v2\/posts"}],"about":[{"href":"https:\/\/www.imm.az\/exp\/wp-json\/wp\/v2\/types\/post"}],"author":[{"embeddable":true,"href":"https:\/\/www.imm.az\/exp\/wp-json\/wp\/v2\/users\/6"}],"replies":[{"embeddable":true,"href":"https:\/\/www.imm.az\/exp\/wp-json\/wp\/v2\/comments?post=219785"}],"version-history":[{"count":2,"href":"https:\/\/www.imm.az\/exp\/wp-json\/wp\/v2\/posts\/219785\/revisions"}],"predecessor-version":[{"id":219788,"href":"https:\/\/www.imm.az\/exp\/wp-json\/wp\/v2\/posts\/219785\/revisions\/219788"}],"wp:featuredmedia":[{"embeddable":true,"href":"https:\/\/www.imm.az\/exp\/wp-json\/wp\/v2\/media\/219786"}],"wp:attachment":[{"href":"https:\/\/www.imm.az\/exp\/wp-json\/wp\/v2\/media?parent=219785"}],"wp:term":[{"taxonomy":"category","embeddable":true,"href":"https:\/\/www.imm.az\/exp\/wp-json\/wp\/v2\/categories?post=219785"},{"taxonomy":"post_tag","embeddable":true,"href":"https:\/\/www.imm.az\/exp\/wp-json\/wp\/v2\/tags?post=219785"}],"curies":[{"name":"wp","href":"https:\/\/api.w.org\/{rel}","templated":true}]}}