{"id":219904,"date":"2026-04-01T12:32:39","date_gmt":"2026-04-01T08:32:39","guid":{"rendered":"https:\/\/www.imm.az\/exp\/?p=219904"},"modified":"2026-04-01T12:40:51","modified_gmt":"2026-04-01T08:40:51","slug":"umuminstitut-seminarda-dirak-operatorunun-spektral-xususiyy%c9%99tl%c9%99ri-muzakir%c9%99-edildi","status":"publish","type":"post","link":"https:\/\/www.imm.az\/exp\/2026\/04\/01\/umuminstitut-seminarda-dirak-operatorunun-spektral-xususiyy%c9%99tl%c9%99ri-muzakir%c9%99-edildi\/","title":{"rendered":"\u00dcmuminstitut seminarda Dirak operatorunun spektral x\u00fcsusiyy\u0259tl\u0259ri m\u00fczakir\u0259 edildi"},"content":{"rendered":"<p><span style=\"font-size: revert; color: initial;\">01.04.2026-c\u0131 il tarixind\u0259 Az\u0259rbaycan Respublikas\u0131 Elm v\u0259 T\u0259hsil Nazirliyi Riyaziyyat \u0130nstitutunun n\u00f6vb\u0259ti \u00dcmuminstitut seminar\u0131 ke\u00e7irildi. Seminarda \u0130ntelektual informasiya &#8211; \u00f6l\u00e7m\u0259 sisteml\u0259ri laboratoriyas\u0131n\u0131n ba\u015f elmi i\u015f\u00e7isi, f.r.e.d., professor V\u0259li Qurbanov \u201cBir\u00f6l\u00e7\u00fcl\u00fc Dirak operatorunun m\u0259xsusi funksiyalar\u0131 \u00fczr\u0259 spektral ayr\u0131l\u0131\u015flar\u0131n\u0131n y\u0131\u011f\u0131lmas\u0131\u201d m\u00f6vzusunda m\u0259ruz\u0259 il\u0259 \u00e7\u0131x\u0131\u015f etmi\u015fdir.<\/span><\/p>\n<p>M\u0259ruz\u0259 bir\u00f6l\u00e7\u00fcl\u00fc c\u0259ml\u0259n\u0259n \u0259msall\u0131 Dirak operatorunun m\u0259xsusi funksiyalar \u00fczr\u0259 H<sub>p<\/sub><sup>a<\/sup>\u00a0 sinfind\u0259n olan funksiyalar\u0131n spektral ayr\u0131l\u0131\u015f\u0131 il\u0259 triqonometrik ayr\u0131l\u0131\u015f\u0131n\u0131n birg\u0259 y\u0131\u011f\u0131lma s\u00fcr\u0259tinin qiym\u0259tl\u0259ndirilm\u0259sin\u0259, W<sub>p<\/sub><sup>1<\/sup>\u00a0\u00a0sinifl\u0259rind\u0259n olan funksiyalar\u0131n spektral ayr\u0131l\u0131\u015flar\u0131n\u0131n m\u00fctl\u0259q v\u0259 m\u00fcnt\u0259z\u0259m y\u0131\u011f\u0131lmas\u0131na v\u0259 m\u00fcnt\u0259z\u0259m y\u0131\u011f\u0131lma s\u00fcr\u0259tinin qiym\u0259tl\u0259ndirilm\u0259sin\u0259 h\u0259sr olunub.<\/p>\n<p>Sonda m\u00f6vzu \u0259traf\u0131nda m\u00fczakir\u0259l\u0259r apar\u0131lm\u0131\u015f v\u0259 suallar cavabland\u0131r\u0131lm\u0131\u015fd\u0131r.<\/p>\n<div class='entry-gallery'><div id=\"carousel-1\" class=\"single-carousel carousel slide carousel-219904\" data-ride=\"carousel\"><ol class='carousel-indicators'><li data-target=\"#carousel-1\" data-slide-to=\"0\" class=\"active\"><\/li><li data-target=\"#carousel-1\" data-slide-to=\"1\" class=\"\"><\/li><li data-target=\"#carousel-1\" data-slide-to=\"2\" class=\"\"><\/li><li data-target=\"#carousel-1\" data-slide-to=\"3\" class=\"\"><\/li><li data-target=\"#carousel-1\" data-slide-to=\"4\" class=\"\"><\/li><li data-target=\"#carousel-1\" data-slide-to=\"5\" class=\"\"><\/li><\/ol><div class='carousel-inner'><div class=\"carousel-item item active\"><a href='https:\/\/www.imm.az\/exp\/2026\/04\/01\/umuminstitut-seminarda-dirak-operatorunun-spektral-xususiyy%c9%99tl%c9%99ri-muzakir%c9%99-edildi\/photo-2026-04-01-11-21-13-2\/'><img loading=\"lazy\" decoding=\"async\" width=\"467\" height=\"350\" src=\"https:\/\/www.imm.az\/exp\/wp-content\/uploads\/2026\/04\/PHOTO-2026-04-01-11-21-13-2.jpg\" class=\"attachment-620x350 size-620x350\" alt=\"\" srcset=\"https:\/\/www.imm.az\/exp\/wp-content\/uploads\/2026\/04\/PHOTO-2026-04-01-11-21-13-2.jpg 1600w, https:\/\/www.imm.az\/exp\/wp-content\/uploads\/2026\/04\/PHOTO-2026-04-01-11-21-13-2-300x225.jpg 300w, https:\/\/www.imm.az\/exp\/wp-content\/uploads\/2026\/04\/PHOTO-2026-04-01-11-21-13-2-1024x768.jpg 1024w, https:\/\/www.imm.az\/exp\/wp-content\/uploads\/2026\/04\/PHOTO-2026-04-01-11-21-13-2-768x576.jpg 768w, https:\/\/www.imm.az\/exp\/wp-content\/uploads\/2026\/04\/PHOTO-2026-04-01-11-21-13-2-1536x1152.jpg 1536w\" sizes=\"(max-width: 467px) 100vw, 467px\" \/><\/a><\/div><div class=\"carousel-item item\"><a href='https:\/\/www.imm.az\/exp\/2026\/04\/01\/umuminstitut-seminarda-dirak-operatorunun-spektral-xususiyy%c9%99tl%c9%99ri-muzakir%c9%99-edildi\/photo-2026-04-01-11-21-13-3\/'><img loading=\"lazy\" decoding=\"async\" width=\"467\" height=\"350\" src=\"https:\/\/www.imm.az\/exp\/wp-content\/uploads\/2026\/04\/PHOTO-2026-04-01-11-21-13-3.jpg\" class=\"attachment-620x350 size-620x350\" alt=\"\" srcset=\"https:\/\/www.imm.az\/exp\/wp-content\/uploads\/2026\/04\/PHOTO-2026-04-01-11-21-13-3.jpg 1600w, https:\/\/www.imm.az\/exp\/wp-content\/uploads\/2026\/04\/PHOTO-2026-04-01-11-21-13-3-300x225.jpg 300w, https:\/\/www.imm.az\/exp\/wp-content\/uploads\/2026\/04\/PHOTO-2026-04-01-11-21-13-3-1024x768.jpg 1024w, https:\/\/www.imm.az\/exp\/wp-content\/uploads\/2026\/04\/PHOTO-2026-04-01-11-21-13-3-768x576.jpg 768w, https:\/\/www.imm.az\/exp\/wp-content\/uploads\/2026\/04\/PHOTO-2026-04-01-11-21-13-3-1536x1152.jpg 1536w\" sizes=\"(max-width: 467px) 100vw, 467px\" \/><\/a><\/div><div class=\"carousel-item item\"><a href='https:\/\/www.imm.az\/exp\/2026\/04\/01\/umuminstitut-seminarda-dirak-operatorunun-spektral-xususiyy%c9%99tl%c9%99ri-muzakir%c9%99-edildi\/photo-2026-04-01-11-21-13-5\/'><img loading=\"lazy\" decoding=\"async\" width=\"467\" height=\"350\" src=\"https:\/\/www.imm.az\/exp\/wp-content\/uploads\/2026\/04\/PHOTO-2026-04-01-11-21-13-5.jpg\" class=\"attachment-620x350 size-620x350\" alt=\"\" srcset=\"https:\/\/www.imm.az\/exp\/wp-content\/uploads\/2026\/04\/PHOTO-2026-04-01-11-21-13-5.jpg 1600w, https:\/\/www.imm.az\/exp\/wp-content\/uploads\/2026\/04\/PHOTO-2026-04-01-11-21-13-5-300x225.jpg 300w, https:\/\/www.imm.az\/exp\/wp-content\/uploads\/2026\/04\/PHOTO-2026-04-01-11-21-13-5-1024x768.jpg 1024w, https:\/\/www.imm.az\/exp\/wp-content\/uploads\/2026\/04\/PHOTO-2026-04-01-11-21-13-5-768x576.jpg 768w, https:\/\/www.imm.az\/exp\/wp-content\/uploads\/2026\/04\/PHOTO-2026-04-01-11-21-13-5-1536x1152.jpg 1536w\" sizes=\"(max-width: 467px) 100vw, 467px\" \/><\/a><\/div><div class=\"carousel-item item\"><a href='https:\/\/www.imm.az\/exp\/2026\/04\/01\/umuminstitut-seminarda-dirak-operatorunun-spektral-xususiyy%c9%99tl%c9%99ri-muzakir%c9%99-edildi\/photo-2026-04-01-11-21-13-6\/'><img loading=\"lazy\" decoding=\"async\" width=\"467\" height=\"350\" src=\"https:\/\/www.imm.az\/exp\/wp-content\/uploads\/2026\/04\/PHOTO-2026-04-01-11-21-13-6.jpg\" class=\"attachment-620x350 size-620x350\" alt=\"\" srcset=\"https:\/\/www.imm.az\/exp\/wp-content\/uploads\/2026\/04\/PHOTO-2026-04-01-11-21-13-6.jpg 1600w, https:\/\/www.imm.az\/exp\/wp-content\/uploads\/2026\/04\/PHOTO-2026-04-01-11-21-13-6-300x225.jpg 300w, https:\/\/www.imm.az\/exp\/wp-content\/uploads\/2026\/04\/PHOTO-2026-04-01-11-21-13-6-1024x768.jpg 1024w, https:\/\/www.imm.az\/exp\/wp-content\/uploads\/2026\/04\/PHOTO-2026-04-01-11-21-13-6-768x576.jpg 768w, https:\/\/www.imm.az\/exp\/wp-content\/uploads\/2026\/04\/PHOTO-2026-04-01-11-21-13-6-1536x1152.jpg 1536w\" sizes=\"(max-width: 467px) 100vw, 467px\" \/><\/a><\/div><div class=\"carousel-item item\"><a href='https:\/\/www.imm.az\/exp\/2026\/04\/01\/umuminstitut-seminarda-dirak-operatorunun-spektral-xususiyy%c9%99tl%c9%99ri-muzakir%c9%99-edildi\/photo-2026-04-01-11-21-13\/'><img loading=\"lazy\" decoding=\"async\" width=\"467\" height=\"350\" src=\"https:\/\/www.imm.az\/exp\/wp-content\/uploads\/2026\/04\/PHOTO-2026-04-01-11-21-13.jpg\" class=\"attachment-620x350 size-620x350\" alt=\"\" srcset=\"https:\/\/www.imm.az\/exp\/wp-content\/uploads\/2026\/04\/PHOTO-2026-04-01-11-21-13.jpg 1600w, https:\/\/www.imm.az\/exp\/wp-content\/uploads\/2026\/04\/PHOTO-2026-04-01-11-21-13-300x225.jpg 300w, https:\/\/www.imm.az\/exp\/wp-content\/uploads\/2026\/04\/PHOTO-2026-04-01-11-21-13-1024x768.jpg 1024w, https:\/\/www.imm.az\/exp\/wp-content\/uploads\/2026\/04\/PHOTO-2026-04-01-11-21-13-768x576.jpg 768w, https:\/\/www.imm.az\/exp\/wp-content\/uploads\/2026\/04\/PHOTO-2026-04-01-11-21-13-1536x1152.jpg 1536w\" sizes=\"(max-width: 467px) 100vw, 467px\" \/><\/a><\/div><div class=\"carousel-item item\"><a href='https:\/\/www.imm.az\/exp\/2026\/04\/01\/umuminstitut-seminarda-dirak-operatorunun-spektral-xususiyy%c9%99tl%c9%99ri-muzakir%c9%99-edildi\/photo-2026-04-01-11-21-13-4\/'><img loading=\"lazy\" decoding=\"async\" width=\"467\" height=\"350\" src=\"https:\/\/www.imm.az\/exp\/wp-content\/uploads\/2026\/04\/PHOTO-2026-04-01-11-21-13-4.jpg\" class=\"attachment-620x350 size-620x350\" alt=\"\" srcset=\"https:\/\/www.imm.az\/exp\/wp-content\/uploads\/2026\/04\/PHOTO-2026-04-01-11-21-13-4.jpg 1600w, https:\/\/www.imm.az\/exp\/wp-content\/uploads\/2026\/04\/PHOTO-2026-04-01-11-21-13-4-300x225.jpg 300w, https:\/\/www.imm.az\/exp\/wp-content\/uploads\/2026\/04\/PHOTO-2026-04-01-11-21-13-4-1024x768.jpg 1024w, https:\/\/www.imm.az\/exp\/wp-content\/uploads\/2026\/04\/PHOTO-2026-04-01-11-21-13-4-768x576.jpg 768w, https:\/\/www.imm.az\/exp\/wp-content\/uploads\/2026\/04\/PHOTO-2026-04-01-11-21-13-4-1536x1152.jpg 1536w\" sizes=\"(max-width: 467px) 100vw, 467px\" \/><\/a><\/div><\/div>\n<a class=\"carousel-control-prev\" href=\"#carousel-1\" role=\"button\" data-slide=\"prev\">\n    <span class=\"carousel-control-prev-icon\" aria-hidden=\"true\"><\/span>\n    <span class=\"sr-only\">Previous<\/span>\n  <\/a>\n\n      <a class=\"carousel-control-next\" href=\"#carousel-1\" role=\"button\" data-slide=\"next\">\n    <span class=\"carousel-control-next-icon\" aria-hidden=\"true\"><\/span>\n    <span class=\"sr-only\">Next<\/span>\n  <\/a>\n    \n    <\/div><\/div>\n<p>\u00a9 B\u00fct\u00fcn h\u00fcquqlar qorunur. X\u0259b\u0259rl\u0259rd\u0259n istifad\u0259 ed\u0259rk\u0259n www.imm.az sayt\u0131na istinad z\u0259ruridir.<\/p>\n","protected":false},"excerpt":{"rendered":"<p>01.04.2026-c\u0131 il tarixind\u0259 Az\u0259rbaycan Respublikas\u0131 Elm v\u0259 T\u0259hsil Nazirliyi Riyaziyyat \u0130nstitutunun n\u00f6vb\u0259ti \u00dcmuminstitut seminar\u0131 ke\u00e7irildi. Seminarda \u0130ntelektual informasiya &#8211; \u00f6l\u00e7m\u0259 sisteml\u0259ri laboratoriyas\u0131n\u0131n ba\u015f elmi i\u015f\u00e7isi, f.r.e.d., professor V\u0259li Qurbanov \u201cBir\u00f6l\u00e7\u00fcl\u00fc Dirak operatorunun m\u0259xsusi funksiyalar\u0131 \u00fczr\u0259 spektral ayr\u0131l\u0131\u015flar\u0131n\u0131n y\u0131\u011f\u0131lmas\u0131\u201d m\u00f6vzusunda m\u0259ruz\u0259 il\u0259 \u00e7\u0131x\u0131\u015f etmi\u015fdir. M\u0259ruz\u0259 bir\u00f6l\u00e7\u00fcl\u00fc c\u0259ml\u0259n\u0259n \u0259msall\u0131 Dirak operatorunun m\u0259xsusi funksiyalar \u00fczr\u0259 Hpa\u00a0 sinfind\u0259n olan [&hellip;]<\/p>\n","protected":false},"author":6,"featured_media":219910,"comment_status":"open","ping_status":"open","sticky":false,"template":"","format":"standard","meta":{"footnotes":""},"categories":[3316],"tags":[],"_links":{"self":[{"href":"https:\/\/www.imm.az\/exp\/wp-json\/wp\/v2\/posts\/219904"}],"collection":[{"href":"https:\/\/www.imm.az\/exp\/wp-json\/wp\/v2\/posts"}],"about":[{"href":"https:\/\/www.imm.az\/exp\/wp-json\/wp\/v2\/types\/post"}],"author":[{"embeddable":true,"href":"https:\/\/www.imm.az\/exp\/wp-json\/wp\/v2\/users\/6"}],"replies":[{"embeddable":true,"href":"https:\/\/www.imm.az\/exp\/wp-json\/wp\/v2\/comments?post=219904"}],"version-history":[{"count":2,"href":"https:\/\/www.imm.az\/exp\/wp-json\/wp\/v2\/posts\/219904\/revisions"}],"predecessor-version":[{"id":219913,"href":"https:\/\/www.imm.az\/exp\/wp-json\/wp\/v2\/posts\/219904\/revisions\/219913"}],"wp:featuredmedia":[{"embeddable":true,"href":"https:\/\/www.imm.az\/exp\/wp-json\/wp\/v2\/media\/219910"}],"wp:attachment":[{"href":"https:\/\/www.imm.az\/exp\/wp-json\/wp\/v2\/media?parent=219904"}],"wp:term":[{"taxonomy":"category","embeddable":true,"href":"https:\/\/www.imm.az\/exp\/wp-json\/wp\/v2\/categories?post=219904"},{"taxonomy":"post_tag","embeddable":true,"href":"https:\/\/www.imm.az\/exp\/wp-json\/wp\/v2\/tags?post=219904"}],"curies":[{"name":"wp","href":"https:\/\/api.w.org\/{rel}","templated":true}]}}