{"id":2283,"date":"2014-06-09T13:11:33","date_gmt":"2014-06-09T08:11:33","guid":{"rendered":"http:\/\/www.imm.az\/exp\/?p=2283"},"modified":"2014-06-10T17:30:01","modified_gmt":"2014-06-10T12:30:01","slug":"qirgizistanin-issik-kul-golunun-sahilind%c9%99-turk-dunyasi-riyaziyyat-c%c9%99miyy%c9%99tinin-v-konqresi-kecirildi","status":"publish","type":"post","link":"https:\/\/www.imm.az\/exp\/2014\/06\/09\/qirgizistanin-issik-kul-golunun-sahilind%c9%99-turk-dunyasi-riyaziyyat-c%c9%99miyy%c9%99tinin-v-konqresi-kecirildi\/","title":{"rendered":"Q\u0131r\u011f\u0131z\u0131stan\u0131n \u201c\u0130ss\u0131k-kul\u201d g\u00f6l\u00fcn\u00fcn sahilind\u0259 T\u00fcrk D\u00fcnyas\u0131  Riyaziyyat  C\u0259miyy\u0259tinin V  Konqresi ke\u00e7irildi."},"content":{"rendered":"<p style=\"text-align: justify;\">5 &#8211; 7 iyunda Q\u0131r\u011f\u0131z\u0131stan\u0131n \u201c\u0130ss\u0131k-kul\u201d g\u00f6l\u00fcn\u00fcn sahilind\u0259 T\u00fcrk D\u00fcnyas\u0131\u00a0 Riyaziyyat\u00a0 C\u0259miyy\u0259tinin V\u00a0 Konqresi ke\u00e7irildi. Konqresd\u0259 T\u00fcrk d\u00fcnyas\u0131ndan v\u0259 d\u00fcnyan\u0131n m\u00fcxt\u0259lif \u00f6lk\u0259l\u0259rind\u0259n 300-\u0259 yax\u0131n riyaziyyat\u00e7\u0131 alim i\u015ftirak edirdi. Konqresd\u0259 T\u00fcrk D\u00fcnyas\u0131 Riyaziyyat C\u0259miyy\u0259tinin prezidenti, AMEA-n\u0131n Riyaziyyat v\u0259 Mexanika \u0130nstitutunun direktoru, professor Misir M\u0259rdanov, BDU-nun\u00a0 T\u0259tbiqi Riyaziyyat \u0130nstitutunun direktoru, C\u0259miyy\u0259tin vitse-prezidenti Fikr\u0259t \u018fliyev, h\u0259min institutun professoru, c\u0259miyy\u0259tin idar\u0259 hey\u0259tinin \u00fczv\u00fc Yusif Qas\u0131mov, MDU-nun Bak\u0131 filial\u0131n\u0131n professoru, idar\u0259 hey\u0259tinin \u00fczv\u00fc Azad Ta\u011f\u0131zad\u0259 v\u0259 ba\u015fqalar\u0131 i\u015ftirak edirdil\u0259r.<br \/>\nKonqresd\u0259 Misir M\u0259rdanov T\u00fcrk D\u00fcnyas\u0131 Riyaziyyat C\u0259miyy\u0259tinin prezidenti kimi 3 il \u0259rzind\u0259 idar\u0259 hey\u0259tinin f\u0259aliyy\u0259ti haqq\u0131nda geni\u015f hesabat verib.<br \/>\n\u0130yunun 7-d\u0259\u00a0 T\u00fcrk D\u00fcnyas\u0131 Riyaziyyat C\u0259miyy\u0259ti V konqresinin ba\u011flan\u0131\u015f iclas\u0131nda qar\u015f\u0131dan g\u0259l\u0259n 3 il m\u00fcdd\u0259tin\u0259 Q\u0131r\u011f\u0131z\u0131stan Elml\u0259r Akademiyas\u0131n\u0131n akademiki Altay Borubayev c\u0259miyy\u0259tin prezidenti se\u00e7ilmi\u015fdir.<br \/>\nMisir M\u0259rdanov c\u0259miyy\u0259tin F\u0259xri Prezidenti, akademik Fikr\u0259t \u018fliyev c\u0259miyy\u0259tin vitse-prezidenti, professor Azad Ta\u011f\u0131zad\u0259 v\u0259 Yusif Qas\u0131mov idar\u0259 hey\u0259tinin \u00fczv\u00fc se\u00e7ilmi\u015fl\u0259r.<br \/>\nKonqresd\u0259 T\u00fcrk D\u00fcnyas\u0131 Riyaziyyat C\u0259miyy\u0259tinin n\u00f6vb\u0259ti konqresinin 2017-ci ilin yay\u0131nda Qazax\u0131stan\u0131n Astana \u015f\u0259h\u0259rind\u0259 ke\u00e7irilm\u0259si q\u0259rara al\u0131nm\u0131\u015fd\u0131r.<br \/>\nQazax\u0131stan t\u0259r\u0259finin ay\u0131rd\u0131\u011f\u0131 10 min AB\u015e dollar\u0131 m\u0259bl\u0259\u011find\u0259 v\u0259saitin 6 min dollar\u0131 T\u00fcrk d\u00fcnyas\u0131n\u0131n g\u00f6rk\u0259mli riyaziyyat\u00e7\u0131 alimi kimi\u00a0 akademik Muxtarbay Otelbayev\u0259 verilmi\u015fdir.<br \/>\n2 min AB\u015e dollar\u0131 m\u0259bl\u0259\u011find\u0259 II m\u00fckafat c\u0259miyy\u0259tin \u201cN\u0259z\u0259ri v\u0259 t\u0259tbiqi riyaziyyat \u201c jurnal\u0131n\u0131n redaksiya hey\u0259tin\u0259 verilmi\u015fdir.<br \/>\nQalan 2 min AB\u015e dollar\u0131n\u0131n is\u0259 V konqresin T\u0259\u015fkilat Komit\u0259sin\u0259 (Q\u0131r\u011f\u0131z\u0131stan) verilm\u0259si q\u0259rara al\u0131nm\u0131\u015fd\u0131r.<br \/>\nF\u0259rqli dill\u0259rd\u0259 riyaziyyat terminl\u0259ri s\u00f6zl\u00fcy\u00fcn\u00fcn haz\u0131rlanmas\u0131 \u00fc\u00e7\u00fcn prof. Hasan Hilmi Hac\u0131saliho\u011flunun r\u0259hb\u0259rliyi il\u0259 4 n\u0259f\u0259rd\u0259n ibar\u0259t Komissiya yarad\u0131lm\u0131\u015fd\u0131r. Az\u0259rbaycandan AMEA-n\u0131n Riyaziyyat v\u0259 Mexanika \u0130nstitutunun professoru M\u0259mm\u0259d Bayramo\u011flu\u00a0 h\u0259min komissiyan\u0131n \u00fczv\u00fc se\u00e7ilmi\u015fdir.<\/p>\n<div class='entry-gallery'><div id=\"carousel-1\" class=\"single-carousel carousel slide carousel-2283\" data-ride=\"carousel\"><ol class='carousel-indicators'><li data-target=\"#carousel-1\" data-slide-to=\"0\" class=\"active\"><\/li><li data-target=\"#carousel-1\" data-slide-to=\"1\" class=\"\"><\/li><li data-target=\"#carousel-1\" data-slide-to=\"2\" class=\"\"><\/li><li data-target=\"#carousel-1\" data-slide-to=\"3\" class=\"\"><\/li><li data-target=\"#carousel-1\" data-slide-to=\"4\" class=\"\"><\/li><\/ol><div class='carousel-inner'><div class=\"carousel-item item active\"><a href='https:\/\/www.imm.az\/exp\/2014\/06\/09\/qirgizistanin-issik-kul-golunun-sahilind%c9%99-turk-dunyasi-riyaziyyat-c%c9%99miyy%c9%99tinin-v-konqresi-kecirildi\/attachment\/01\/'><img loading=\"lazy\" decoding=\"async\" width=\"526\" height=\"350\" src=\"https:\/\/www.imm.az\/exp\/wp-content\/uploads\/2014\/06\/01.jpg\" class=\"attachment-620x350 size-620x350\" alt=\"\" srcset=\"https:\/\/www.imm.az\/exp\/wp-content\/uploads\/2014\/06\/01.jpg 700w, https:\/\/www.imm.az\/exp\/wp-content\/uploads\/2014\/06\/01-300x199.jpg 300w\" sizes=\"(max-width: 526px) 100vw, 526px\" \/><\/a><\/div><div class=\"carousel-item item\"><a href='https:\/\/www.imm.az\/exp\/2014\/06\/09\/qirgizistanin-issik-kul-golunun-sahilind%c9%99-turk-dunyasi-riyaziyyat-c%c9%99miyy%c9%99tinin-v-konqresi-kecirildi\/attachment\/02\/'><img loading=\"lazy\" decoding=\"async\" width=\"526\" height=\"350\" src=\"https:\/\/www.imm.az\/exp\/wp-content\/uploads\/2014\/06\/02.jpg\" class=\"attachment-620x350 size-620x350\" alt=\"\" srcset=\"https:\/\/www.imm.az\/exp\/wp-content\/uploads\/2014\/06\/02.jpg 700w, https:\/\/www.imm.az\/exp\/wp-content\/uploads\/2014\/06\/02-300x199.jpg 300w\" sizes=\"(max-width: 526px) 100vw, 526px\" \/><\/a><\/div><div class=\"carousel-item item\"><a href='https:\/\/www.imm.az\/exp\/2014\/06\/09\/qirgizistanin-issik-kul-golunun-sahilind%c9%99-turk-dunyasi-riyaziyyat-c%c9%99miyy%c9%99tinin-v-konqresi-kecirildi\/attachment\/03\/'><img loading=\"lazy\" decoding=\"async\" width=\"526\" height=\"350\" src=\"https:\/\/www.imm.az\/exp\/wp-content\/uploads\/2014\/06\/03.jpg\" class=\"attachment-620x350 size-620x350\" alt=\"\" srcset=\"https:\/\/www.imm.az\/exp\/wp-content\/uploads\/2014\/06\/03.jpg 700w, https:\/\/www.imm.az\/exp\/wp-content\/uploads\/2014\/06\/03-300x199.jpg 300w\" sizes=\"(max-width: 526px) 100vw, 526px\" \/><\/a><\/div><div class=\"carousel-item item\"><a href='https:\/\/www.imm.az\/exp\/2014\/06\/09\/qirgizistanin-issik-kul-golunun-sahilind%c9%99-turk-dunyasi-riyaziyyat-c%c9%99miyy%c9%99tinin-v-konqresi-kecirildi\/attachment\/04\/'><img loading=\"lazy\" decoding=\"async\" width=\"526\" height=\"350\" src=\"https:\/\/www.imm.az\/exp\/wp-content\/uploads\/2014\/06\/04.jpg\" class=\"attachment-620x350 size-620x350\" alt=\"\" srcset=\"https:\/\/www.imm.az\/exp\/wp-content\/uploads\/2014\/06\/04.jpg 700w, https:\/\/www.imm.az\/exp\/wp-content\/uploads\/2014\/06\/04-300x199.jpg 300w\" sizes=\"(max-width: 526px) 100vw, 526px\" \/><\/a><\/div><div class=\"carousel-item item\"><a href='https:\/\/www.imm.az\/exp\/2014\/06\/09\/qirgizistanin-issik-kul-golunun-sahilind%c9%99-turk-dunyasi-riyaziyyat-c%c9%99miyy%c9%99tinin-v-konqresi-kecirildi\/attachment\/05\/'><img loading=\"lazy\" decoding=\"async\" width=\"526\" height=\"350\" src=\"https:\/\/www.imm.az\/exp\/wp-content\/uploads\/2014\/06\/05.jpg\" class=\"attachment-620x350 size-620x350\" alt=\"\" srcset=\"https:\/\/www.imm.az\/exp\/wp-content\/uploads\/2014\/06\/05.jpg 700w, https:\/\/www.imm.az\/exp\/wp-content\/uploads\/2014\/06\/05-300x199.jpg 300w\" sizes=\"(max-width: 526px) 100vw, 526px\" \/><\/a><\/div><\/div>\n<a class=\"carousel-control-prev\" href=\"#carousel-1\" role=\"button\" data-slide=\"prev\">\n    <span class=\"carousel-control-prev-icon\" aria-hidden=\"true\"><\/span>\n    <span class=\"sr-only\">Previous<\/span>\n  <\/a>\n\n      <a class=\"carousel-control-next\" href=\"#carousel-1\" role=\"button\" data-slide=\"next\">\n    <span class=\"carousel-control-next-icon\" aria-hidden=\"true\"><\/span>\n    <span class=\"sr-only\">Next<\/span>\n  <\/a>\n    \n    <\/div><\/div>\n","protected":false},"excerpt":{"rendered":"<p>5 &#8211; 7 iyunda Q\u0131r\u011f\u0131z\u0131stan\u0131n \u201c\u0130ss\u0131k-kul\u201d g\u00f6l\u00fcn\u00fcn sahilind\u0259 T\u00fcrk D\u00fcnyas\u0131\u00a0 Riyaziyyat\u00a0 C\u0259miyy\u0259tinin V\u00a0 Konqresi ke\u00e7irildi. Konqresd\u0259 T\u00fcrk d\u00fcnyas\u0131ndan v\u0259 d\u00fcnyan\u0131n m\u00fcxt\u0259lif \u00f6lk\u0259l\u0259rind\u0259n 300-\u0259 yax\u0131n riyaziyyat\u00e7\u0131 alim i\u015ftirak edirdi. Konqresd\u0259 T\u00fcrk D\u00fcnyas\u0131 Riyaziyyat C\u0259miyy\u0259tinin prezidenti, AMEA-n\u0131n Riyaziyyat v\u0259 Mexanika \u0130nstitutunun direktoru, professor Misir M\u0259rdanov, BDU-nun\u00a0 T\u0259tbiqi Riyaziyyat \u0130nstitutunun direktoru, C\u0259miyy\u0259tin vitse-prezidenti Fikr\u0259t \u018fliyev, h\u0259min institutun professoru, [&hellip;]<\/p>\n","protected":false},"author":6,"featured_media":0,"comment_status":"open","ping_status":"open","sticky":false,"template":"","format":"standard","meta":{"footnotes":""},"categories":[77],"tags":[],"_links":{"self":[{"href":"https:\/\/www.imm.az\/exp\/wp-json\/wp\/v2\/posts\/2283"}],"collection":[{"href":"https:\/\/www.imm.az\/exp\/wp-json\/wp\/v2\/posts"}],"about":[{"href":"https:\/\/www.imm.az\/exp\/wp-json\/wp\/v2\/types\/post"}],"author":[{"embeddable":true,"href":"https:\/\/www.imm.az\/exp\/wp-json\/wp\/v2\/users\/6"}],"replies":[{"embeddable":true,"href":"https:\/\/www.imm.az\/exp\/wp-json\/wp\/v2\/comments?post=2283"}],"version-history":[{"count":5,"href":"https:\/\/www.imm.az\/exp\/wp-json\/wp\/v2\/posts\/2283\/revisions"}],"predecessor-version":[{"id":2309,"href":"https:\/\/www.imm.az\/exp\/wp-json\/wp\/v2\/posts\/2283\/revisions\/2309"}],"wp:attachment":[{"href":"https:\/\/www.imm.az\/exp\/wp-json\/wp\/v2\/media?parent=2283"}],"wp:term":[{"taxonomy":"category","embeddable":true,"href":"https:\/\/www.imm.az\/exp\/wp-json\/wp\/v2\/categories?post=2283"},{"taxonomy":"post_tag","embeddable":true,"href":"https:\/\/www.imm.az\/exp\/wp-json\/wp\/v2\/tags?post=2283"}],"curies":[{"name":"wp","href":"https:\/\/api.w.org\/{rel}","templated":true}]}}