{"id":3116,"date":"2014-09-17T16:16:46","date_gmt":"2014-09-17T11:16:46","guid":{"rendered":"http:\/\/www.imm.az\/exp\/?p=3116"},"modified":"2014-09-18T10:30:48","modified_gmt":"2014-09-18T05:30:48","slug":"e-l-a-n-42","status":"publish","type":"post","link":"https:\/\/www.imm.az\/exp\/2014\/09\/17\/e-l-a-n-42\/","title":{"rendered":"AMEA Riyaziyyat v\u0259 Mexanika \u0130nstitutunda Elmi \u015euran\u0131n iclas\u0131 ke\u00e7irildi"},"content":{"rendered":"<p style=\"text-align: justify;\">Sentyabr\u0131n 17-d\u0259 AMEA Riyaziyyat v\u0259 Mexanika \u0130nstitutunda Elmi \u015euran\u0131n iclas\u0131 ke\u00e7irildi. \u0130clasda qar\u015f\u0131da duran m\u0259s\u0259l\u0259l\u0259r haqq\u0131nda \u0259trafl\u0131 m\u00fczakir\u0259l\u0259r apar\u0131ld\u0131. Az\u0259rbaycan Respublikas\u0131nda riyaziyyat v\u0259 mexanika sah\u0259si \u00fczr\u0259 apar\u0131lacaq elmi t\u0259dqiqat i\u015fl\u0259rinin prioritet istiqam\u0259tl\u0259rinin m\u00fc\u0259yy\u0259n\u0259\u015fdirilm\u0259si m\u0259qs\u0259dil\u0259 t\u0259klifl\u0259r dinl\u0259nildi. \u0130nstitutun t\u0259\u015fkil etdiyi \u201cRiyaziyyat\u0131n, astronomiyan\u0131n tarixi, m\u00f6vcud durumu v\u0259 g\u0259l\u0259c\u0259y\u0259 bax\u0131\u015f\u201d adl\u0131 N. Tusinin xatir\u0259sin\u0259 h\u0259sr olunmu\u015f beyn\u0259lxalq konfrans\u0131n yekunlar\u0131 haqq\u0131nda \u015eura \u00fczvl\u0259rin\u0259 m\u0259lumat verildi. \u018fm\u0259kda\u015flar\u0131n \u201cBak\u0131 Elm Festival\u0131\u201d na t\u0259qdim ed\u0259c\u0259kl\u0259ri t\u0259dqiqat materiallar\u0131 haqq\u0131nda dan\u0131\u015f\u0131ld\u0131 v\u0259 siyah\u0131ya al\u0131nd\u0131.<br \/>\nElmi \u015eurada \u201cMaye v\u0259 qaz mexanikas\u0131\u201d \u015f\u00f6b\u0259sinin b\u00f6y\u00fck elmi i\u015f\u00e7isi, riyaziyyat \u00fczr\u0259 f\u0259ls\u0259f\u0259 doktoru Af\u0259t Y\u00fczba\u015f\u0131yevaya \u201cMaye, qaz v\u0259 plazma mexanikas\u0131\u201d ixtisas\u0131 \u00fczr\u0259 dosent elmi ad\u0131n\u0131n verilm\u0259si q\u0259rara al\u0131nd\u0131.<br \/>\n\u0130clasda son olaraq institutda doktorantura v\u0259 dissertanturaya q\u0259bul prosesi haqq\u0131nda m\u00fczakir\u0259l\u0259r apar\u0131ld\u0131.<\/p>\n<div class='entry-gallery'><div id=\"carousel-1\" class=\"single-carousel carousel slide carousel-3116\" data-ride=\"carousel\"><ol class='carousel-indicators'><li data-target=\"#carousel-1\" data-slide-to=\"0\" class=\"active\"><\/li><li data-target=\"#carousel-1\" data-slide-to=\"1\" class=\"\"><\/li><li data-target=\"#carousel-1\" data-slide-to=\"2\" class=\"\"><\/li><li data-target=\"#carousel-1\" data-slide-to=\"3\" class=\"\"><\/li><\/ol><div class='carousel-inner'><div class=\"carousel-item item active\"><a href='https:\/\/www.imm.az\/exp\/2014\/09\/17\/e-l-a-n-42\/17-09-2014_elmi_shura1\/'><img loading=\"lazy\" decoding=\"async\" width=\"525\" height=\"350\" src=\"https:\/\/www.imm.az\/exp\/wp-content\/uploads\/2014\/09\/17.09.2014_elmi_shura1.jpg\" class=\"attachment-620x350 size-620x350\" alt=\"\" srcset=\"https:\/\/www.imm.az\/exp\/wp-content\/uploads\/2014\/09\/17.09.2014_elmi_shura1.jpg 700w, https:\/\/www.imm.az\/exp\/wp-content\/uploads\/2014\/09\/17.09.2014_elmi_shura1-300x200.jpg 300w\" sizes=\"(max-width: 525px) 100vw, 525px\" \/><\/a><\/div><div class=\"carousel-item item\"><a href='https:\/\/www.imm.az\/exp\/2014\/09\/17\/e-l-a-n-42\/17-09-2014_elmi_shura2\/'><img loading=\"lazy\" decoding=\"async\" width=\"525\" height=\"350\" src=\"https:\/\/www.imm.az\/exp\/wp-content\/uploads\/2014\/09\/17.09.2014_elmi_shura2.jpg\" class=\"attachment-620x350 size-620x350\" alt=\"\" srcset=\"https:\/\/www.imm.az\/exp\/wp-content\/uploads\/2014\/09\/17.09.2014_elmi_shura2.jpg 700w, https:\/\/www.imm.az\/exp\/wp-content\/uploads\/2014\/09\/17.09.2014_elmi_shura2-300x200.jpg 300w\" sizes=\"(max-width: 525px) 100vw, 525px\" \/><\/a><\/div><div class=\"carousel-item item\"><a href='https:\/\/www.imm.az\/exp\/2014\/09\/17\/e-l-a-n-42\/17-09-2014_elmi_shura3\/'><img loading=\"lazy\" decoding=\"async\" width=\"525\" height=\"350\" src=\"https:\/\/www.imm.az\/exp\/wp-content\/uploads\/2014\/09\/17.09.2014_elmi_shura3.jpg\" class=\"attachment-620x350 size-620x350\" alt=\"\" srcset=\"https:\/\/www.imm.az\/exp\/wp-content\/uploads\/2014\/09\/17.09.2014_elmi_shura3.jpg 700w, https:\/\/www.imm.az\/exp\/wp-content\/uploads\/2014\/09\/17.09.2014_elmi_shura3-300x200.jpg 300w\" sizes=\"(max-width: 525px) 100vw, 525px\" \/><\/a><\/div><div class=\"carousel-item item\"><a href='https:\/\/www.imm.az\/exp\/2014\/09\/17\/e-l-a-n-42\/17-09-2014_elmi_shura4\/'><img loading=\"lazy\" decoding=\"async\" width=\"525\" height=\"350\" src=\"https:\/\/www.imm.az\/exp\/wp-content\/uploads\/2014\/09\/17.09.2014_elmi_shura4.jpg\" class=\"attachment-620x350 size-620x350\" alt=\"\" srcset=\"https:\/\/www.imm.az\/exp\/wp-content\/uploads\/2014\/09\/17.09.2014_elmi_shura4.jpg 700w, https:\/\/www.imm.az\/exp\/wp-content\/uploads\/2014\/09\/17.09.2014_elmi_shura4-300x200.jpg 300w\" sizes=\"(max-width: 525px) 100vw, 525px\" \/><\/a><\/div><\/div>\n<a class=\"carousel-control-prev\" href=\"#carousel-1\" role=\"button\" data-slide=\"prev\">\n    <span class=\"carousel-control-prev-icon\" aria-hidden=\"true\"><\/span>\n    <span class=\"sr-only\">Previous<\/span>\n  <\/a>\n\n      <a class=\"carousel-control-next\" href=\"#carousel-1\" role=\"button\" data-slide=\"next\">\n    <span class=\"carousel-control-next-icon\" aria-hidden=\"true\"><\/span>\n    <span class=\"sr-only\">Next<\/span>\n  <\/a>\n    \n    <\/div><\/div>\n","protected":false},"excerpt":{"rendered":"<p>Sentyabr\u0131n 17-d\u0259 AMEA Riyaziyyat v\u0259 Mexanika \u0130nstitutunda Elmi \u015euran\u0131n iclas\u0131 ke\u00e7irildi. \u0130clasda qar\u015f\u0131da duran m\u0259s\u0259l\u0259l\u0259r haqq\u0131nda \u0259trafl\u0131 m\u00fczakir\u0259l\u0259r apar\u0131ld\u0131. Az\u0259rbaycan Respublikas\u0131nda riyaziyyat v\u0259 mexanika sah\u0259si \u00fczr\u0259 apar\u0131lacaq elmi t\u0259dqiqat i\u015fl\u0259rinin prioritet istiqam\u0259tl\u0259rinin m\u00fc\u0259yy\u0259n\u0259\u015fdirilm\u0259si m\u0259qs\u0259dil\u0259 t\u0259klifl\u0259r dinl\u0259nildi. \u0130nstitutun t\u0259\u015fkil etdiyi \u201cRiyaziyyat\u0131n, astronomiyan\u0131n tarixi, m\u00f6vcud durumu v\u0259 g\u0259l\u0259c\u0259y\u0259 bax\u0131\u015f\u201d adl\u0131 N. Tusinin xatir\u0259sin\u0259 h\u0259sr olunmu\u015f beyn\u0259lxalq konfrans\u0131n [&hellip;]<\/p>\n","protected":false},"author":6,"featured_media":0,"comment_status":"open","ping_status":"open","sticky":false,"template":"","format":"standard","meta":{"footnotes":""},"categories":[77],"tags":[],"_links":{"self":[{"href":"https:\/\/www.imm.az\/exp\/wp-json\/wp\/v2\/posts\/3116"}],"collection":[{"href":"https:\/\/www.imm.az\/exp\/wp-json\/wp\/v2\/posts"}],"about":[{"href":"https:\/\/www.imm.az\/exp\/wp-json\/wp\/v2\/types\/post"}],"author":[{"embeddable":true,"href":"https:\/\/www.imm.az\/exp\/wp-json\/wp\/v2\/users\/6"}],"replies":[{"embeddable":true,"href":"https:\/\/www.imm.az\/exp\/wp-json\/wp\/v2\/comments?post=3116"}],"version-history":[{"count":2,"href":"https:\/\/www.imm.az\/exp\/wp-json\/wp\/v2\/posts\/3116\/revisions"}],"predecessor-version":[{"id":3122,"href":"https:\/\/www.imm.az\/exp\/wp-json\/wp\/v2\/posts\/3116\/revisions\/3122"}],"wp:attachment":[{"href":"https:\/\/www.imm.az\/exp\/wp-json\/wp\/v2\/media?parent=3116"}],"wp:term":[{"taxonomy":"category","embeddable":true,"href":"https:\/\/www.imm.az\/exp\/wp-json\/wp\/v2\/categories?post=3116"},{"taxonomy":"post_tag","embeddable":true,"href":"https:\/\/www.imm.az\/exp\/wp-json\/wp\/v2\/tags?post=3116"}],"curies":[{"name":"wp","href":"https:\/\/api.w.org\/{rel}","templated":true}]}}