{"id":32940,"date":"2020-11-24T20:48:05","date_gmt":"2020-11-24T16:48:05","guid":{"rendered":"http:\/\/www.imm.az\/exp\/?p=32940"},"modified":"2020-11-24T20:52:01","modified_gmt":"2020-11-24T16:52:01","slug":"azix-magarasina-aid-arxeoloji-tapintilar-bakiya-g%c9%99tirilib","status":"publish","type":"post","link":"https:\/\/www.imm.az\/exp\/2020\/11\/24\/azix-magarasina-aid-arxeoloji-tapintilar-bakiya-g%c9%99tirilib\/","title":{"rendered":"Az\u0131x ma\u011faras\u0131na aid arxeoloji tap\u0131nt\u0131lar Bak\u0131ya g\u0259tirilib"},"content":{"rendered":"<p class=\"sizeable\" style=\"text-align: justify;\">AMEA-n\u0131n\u00a0<a class=\"sizeable\" href=\"http:\/\/www.science.gov.az\/institutes\/761\" target=\"_blank\" rel=\"noopener noreferrer\">Arxeologiya v\u0259 Etnoqrafiya \u0130nstitutu<\/a>nun elmi i\u015fl\u0259r \u00fczr\u0259 direktor m\u00fcavini, tarix elml\u0259ri doktoru, professor\u00a0<a class=\"sizeable\" href=\"http:\/\/www.science.gov.az\/forms\/doktora-nauk-instituta-arheologii-i-etnografii\/3526\" target=\"_blank\" rel=\"noopener noreferrer\">N\u0259c\u0259f M\u00fcseyibli<\/a>\u00a0Az\u0259rbaycan ictimaiyy\u0259ti \u00fc\u00e7\u00fcn m\u00fch\u00fcm v\u0259 d\u00f6vl\u0259t \u0259h\u0259miyy\u0259tli m\u0259lumat a\u00e7\u0131qlay\u0131b.<\/p>\n<p class=\"sizeable\" style=\"text-align: justify;\">N\u0259c\u0259f M\u00fcseyibli bildirib ki, Az\u0259rbaycan Respublikas\u0131n\u0131n Prezidenti, Silahl\u0131 Q\u00fcvv\u0259l\u0259rin M\u00fcz\u0259ff\u0259r Ali Ba\u015f Komandan\u0131 c\u0259nab \u0130lham \u018fliyevin r\u0259hb\u0259rliyi alt\u0131nda ordumuz t\u0259r\u0259find\u0259n torpaqlar\u0131m\u0131zla birlikd\u0259 q\u0259dim abid\u0259l\u0259rimiz d\u0259 i\u015f\u011faldan azad olunub. Otuz il\u0259 yax\u0131n bir m\u00fcdd\u0259td\u0259 Erm\u0259nistan i\u015f\u011fal alt\u0131ndak\u0131 \u0259razil\u0259rimizd\u0259ki tarixi abid\u0259l\u0259rd\u0259 beyn\u0259lxalq konvensiyalara zidd olaraq qanunsuz arxeoloji t\u0259dqiqatlar apar\u0131b v\u0259 bu i\u015f\u0259 b\u0259zi Avropa aliml\u0259rini d\u0259 c\u0259lb edib. Bununla \u0259laq\u0259dar olaraq art\u0131q Az\u0259rbaycan Respublikas\u0131 Prokurorlu\u011funda cinay\u0259t i\u015fi a\u00e7\u0131l\u0131b v\u0259 m\u00fcvafiq t\u0259dbirl\u0259r h\u0259yata ke\u00e7irilir.<\/p>\n<p class=\"sizeable\" style=\"text-align: justify;\">Professor N\u0259c\u0259f M\u00fcseyiblinin s\u00f6zl\u0259rin\u0259 g\u00f6r\u0259, bir ne\u00e7\u0259 g\u00fcn \u0259vv\u0259l Az\u0259rbaycan h\u0259rb\u00e7il\u0259ri Xocav\u0259nd rayonunun i\u015f\u011faldan azad edilmi\u015f Az\u0131x k\u0259ndind\u0259ki evl\u0259rd\u0259n birin\u0259 bax\u0131\u015f zaman\u0131 \u00fcz\u0259rind\u0259 \u201cAz\u0131x\u201d yaz\u0131lm\u0131\u015f v\u0259 i\u00e7\u0259risind\u0259 arxeoloji materiallar\u0131n oldu\u011fu qutular a\u015fkar etm\u0259l\u0259ri bar\u0259d\u0259 Arxeologiya v\u0259 Etnoqrafiya \u0130nstitutuna m\u0259lumat veribl\u0259r. Bununla \u0259laq\u0259dar olaraq m\u00fc\u0259ssis\u0259 t\u0259r\u0259find\u0259n Az\u0259rbaycan Respublikas\u0131 D\u00f6vl\u0259t T\u0259hl\u00fck\u0259sizliyi Xidm\u0259ti v\u0259 AMEA-n\u0131n r\u0259hb\u0259rliyi m\u0259lumatland\u0131r\u0131l\u0131b.<\/p>\n<p class=\"sizeable\" style=\"text-align: justify;\">M\u0259lumat m\u00fch\u00fcm \u0259h\u0259miyy\u0259t k\u0259sb etdiyi \u00fc\u00e7\u00fcn t\u0259cili olaraq Az\u0259rbaycan Respublikas\u0131 D\u00f6vl\u0259t T\u0259hl\u00fck\u0259sizliyi Xidm\u0259tinin n\u00fcmay\u0259nd\u0259si il\u0259 birg\u0259 institutun \u0259m\u0259kda\u015f\u0131, tarix \u00fczr\u0259 f\u0259ls\u0259f\u0259 doktoru Azad Zeynalov h\u0259min rayona ezam olunub. Yerind\u0259 bax\u0131\u015f zaman\u0131 m\u00fc\u0259yy\u0259n edilib ki, bu qutularda i\u015f\u011fal m\u00fcdd\u0259tind\u0259 d\u00fcnya \u0259h\u0259miyy\u0259tli abid\u0259, paleolit d\u00f6vr\u00fcn\u0259 aid ibtidai insan d\u00fc\u015f\u0259rg\u0259si olan Az\u0131x ma\u011faras\u0131nda Erm\u0259nistan v\u0259 dig\u0259r \u00f6lk\u0259l\u0259rin aliml\u0259rinin apard\u0131qlar\u0131 qanunsuz arxeoloji qaz\u0131nt\u0131lar n\u0259tic\u0259sind\u0259 a\u015fkar edil\u0259n tap\u0131nt\u0131lar qabla\u015fd\u0131r\u0131l\u0131b. Bunlar\u0131n \u0259ks\u0259riyy\u0259ti q\u0259dim fauna qal\u0131qlar\u0131d\u0131r. 90-a yax\u0131n plastik qutulardak\u0131 bu tap\u0131nt\u0131lar d\u00fcn\u0259n ax\u015fam Bak\u0131ya g\u0259tiril\u0259r\u0259k institutun Arxeoloji Fondunda yerl\u0259\u015fdirilib.<\/p>\n<p class=\"sizeable\" style=\"text-align: justify;\">Maraql\u0131d\u0131r ki, qutular\u0131n birind\u0259 i\u015f\u011fal\u00e7\u0131lar\u0131n qanunsuz ekspedisiyas\u0131n\u0131n b\u0259zi \u00e7\u00f6l-t\u0259dqiqat s\u0259n\u0259dl\u0259ri a\u015fkar olunub. G\u00f6r\u00fcn\u00fcr, i\u015f\u011fal\u00e7\u0131lar bu tap\u0131nt\u0131lar\u0131 \u00f6zl\u0259ri il\u0259 birg\u0259 Az\u0259rbaycan Respublikas\u0131ndan \u00e7\u0131xarma\u011fa imkan tapmay\u0131blar. Amma qanunsuz qaz\u0131nt\u0131lar\u0131n b\u00fct\u00fcn tap\u0131nt\u0131lar\u0131n\u0131n ham\u0131s\u0131n\u0131n burada olub-olmad\u0131\u011f\u0131 da m\u0259lum deyil.<\/p>\n<p class=\"sizeable\" style=\"text-align: justify;\">Professor N\u0259c\u0259f M\u00fcseyiblinin bildirdiyin\u0259 g\u00f6r\u0259, b\u00fct\u00fcn bu tap\u0131nt\u0131lar Arxeologiya v\u0259 Etnoqrafiya \u0130nstitutunda ara\u015fd\u0131r\u0131lacaq, t\u0259hlil edil\u0259c\u0259k, bu bar\u0259d\u0259 Az\u0259rbaycan Respublikas\u0131 Prokurorlu\u011funa v\u0259 geni\u015f ictimaiyy\u0259t\u0259 \u0259trafl\u0131 m\u0259lumat veril\u0259c\u0259k. Aliml\u0259rimiz bu i\u015fd\u0259 \u0259m\u0259yi olan h\u0259rb\u00e7il\u0259rimiz\u0259 v\u0259 Az\u0259rbaycan Respublikas\u0131 D\u00f6vl\u0259t T\u0259hl\u00fck\u0259sizliyi Xidm\u0259tin\u0259 d\u0259rin t\u0259\u015f\u0259kk\u00fcrl\u0259rini bildirirl\u0259r.<\/p>\n<p>\u00a9 M\u0259nb\u0259:\u00a0<a href=\"http:\/\/www.science.az\/\">www.science.az<\/a><\/p>\n","protected":false},"excerpt":{"rendered":"<p>AMEA-n\u0131n\u00a0Arxeologiya v\u0259 Etnoqrafiya \u0130nstitutunun elmi i\u015fl\u0259r \u00fczr\u0259 direktor m\u00fcavini, tarix elml\u0259ri doktoru, professor\u00a0N\u0259c\u0259f M\u00fcseyibli\u00a0Az\u0259rbaycan ictimaiyy\u0259ti \u00fc\u00e7\u00fcn m\u00fch\u00fcm v\u0259 d\u00f6vl\u0259t \u0259h\u0259miyy\u0259tli m\u0259lumat a\u00e7\u0131qlay\u0131b. N\u0259c\u0259f M\u00fcseyibli bildirib ki, Az\u0259rbaycan Respublikas\u0131n\u0131n Prezidenti, Silahl\u0131 Q\u00fcvv\u0259l\u0259rin M\u00fcz\u0259ff\u0259r Ali Ba\u015f Komandan\u0131 c\u0259nab \u0130lham \u018fliyevin r\u0259hb\u0259rliyi alt\u0131nda ordumuz t\u0259r\u0259find\u0259n torpaqlar\u0131m\u0131zla birlikd\u0259 q\u0259dim abid\u0259l\u0259rimiz d\u0259 i\u015f\u011faldan azad olunub. Otuz il\u0259 yax\u0131n bir m\u00fcdd\u0259td\u0259 [&hellip;]<\/p>\n","protected":false},"author":6,"featured_media":32942,"comment_status":"open","ping_status":"open","sticky":false,"template":"","format":"standard","meta":{"footnotes":""},"categories":[421],"tags":[],"_links":{"self":[{"href":"https:\/\/www.imm.az\/exp\/wp-json\/wp\/v2\/posts\/32940"}],"collection":[{"href":"https:\/\/www.imm.az\/exp\/wp-json\/wp\/v2\/posts"}],"about":[{"href":"https:\/\/www.imm.az\/exp\/wp-json\/wp\/v2\/types\/post"}],"author":[{"embeddable":true,"href":"https:\/\/www.imm.az\/exp\/wp-json\/wp\/v2\/users\/6"}],"replies":[{"embeddable":true,"href":"https:\/\/www.imm.az\/exp\/wp-json\/wp\/v2\/comments?post=32940"}],"version-history":[{"count":2,"href":"https:\/\/www.imm.az\/exp\/wp-json\/wp\/v2\/posts\/32940\/revisions"}],"predecessor-version":[{"id":32944,"href":"https:\/\/www.imm.az\/exp\/wp-json\/wp\/v2\/posts\/32940\/revisions\/32944"}],"wp:featuredmedia":[{"embeddable":true,"href":"https:\/\/www.imm.az\/exp\/wp-json\/wp\/v2\/media\/32942"}],"wp:attachment":[{"href":"https:\/\/www.imm.az\/exp\/wp-json\/wp\/v2\/media?parent=32940"}],"wp:term":[{"taxonomy":"category","embeddable":true,"href":"https:\/\/www.imm.az\/exp\/wp-json\/wp\/v2\/categories?post=32940"},{"taxonomy":"post_tag","embeddable":true,"href":"https:\/\/www.imm.az\/exp\/wp-json\/wp\/v2\/tags?post=32940"}],"curies":[{"name":"wp","href":"https:\/\/api.w.org\/{rel}","templated":true}]}}