{"id":33096,"date":"2020-12-04T00:02:49","date_gmt":"2020-12-03T20:02:49","guid":{"rendered":"http:\/\/www.imm.az\/exp\/?p=33096"},"modified":"2020-12-04T00:02:53","modified_gmt":"2020-12-03T20:02:53","slug":"az%c9%99rbaycan-respublikasinda-z%c9%99f%c9%99r-gununun-t%c9%99sis-edilm%c9%99si-haqqinda-az%c9%99rbaycan-respublikasi-prezidentinin-2020-ci-il-2-dekabr-tarixli-2312-nomr%c9%99li-s","status":"publish","type":"post","link":"https:\/\/www.imm.az\/exp\/2020\/12\/04\/az%c9%99rbaycan-respublikasinda-z%c9%99f%c9%99r-gununun-t%c9%99sis-edilm%c9%99si-haqqinda-az%c9%99rbaycan-respublikasi-prezidentinin-2020-ci-il-2-dekabr-tarixli-2312-nomr%c9%99li-s\/","title":{"rendered":"\u201cAz\u0259rbaycan Respublikas\u0131nda Z\u0259f\u0259r G\u00fcn\u00fcn\u00fcn t\u0259sis edilm\u0259si haqq\u0131nda\u201d Az\u0259rbaycan Respublikas\u0131 Prezidentinin 2020-ci il 2 dekabr tarixli 2312 n\u00f6mr\u0259li S\u0259r\u0259ncam\u0131n\u0131n l\u0259\u011fv edilm\u0259si bar\u0259d\u0259 Az\u0259rbaycan Respublikas\u0131 Prezidentinin S\u0259r\u0259ncam\u0131"},"content":{"rendered":"<p class=\"sizeable\">Az\u0259rbaycan Respublikas\u0131 Konstitusiyas\u0131n\u0131n 109-cu madd\u0259sinin 32-ci b\u0259ndini r\u0259hb\u0259r tutaraq q\u0259rara al\u0131ram:<\/p>\n<p class=\"sizeable\">\u201cAz\u0259rbaycan Respublikas\u0131nda Z\u0259f\u0259r G\u00fcn\u00fcn\u00fcn t\u0259sis edilm\u0259si haqq\u0131nda\u201d Az\u0259rbaycan Respublikas\u0131 Prezidentinin 2020-ci il 2 dekabr tarixli 2312 n\u00f6mr\u0259li S\u0259r\u0259ncam\u0131 l\u0259\u011fv edilsin.<\/p>\n<p class=\"sizeable\">\u0130lham \u018fliyev<\/p>\n<p class=\"sizeable\">Az\u0259rbaycan Respublikas\u0131n\u0131n Prezidenti<\/p>\n<p class=\"sizeable\">Bak\u0131 \u015f\u0259h\u0259ri, 3 dekabr 2020-ci il.<\/p>\n<p>\u00a9 M\u0259nb\u0259:\u00a0<a href=\"http:\/\/www.science.az\/\">www.science.az<\/a><\/p>\n","protected":false},"excerpt":{"rendered":"<p>Az\u0259rbaycan Respublikas\u0131 Konstitusiyas\u0131n\u0131n 109-cu madd\u0259sinin 32-ci b\u0259ndini r\u0259hb\u0259r tutaraq q\u0259rara al\u0131ram: \u201cAz\u0259rbaycan Respublikas\u0131nda Z\u0259f\u0259r G\u00fcn\u00fcn\u00fcn t\u0259sis edilm\u0259si haqq\u0131nda\u201d Az\u0259rbaycan Respublikas\u0131 Prezidentinin 2020-ci il 2 dekabr tarixli 2312 n\u00f6mr\u0259li S\u0259r\u0259ncam\u0131 l\u0259\u011fv edilsin. \u0130lham \u018fliyev Az\u0259rbaycan Respublikas\u0131n\u0131n Prezidenti Bak\u0131 \u015f\u0259h\u0259ri, 3 dekabr 2020-ci il. \u00a9 M\u0259nb\u0259:\u00a0www.science.az<\/p>\n","protected":false},"author":6,"featured_media":33097,"comment_status":"open","ping_status":"open","sticky":false,"template":"","format":"standard","meta":{"footnotes":""},"categories":[421],"tags":[],"_links":{"self":[{"href":"https:\/\/www.imm.az\/exp\/wp-json\/wp\/v2\/posts\/33096"}],"collection":[{"href":"https:\/\/www.imm.az\/exp\/wp-json\/wp\/v2\/posts"}],"about":[{"href":"https:\/\/www.imm.az\/exp\/wp-json\/wp\/v2\/types\/post"}],"author":[{"embeddable":true,"href":"https:\/\/www.imm.az\/exp\/wp-json\/wp\/v2\/users\/6"}],"replies":[{"embeddable":true,"href":"https:\/\/www.imm.az\/exp\/wp-json\/wp\/v2\/comments?post=33096"}],"version-history":[{"count":1,"href":"https:\/\/www.imm.az\/exp\/wp-json\/wp\/v2\/posts\/33096\/revisions"}],"predecessor-version":[{"id":33098,"href":"https:\/\/www.imm.az\/exp\/wp-json\/wp\/v2\/posts\/33096\/revisions\/33098"}],"wp:featuredmedia":[{"embeddable":true,"href":"https:\/\/www.imm.az\/exp\/wp-json\/wp\/v2\/media\/33097"}],"wp:attachment":[{"href":"https:\/\/www.imm.az\/exp\/wp-json\/wp\/v2\/media?parent=33096"}],"wp:term":[{"taxonomy":"category","embeddable":true,"href":"https:\/\/www.imm.az\/exp\/wp-json\/wp\/v2\/categories?post=33096"},{"taxonomy":"post_tag","embeddable":true,"href":"https:\/\/www.imm.az\/exp\/wp-json\/wp\/v2\/tags?post=33096"}],"curies":[{"name":"wp","href":"https:\/\/api.w.org\/{rel}","templated":true}]}}