{"id":33164,"date":"2020-12-10T13:35:36","date_gmt":"2020-12-10T09:35:36","guid":{"rendered":"http:\/\/www.imm.az\/exp\/?p=33164"},"modified":"2020-12-10T13:35:37","modified_gmt":"2020-12-10T09:35:37","slug":"prezident-ilham-%c9%99liyev-v%c9%99-prezident-r%c9%99c%c9%99b-tayyib-%c9%99rdogan-umummilli-lider-heyd%c9%99r-%c9%99liyevin-m%c9%99zarini-ziyar%c9%99t-edibl%c9%99r","status":"publish","type":"post","link":"https:\/\/www.imm.az\/exp\/2020\/12\/10\/prezident-ilham-%c9%99liyev-v%c9%99-prezident-r%c9%99c%c9%99b-tayyib-%c9%99rdogan-umummilli-lider-heyd%c9%99r-%c9%99liyevin-m%c9%99zarini-ziyar%c9%99t-edibl%c9%99r\/","title":{"rendered":"Prezident \u0130lham \u018fliyev v\u0259 Prezident R\u0259c\u0259b Tayyib \u018frdo\u011fan \u00fcmummilli lider Heyd\u0259r \u018fliyevin m\u0259zar\u0131n\u0131 ziyar\u0259t edibl\u0259r"},"content":{"rendered":"<p>Az\u0259rbaycan Respublikas\u0131n\u0131n Prezidenti \u0130lham \u018fliyev v\u0259 \u00f6lk\u0259mizd\u0259 r\u0259smi s\u0259f\u0259rd\u0259 olan T\u00fcrkiy\u0259 Respublikas\u0131n\u0131n Prezidenti R\u0259c\u0259b Tayyib \u018frdo\u011fan dekabr\u0131n 10-da F\u0259xri xiyabana g\u0259l\u0259r\u0259k xalq\u0131m\u0131z\u0131n \u00fcmummilli lideri, m\u00fcasir m\u00fcst\u0259qil Az\u0259rbaycan d\u00f6vl\u0259tinin memar\u0131 v\u0259 qurucusu Heyd\u0259r \u018fliyevin xatir\u0259sini ehtiramla yad edibl\u0259r.<\/p>\n<p><a class=\"azertac-link\" href=\"https:\/\/azertag.az\/\" target=\"_blank\" rel=\"noopener noreferrer\">AZ\u018fRTAC<\/a>\u00a0x\u0259b\u0259r verir ki, d\u00f6vl\u0259t ba\u015f\u00e7\u0131lar\u0131 Ulu \u00d6nd\u0259rin m\u0259zar\u0131 \u00f6n\u00fcn\u0259 \u0259klill\u0259r qoyublar.<\/p>\n<p>\u00a9 M\u0259nb\u0259: www.azertag.az<\/p>\n","protected":false},"excerpt":{"rendered":"<p>Az\u0259rbaycan Respublikas\u0131n\u0131n Prezidenti \u0130lham \u018fliyev v\u0259 \u00f6lk\u0259mizd\u0259 r\u0259smi s\u0259f\u0259rd\u0259 olan T\u00fcrkiy\u0259 Respublikas\u0131n\u0131n Prezidenti R\u0259c\u0259b Tayyib \u018frdo\u011fan dekabr\u0131n 10-da F\u0259xri xiyabana g\u0259l\u0259r\u0259k xalq\u0131m\u0131z\u0131n \u00fcmummilli lideri, m\u00fcasir m\u00fcst\u0259qil Az\u0259rbaycan d\u00f6vl\u0259tinin memar\u0131 v\u0259 qurucusu Heyd\u0259r \u018fliyevin xatir\u0259sini ehtiramla yad edibl\u0259r. AZ\u018fRTAC\u00a0x\u0259b\u0259r verir ki, d\u00f6vl\u0259t ba\u015f\u00e7\u0131lar\u0131 Ulu \u00d6nd\u0259rin m\u0259zar\u0131 \u00f6n\u00fcn\u0259 \u0259klill\u0259r qoyublar. \u00a9 M\u0259nb\u0259: www.azertag.az<\/p>\n","protected":false},"author":6,"featured_media":33165,"comment_status":"open","ping_status":"open","sticky":false,"template":"","format":"standard","meta":{"footnotes":""},"categories":[421],"tags":[],"_links":{"self":[{"href":"https:\/\/www.imm.az\/exp\/wp-json\/wp\/v2\/posts\/33164"}],"collection":[{"href":"https:\/\/www.imm.az\/exp\/wp-json\/wp\/v2\/posts"}],"about":[{"href":"https:\/\/www.imm.az\/exp\/wp-json\/wp\/v2\/types\/post"}],"author":[{"embeddable":true,"href":"https:\/\/www.imm.az\/exp\/wp-json\/wp\/v2\/users\/6"}],"replies":[{"embeddable":true,"href":"https:\/\/www.imm.az\/exp\/wp-json\/wp\/v2\/comments?post=33164"}],"version-history":[{"count":2,"href":"https:\/\/www.imm.az\/exp\/wp-json\/wp\/v2\/posts\/33164\/revisions"}],"predecessor-version":[{"id":33167,"href":"https:\/\/www.imm.az\/exp\/wp-json\/wp\/v2\/posts\/33164\/revisions\/33167"}],"wp:featuredmedia":[{"embeddable":true,"href":"https:\/\/www.imm.az\/exp\/wp-json\/wp\/v2\/media\/33165"}],"wp:attachment":[{"href":"https:\/\/www.imm.az\/exp\/wp-json\/wp\/v2\/media?parent=33164"}],"wp:term":[{"taxonomy":"category","embeddable":true,"href":"https:\/\/www.imm.az\/exp\/wp-json\/wp\/v2\/categories?post=33164"},{"taxonomy":"post_tag","embeddable":true,"href":"https:\/\/www.imm.az\/exp\/wp-json\/wp\/v2\/tags?post=33164"}],"curies":[{"name":"wp","href":"https:\/\/api.w.org\/{rel}","templated":true}]}}