{"id":33491,"date":"2021-01-05T21:55:31","date_gmt":"2021-01-05T17:55:31","guid":{"rendered":"http:\/\/www.imm.az\/exp\/?p=33491"},"modified":"2021-01-05T21:55:32","modified_gmt":"2021-01-05T17:55:32","slug":"prezident-ilham-%c9%99liyev-susa-s%c9%99h%c9%99rini-az%c9%99rbaycan-m%c9%99d%c9%99niyy%c9%99tinin-paytaxti-elan-edib","status":"publish","type":"post","link":"https:\/\/www.imm.az\/exp\/2021\/01\/05\/prezident-ilham-%c9%99liyev-susa-s%c9%99h%c9%99rini-az%c9%99rbaycan-m%c9%99d%c9%99niyy%c9%99tinin-paytaxti-elan-edib\/","title":{"rendered":"Prezident \u0130lham \u018fliyev \u015eu\u015fa \u015f\u0259h\u0259rini Az\u0259rbaycan m\u0259d\u0259niyy\u0259tinin paytaxt\u0131 elan edib"},"content":{"rendered":"<p>M\u0259n \u015eu\u015fa \u015f\u0259h\u0259rini Az\u0259rbaycan m\u0259d\u0259niyy\u0259tinin paytaxt\u0131 elan edir\u0259m. \u015eu\u015fa \u015f\u0259h\u0259ri buna layiqdir. Hesab edir\u0259m ki, n\u0259inki Az\u0259rbaycan\u0131n, b\u00f6lg\u0259nin m\u0259d\u0259ni paytaxt\u0131 say\u0131la bil\u0259r.<\/p>\n<p><a class=\"azertac-link\" href=\"https:\/\/azertag.az\/\" target=\"_blank\" rel=\"noopener noreferrer\">AZ\u018fRTAC<\/a>\u00a0x\u0259b\u0259r verir ki, bunu Prezident \u0130lham \u018fliyev Anar K\u0259rimovu m\u0259d\u0259niyy\u0259t naziri t\u0259yin olunmas\u0131 il\u0259 \u0259laq\u0259dar videoformatda q\u0259bul ed\u0259rk\u0259n bildirib.<\/p>\n<p>\u015eu\u015fan\u0131n b\u0259rpas\u0131 il\u0259 \u0259laq\u0259dar i\u015fl\u0259r\u0259 art\u0131q start verildiyini qeyd ed\u0259n d\u00f6vl\u0259timizin ba\u015f\u00e7\u0131s\u0131 deyib: \u201cYa\u015fay\u0131\u015f fondunun, tarixi abid\u0259l\u0259rin t\u0259fti\u015fi apar\u0131lmal\u0131, vurulmu\u015f ziyan d\u0259qiq hesablanmal\u0131d\u0131r v\u0259 biz \u015eu\u015fa \u015f\u0259h\u0259rinin restavrasiyas\u0131na ba\u015flamal\u0131y\u0131q. Ancaq yen\u0259 d\u0259 vaxt itirm\u0259d\u0259n, ancaq, eyni zamanda, t\u0259l\u0259sm\u0259d\u0259n \u015eu\u015fan\u0131n ilkin simas\u0131, tarixi simas\u0131 b\u0259rpa edilm\u0259lidir\u201d.<\/p>\n<p>Prezident qeyd edib ki, \u015eu\u015fada yerl\u0259\u015f\u0259n m\u0259scidl\u0259rimiz d\u0259 \u0259sasl\u0131 \u015f\u0259kild\u0259 t\u0259mir edilm\u0259li v\u0259 onlar\u0131n \u00f6z simas\u0131 qaytar\u0131lmal\u0131d\u0131r.<\/p>\n<p>\u201cErm\u0259nil\u0259r bizim 60-dan \u00e7ox m\u0259scidi m\u0259hv edibl\u0259r. A\u011fdam m\u0259scidind\u0259 donuz, in\u0259k saxlay\u0131rd\u0131lar. Bu yax\u0131nlarda hans\u0131sa erm\u0259ni jurnalist t\u0259r\u0259find\u0259n internetd\u0259 d\u0259rc edil\u0259n foto b\u00fct\u00fcn Az\u0259rbaycan xalq\u0131n\u0131 bir daha hidd\u0259tl\u0259ndirdi. O fotoda Az\u0259rbaycan xalq\u0131n\u0131n c\u0259llad\u0131, Erm\u0259nistan\u0131n ke\u00e7mi\u015f prezidenti K\u00f6\u00e7aryan z\u0259bt edilmi\u015f, i\u015f\u011fal olunmu\u015f A\u011fdam \u015f\u0259h\u0259rind\u0259 bizim m\u0259scidimizin \u00f6n\u00fcnd\u0259 \u00f6z \u0259lalt\u0131lar\u0131, quldurlar\u0131 il\u0259 dayan\u0131b. A\u011fdam m\u0259scidinin \u00fcz\u0259rind\u0259 is\u0259 t\u0259hqiredici yaz\u0131lar g\u00f6r\u00fcn\u00fcr. G\u00f6r\u00fcn, kim r\u0259hb\u0259rlik edib Erm\u0259nistana, hans\u0131 c\u0259llad, hans\u0131 al\u00e7aq m\u0259n\u0259viyyat sahibi?! \u015e\u0259h\u0259ri da\u011f\u0131d\u0131blar, m\u0259scidimizi t\u0259hqir edibl\u0259r. M\u0259scidimiz\u0259 in\u0259k, donuz doldurublar, m\u0259scidin divarlar\u0131na is\u0259 dinimiz haqq\u0131nda, xalq\u0131m\u0131z haqq\u0131nda t\u0259hqiramiz ifad\u0259l\u0259r yaz\u0131blar. M\u0259scidi t\u0259hqir ed\u0259n, m\u0259scidin \u00fcz\u0259rind\u0259 t\u0259hqiramiz r\u0259sml\u0259r \u00e7\u0259kdir\u0259n, s\u00f6zl\u0259r yazan K\u00f6\u00e7aryan budur. Onun \u0259lalt\u0131s\u0131 v\u0259 quyru\u011fu Sarkisyan, onlar da\u011f\u0131d\u0131blar bizim \u015f\u0259h\u0259rl\u0259rimizi iyirmi il \u0259rzind\u0259. Bizim \u015f\u0259h\u0259rl\u0259rimiz m\u00fcharib\u0259 d\u00f6vr\u00fcnd\u0259 da\u011f\u0131d\u0131lmay\u0131b. M\u00fcharib\u0259 d\u00f6vr\u00fcnd\u0259 \u015f\u0259h\u0259rl\u0259ri bel\u0259 da\u011f\u0131tmaq m\u00fcmk\u00fcn deyil. M\u00fcharib\u0259d\u0259n sonra i\u015f\u011fal d\u00f6vr\u00fcnd\u0259 b\u00fct\u00fcn binalar\u0131, b\u00fct\u00fcn ya\u015fay\u0131\u015f yerl\u0259rini s\u00f6k\u00fcbl\u0259r. Onlar vandallard\u0131r, barbarlard\u0131r. Amma iyirmi il Erm\u0259nistana r\u0259hb\u0259rlik edibl\u0259r\u201d, &#8211; dey\u0259 Prezident \u0130lham \u018fliyev vur\u011fulay\u0131b.<\/p>\n","protected":false},"excerpt":{"rendered":"<p>M\u0259n \u015eu\u015fa \u015f\u0259h\u0259rini Az\u0259rbaycan m\u0259d\u0259niyy\u0259tinin paytaxt\u0131 elan edir\u0259m. \u015eu\u015fa \u015f\u0259h\u0259ri buna layiqdir. Hesab edir\u0259m ki, n\u0259inki Az\u0259rbaycan\u0131n, b\u00f6lg\u0259nin m\u0259d\u0259ni paytaxt\u0131 say\u0131la bil\u0259r. AZ\u018fRTAC\u00a0x\u0259b\u0259r verir ki, bunu Prezident \u0130lham \u018fliyev Anar K\u0259rimovu m\u0259d\u0259niyy\u0259t naziri t\u0259yin olunmas\u0131 il\u0259 \u0259laq\u0259dar videoformatda q\u0259bul ed\u0259rk\u0259n bildirib. \u015eu\u015fan\u0131n b\u0259rpas\u0131 il\u0259 \u0259laq\u0259dar i\u015fl\u0259r\u0259 art\u0131q start verildiyini qeyd ed\u0259n d\u00f6vl\u0259timizin ba\u015f\u00e7\u0131s\u0131 deyib: \u201cYa\u015fay\u0131\u015f [&hellip;]<\/p>\n","protected":false},"author":6,"featured_media":33492,"comment_status":"open","ping_status":"open","sticky":false,"template":"","format":"standard","meta":{"footnotes":""},"categories":[421],"tags":[],"_links":{"self":[{"href":"https:\/\/www.imm.az\/exp\/wp-json\/wp\/v2\/posts\/33491"}],"collection":[{"href":"https:\/\/www.imm.az\/exp\/wp-json\/wp\/v2\/posts"}],"about":[{"href":"https:\/\/www.imm.az\/exp\/wp-json\/wp\/v2\/types\/post"}],"author":[{"embeddable":true,"href":"https:\/\/www.imm.az\/exp\/wp-json\/wp\/v2\/users\/6"}],"replies":[{"embeddable":true,"href":"https:\/\/www.imm.az\/exp\/wp-json\/wp\/v2\/comments?post=33491"}],"version-history":[{"count":2,"href":"https:\/\/www.imm.az\/exp\/wp-json\/wp\/v2\/posts\/33491\/revisions"}],"predecessor-version":[{"id":33494,"href":"https:\/\/www.imm.az\/exp\/wp-json\/wp\/v2\/posts\/33491\/revisions\/33494"}],"wp:featuredmedia":[{"embeddable":true,"href":"https:\/\/www.imm.az\/exp\/wp-json\/wp\/v2\/media\/33492"}],"wp:attachment":[{"href":"https:\/\/www.imm.az\/exp\/wp-json\/wp\/v2\/media?parent=33491"}],"wp:term":[{"taxonomy":"category","embeddable":true,"href":"https:\/\/www.imm.az\/exp\/wp-json\/wp\/v2\/categories?post=33491"},{"taxonomy":"post_tag","embeddable":true,"href":"https:\/\/www.imm.az\/exp\/wp-json\/wp\/v2\/tags?post=33491"}],"curies":[{"name":"wp","href":"https:\/\/api.w.org\/{rel}","templated":true}]}}