{"id":34556,"date":"2021-02-25T23:35:11","date_gmt":"2021-02-25T19:35:11","guid":{"rendered":"http:\/\/www.imm.az\/exp\/?p=34556"},"modified":"2021-02-25T23:53:44","modified_gmt":"2021-02-25T19:53:44","slug":"erm%c9%99ni-terroru-xocali-faci%c9%99si","status":"publish","type":"post","link":"https:\/\/www.imm.az\/exp\/2021\/02\/25\/erm%c9%99ni-terroru-xocali-faci%c9%99si\/","title":{"rendered":"Erm\u0259ni terroru : Xocal\u0131 faci\u0259si"},"content":{"rendered":"<p>Bu il Xocal\u0131 soyq\u0131r\u0131m\u0131n\u0131n 29-cu ild\u00f6n\u00fcm\u00fcd\u00fcr. Bu il biz bu faci\u0259li tarixi bir ba\u015fqa \u0259hval-ruhiyy\u0259d\u0259 ke\u00e7iririk. C\u0259nab Prezident \u0130lham \u018fliyevin s\u00f6zl\u0259ri il\u0259 des\u0259k, \u201cXocal\u0131 soyq\u0131r\u0131m\u0131n\u0131 t\u00f6r\u0259tm\u0259kd\u0259 d\u00fc\u015fm\u0259nin m\u0259qs\u0259di Az\u0259rbaycan xalq\u0131n\u0131 sars\u0131tmaq, suverenlik v\u0259 \u0259razi b\u00fct\u00f6vl\u00fcy\u00fc u\u011frunda m\u00fcbariz\u0259d\u0259n \u00e7\u0259kindirm\u0259k v\u0259 torpaqlar\u0131m\u0131z\u0131 zorla \u0259l\u0259 ke\u00e7irm\u0259k olsa da, bu a\u011f\u0131r faci\u0259 xalq\u0131m\u0131z\u0131 daha da m\u0259tinl\u0259\u015fdirmi\u015f, q\u0259hr\u0259man o\u011ful v\u0259 q\u0131zlar\u0131m\u0131z\u0131 m\u00fcq\u0259dd\u0259s V\u0259t\u0259n v\u0259 milli d\u00f6vl\u0259t\u00e7iliyimiz namin\u0259 q\u0259tiyy\u0259tli v\u0259 m\u00fct\u0259\u015f\u0259kkil m\u00fcbariz\u0259y\u0259 s\u0259f\u0259rb\u0259r etmi\u015fdir\u201d. Bu s\u0259f\u0259rb\u0259rlik, milli birlik, g\u00fccl\u00fc v\u0259 irad\u0259li ordu 44 g\u00fcnl\u00fck V\u0259t\u0259n M\u00fcharib\u0259sind\u0259 Xocal\u0131da, Qarada\u011fl\u0131da, A\u011fdabanda, Ball\u0131qayada v\u0259 el\u0259c\u0259 d\u0259 dig\u0259r \u0259razil\u0259rimizd\u0259 erm\u0259ni terror\u00e7ular\u0131n\u0131n, erm\u0259ni cinay\u0259tkarlar\u0131n\u0131n layiqli cavab\u0131n\u0131 verdi.<\/p>\n<p>Bu fikirl\u0259r Milli M\u0259clisin Ail\u0259, qad\u0131n v\u0259 u\u015faq m\u0259s\u0259l\u0259l\u0259ri komit\u0259sinin s\u0259dri, professor Hicran H\u00fcseynovan\u0131n \u201cErm\u0259ni terroru : Xocal\u0131 faci\u0259si\u201d adl\u0131 m\u0259qal\u0259sind\u0259 yer al\u0131b.&nbsp;<a class=\"azertac-link\" href=\"https:\/\/azertag.az\/\" target=\"_blank\" rel=\"noopener noreferrer\">AZ\u018fRTAC<\/a>&nbsp;m\u0259qal\u0259ni t\u0259qdim edir.<\/p>\n<p>Xocal\u0131 soyq\u0131r\u0131m\u0131 erm\u0259ni i\u015f\u011fal\u00e7\u0131lar\u0131n\u0131n iki y\u00fcz ild\u0259n art\u0131q xalq\u0131m\u0131za qar\u015f\u0131 t\u0259tbiq etdikl\u0259ri deportasiya v\u0259 soyq\u0131r\u0131m\u0131 siyas\u0259tinin \u0259n faci\u0259li s\u0259hif\u0259sidir. \u0130nsanl\u0131\u011fa qar\u015f\u0131 t\u00f6r\u0259dilmi\u015f bu d\u0259h\u015f\u0259tli cinay\u0259t \u0259m\u0259li n\u0259tic\u0259sind\u0259 613 n\u0259f\u0259r dinc az\u0259rbaycanl\u0131 q\u0259tl\u0259 yetirilib, onlardan 63-\u00fc u\u015faq, 106-s\u0131 qad\u0131n, 70-i qoca olub. Eyni zamanda, 487 n\u0259f\u0259r dinc sakin a\u011f\u0131r yaralan\u0131b, 1275 n\u0259f\u0259r girov g\u00f6t\u00fcr\u00fcl\u00fcb. Girov g\u00f6t\u00fcr\u00fcl\u0259n 150 n\u0259f\u0259rin, o c\u00fcml\u0259d\u0259n 68 qad\u0131n\u0131n v\u0259 26 u\u015fa\u011f\u0131n taleyi h\u0259l\u0259 d\u0259 m\u0259lum deyil. Soyq\u0131r\u0131m\u0131 zaman\u0131 56 n\u0259f\u0259r x\u00fcsusi q\u0259ddarl\u0131qla \u00f6ld\u00fcr\u00fcl\u00fcb, 8 ail\u0259 tamamil\u0259 m\u0259hv edilib, 25 u\u015faq h\u0259r iki valideynini, 130 u\u015faq valideynl\u0259rind\u0259n birini itirib. Lakin sonra ara\u015fd\u0131rmalar zaman\u0131 m\u0259lum oldu ki, h\u0259lak olan u\u015faqlar\u0131n say\u0131 76-d\u0131r.<\/p>\n<p>Xocal\u0131 soyq\u0131r\u0131m\u0131n\u0131 t\u00f6r\u0259d\u0259n erm\u0259ni vandallar\u0131 beyn\u0259lxalq h\u00fcquqi aktlar\u0131 BMT-nin \u201cU\u015faq h\u00fcquqlar\u0131 haqq\u0131nda\u201d Konvensiyas\u0131n\u0131, &#8220;M\u00fcharib\u0259 zaman\u0131 m\u00fclki \u015f\u0259xsl\u0259rin m\u00fcdafi\u0259sin\u0259 dair&#8221; IV Cenevr\u0259 Konvensiyas\u0131n\u0131, Birl\u0259\u015fmi\u015f Mill\u0259tl\u0259r T\u0259\u015fkilat\u0131n\u0131n \u201c\u00dcmumd\u00fcnya \u0130nsan Haqlar\u0131 B\u0259yannam\u0259si\u201dni, \u201cV\u0259t\u0259nda\u015f v\u0259 siyasi h\u00fcquqlar haqq\u0131nda\u201d Beyn\u0259lxalq Pakt\u0131, &#8220;Genosid cinay\u0259tinin qar\u015f\u0131s\u0131n\u0131n al\u0131nmas\u0131 v\u0259 c\u0259zaland\u0131r\u0131lmas\u0131 haqq\u0131nda&#8221; Konvensiyan\u0131, \u201cF\u00f6vq\u0259lad\u0259 v\u0259ziyy\u0259tl\u0259rd\u0259 v\u0259 h\u0259rbi m\u00fcnaqi\u015f\u0259l\u0259r zaman\u0131 qad\u0131nlar\u0131n v\u0259 u\u015faqlar\u0131n m\u00fcdafi\u0259si\u201d B\u0259yannam\u0259sini, el\u0259c\u0259 d\u0259 dig\u0259r beyn\u0259lxalq norma v\u0259 prinsipl\u0259ri kobud sur\u0259td\u0259 pozmu\u015fdur. Baxmayaraq ki, Heyd\u0259r \u018fliyev Fondunun v\u0259 onun vitse-prezidenti Leyla \u018fliyevan\u0131n t\u0259\u015f\u0259bb\u00fcs\u00fc il\u0259 h\u0259yata ke\u00e7iril\u0259n \u201cXocal\u0131ya \u0259dal\u0259t!\u201d beyn\u0259lxalq kampaniyas\u0131 n\u0259tic\u0259sind\u0259 17 \u00f6lk\u0259nin parlamenti v\u0259 AB\u015e-\u0131n 22 \u015ftat\u0131n\u0131n icra v\u0259 qanunvericilik orqanlar\u0131 Xocal\u0131 faci\u0259sini q\u0259tliam kimi qiym\u0259tl\u0259ndir\u0259r\u0259k q\u0259tiyy\u0259tl\u0259 pisl\u0259mi\u015fdir. \u0130slam \u018fm\u0259kda\u015fl\u0131q T\u0259\u015fkilat\u0131 Erm\u0259nistan\u0131 t\u0259cav\u00fczkar, Xocal\u0131 faci\u0259sini is\u0259 soyq\u0131r\u0131m\u0131 kimi tan\u0131m\u0131\u015fd\u0131r. Lakin bununla yana\u015f\u0131 h\u0259r birimiz bu istiqam\u0259td\u0259 \u00f6z t\u00f6hf\u0259mizi verm\u0259liyik. Qeyd etm\u0259k ist\u0259rdim ki, Milli M\u0259clisin r\u0259hb\u0259rliyinin d\u0259st\u0259yi il\u0259 b\u00fct\u00fcn parlamentl\u0259raras\u0131 dostluq qruplar\u0131na, o c\u00fcml\u0259d\u0259n, Az\u0259rbaycan \u2013 \u0130sve\u00e7r\u0259 parlamentl\u0259raras\u0131 Dostluq qrupunun ad\u0131ndan Xocal\u0131 soyq\u0131r\u0131m\u0131, erm\u0259nil\u0259rin Qaraba\u011fda etnik t\u0259mizl\u0259m\u0259 siyas\u0259ti haqq\u0131nda \u0130sve\u00e7r\u0259 &#8211; Az\u0259rbaycan parlamentl\u0259raras\u0131 dostluq qrupunun r\u0259hb\u0259rin\u0259 m\u00fcraci\u0259t unvanlam\u0131\u015fd\u0131r. T\u0259cr\u00fcb\u0259 g\u00f6st\u0259rir ki, vahid informasiya sistemini qurulmas\u0131 v\u0259 davaml\u0131 \u015f\u0259kild\u0259 t\u0259bli\u011f-t\u0259\u015fviqat layih\u0259l\u0259rinin ke\u00e7irilm\u0259si \u00e7ox m\u00fcsb\u0259t n\u0259tic\u0259 verir. 2020-ci ilin iyul ay\u0131nda erm\u0259ni h\u0259rbi t\u0259xribat\u0131, el\u0259c\u0259 d\u0259 V\u0259t\u0259n M\u00fcharib\u0259si zaman\u0131 h\u0259m c\u0259nab Prezidentin xalqa m\u00fcraci\u0259t v\u0259 m\u00fcxt\u0259lif apar\u0131c\u0131 \u00f6lk\u0259l\u0259rin medialar\u0131na verdiyi m\u00fcsahib\u0259l\u0259r, Az\u0259rbaycan\u0131n u\u011furlu h\u0259rbi \u0259m\u0259liyyatlar\u0131, diplomatik f\u0259aliyy\u0259ti, h\u0259m d\u0259 Erm\u0259nistan t\u0259r\u0259find\u0259n dinc \u0259haliy\u0259 qar\u015f\u0131 terror aktlar\u0131n\u0131n t\u00f6r\u0259dilm\u0259si il\u0259 ba\u011fl\u0131 m\u00fcxt\u0259lif informasiya m\u0259nb\u0259l\u0259rind\u0259, sosial mediada, virtual informasiya m\u0259kan\u0131nda apar\u0131lan informasiya m\u00fcbariz\u0259si buna \u0259yani s\u00fcbutdur. Lakin, \u0259lb\u0259tt\u0259 ki, bu i\u015fl\u0259rin daha da g\u00fccl\u0259ndirilm\u0259sin\u0259 ehtiyac var v\u0259 bizim informasiya m\u00fcharib\u0259sind\u0259 uduzma\u011fa haqq\u0131m\u0131z yoxdur.<\/p>\n<p>Eyni zamanda, m\u00fcxt\u0259lif \u00f6lk\u0259l\u0259rd\u0259, Avropa, Amerikada ya\u015fayan az\u0259rbaycanl\u0131lar\u0131n f\u0259aliyy\u0259tini d\u0259 qeyd etm\u0259k laz\u0131md\u0131r. Orada ya\u015fayan, t\u0259hsil alma\u011fa, i\u015fl\u0259m\u0259y\u0259 ged\u0259n az\u0259rbaycanl\u0131lar k\u00f6n\u00fcll\u00fc \u015f\u0259kild\u0259, v\u0259t\u0259np\u0259rv\u0259rlik hissi il\u0259 Az\u0259rbaycanla ba\u011fl\u0131 \u0259sl h\u0259qiq\u0259tl\u0259ri \u00e7atd\u0131r\u0131r, bununla ba\u011fl\u0131 layih\u0259l\u0259r h\u0259yata ke\u00e7irirl\u0259r. Biz bu insanlara s\u0131x t\u0259mas saxlamal\u0131y\u0131q. Bizi m\u00fcdafi\u0259 ed\u0259n, haql\u0131 oldu\u011fumuzu d\u0259st\u0259kl\u0259y\u0259n xarici aliml\u0259rl\u0259, diplomatlarla, etnoqraflarla \u0259m\u0259kda\u015fl\u0131\u011f\u0131 daha da g\u00fccl\u0259ndirm\u0259liyik. M\u00fcvafiq qurumlar \u00e7al\u0131\u015fmal\u0131d\u0131r ki, h\u0259qiq\u0259t\u0259n V\u0259t\u0259nini sev\u0259n, onun inki\u015faf\u0131na \u00e7al\u0131\u015fan, haql\u0131 m\u00fcbariz\u0259sin\u0259 d\u0259st\u0259k ver\u0259n diaspora n\u00fcmay\u0259nd\u0259l\u0259ri, ayr\u0131-ayr\u0131 \u00f6lk\u0259l\u0259rin b\u0259l\u0259diyy\u0259, parlament, h\u00f6kum\u0259t s\u0259viyy\u0259sind\u0259 t\u0259msil olunsunlar, Az\u0259rbaycan\u0131 t\u0259bli\u011f etm\u0259kd\u0259 daha \u00e7ox t\u00f6hf\u0259 versinl\u0259r. Baxmayaraq ki, bu sah\u0259d\u0259 proses gedir, lakin ist\u0259nil\u0259n n\u0259tic\u0259 h\u0259l\u0259 ki, \u0259ld\u0259 olunmay\u0131b.<\/p>\n<p>\u00dcmumiyy\u0259tl\u0259, bizim h\u0259r birimiz \u00f6z s\u0259lahiyy\u0259tl\u0259rimiz daxilind\u0259 Beyn\u0259lxalq t\u0259\u015fkilatlara v\u0259 d\u00fcnya \u00f6lk\u0259l\u0259rin\u0259 beyn\u0259lxalq h\u00fcquqi normalara riay\u0259t edilm\u0259si, beyn\u0259lxalq s\u00fclh\u00fcn v\u0259 t\u0259hl\u00fck\u0259sizliyin m\u00fcdafi\u0259 edilm\u0259si, Birl\u0259\u015fmi\u015f Mill\u0259tl\u0259r T\u0259\u015fkilat\u0131n\u0131n Q\u0259tnam\u0259l\u0259rin\u0259 \u0259m\u0259l edilm\u0259si v\u0259 Erm\u0259nistan\u0131n i\u015f\u011fal\u00e7\u0131 siyas\u0259tinin ac\u0131 v\u0259 da\u011f\u0131d\u0131c\u0131 n\u0259tic\u0259l\u0259ri haqq\u0131nda t\u0259bli\u011fat i\u015fl\u0259rini daha da g\u00fccl\u0259ndirm\u0259liyik. V\u0259 bu, hadis\u0259d\u0259n- hadis\u0259y\u0259 deyil, davaml\u0131 v\u0259 ard\u0131c\u0131l \u015f\u0259kild\u0259 apar\u0131lmal\u0131d\u0131r.<\/p>\n<p>Davaml\u0131 olaraq s\u00fclh prosesin\u0259 mane\u0259 yaradan, eyni zamanda, yeni \u0259razil\u0259r i\u015f\u011fal etm\u0259k ist\u0259yind\u0259 oldu\u011funu a\u00e7\u0131q \u015f\u0259kild\u0259 b\u0259yan ed\u0259n Erm\u0259nistan \u00f6t\u0259n bu ill\u0259r \u0259rzind\u0259, h\u0259m\u00e7inin V\u0259t\u0259n m\u00fcharib\u0259si zaman\u0131 m\u00fclki ya\u015fay\u0131\u015f m\u0259nt\u0259q\u0259l\u0259rini beyn\u0259lxalq s\u0259viyy\u0259d\u0259 qada\u011fan olunmu\u015f silahlardan istifad\u0259 etm\u0259kl\u0259 at\u0259\u015f\u0259 tutmu\u015fdur. N\u0259tic\u0259d\u0259 onlarla insan, o c\u00fcml\u0259d\u0259n, u\u015faq v\u0259 qad\u0131n h\u0259lak olmu\u015f, y\u00fczl\u0259rl\u0259 insan is\u0259 yaralanm\u0131\u015fd\u0131r. Erm\u0259nistan\u0131n \u00f6lk\u0259miz\u0259 qar\u015f\u0131 t\u0259cav\u00fcz\u00fcn\u00fcn qar\u015f\u0131s\u0131n\u0131 almaq, m\u00fclki \u0259halinin t\u0259hl\u00fck\u0259sizliyini t\u0259min etm\u0259k, uzun m\u00fcdd\u0259t davam ed\u0259n i\u015f\u011fala son qoymaq m\u0259qs\u0259dil\u0259 2020-ci ilin 27 sentyabr tarixind\u0259 Az\u0259rbaycan Ordusunun h\u0259yata ke\u00e7irdiyi \u0259ks-h\u00fccum \u0259m\u0259liyyat\u0131 n\u0259tic\u0259sind\u0259 30 il\u0259 yax\u0131n i\u015f\u011fal alt\u0131nda olan \u0259razil\u0259rimiz azad edilmi\u015fdir. 2020-ci ilin noyabr\u0131n 10-da Az\u0259rbaycan, Rusiya v\u0259 Erm\u0259nistan\u0131n d\u00f6vl\u0259t ba\u015f\u00e7\u0131lar\u0131 t\u0259r\u0259find\u0259n imzalanm\u0131\u015f \u00fc\u00e7t\u0259r\u0259fli B\u0259yanata \u0259sas\u0259n, y\u00fcz minl\u0259rl\u0259 insana \u00f6z d\u0259d\u0259-baba torpaqlar\u0131na qay\u0131tmaq v\u0259 \u00f6z \u0259sas h\u00fcquqlar\u0131n\u0131 b\u0259rpa etm\u0259k imkan\u0131 yarad\u0131lm\u0131\u015fd\u0131r. \u00d6lk\u0259 ba\u015f\u00e7\u0131s\u0131 i\u015f\u011faldan azad olunan torpaqlara h\u0259r s\u0259f\u0259rind\u0259 deyir ki, \u201cbiz bundan sonra bu torpaqlarda \u0259b\u0259di ya\u015fayaca\u011f\u0131q. He\u00e7 kim bizi bundan sonra bu torpaqlardan t\u0259rp\u0259d\u0259 bilm\u0259z\u201d.<\/p>\n<p>Erm\u0259nistan\u0131n t\u0259cav\u00fczkar siyas\u0259ti bundan sonra da iflas ed\u0259c\u0259kdir. \u00c7\u00fcnki art\u0131q h\u0259m b\u00f6lg\u0259d\u0259, h\u0259m d\u00fcnyada yeni reall\u0131qlar yaranm\u0131\u015fd\u0131r. Burada g\u00fccl\u00fc v\u0259 dikt\u0259 ed\u0259n t\u0259r\u0259f geni\u015f potensiala malik Az\u0259rbaycan d\u00f6vl\u0259ti, onun getdikc\u0259 artan iqtisadi q\u00fcdr\u0259ti, siyasi n\u00fcfuzu, d\u00fcnya az\u0259rbaycanl\u0131lar\u0131n\u0131n g\u00fcnd\u0259n \u2013 g\u00fcn\u0259 m\u00f6hk\u0259ml\u0259n\u0259n h\u0259mr\u0259yliyi, n\u0259hay\u0259t, g\u00fccl\u00fc v\u0259 m\u00fcasir Az\u0259rbaycan ordusudur. 44 g\u00fcnl\u00fck V\u0259t\u0259n m\u00fcharib\u0259sind\u0259 bunun \u015fahidi olduq. Bu g\u00fcn biz \u00f6z \u0259razi b\u00fct\u00f6vl\u00fcy\u00fcm\u00fcz\u00fc, suveren h\u00fcquqlar\u0131m\u0131z\u0131 b\u0259rpa edirik. Erm\u0259ni fa\u015fistl\u0259rinin darmada\u011f\u0131n etdiyi, xarabaya \u00e7evirdiyi do\u011fma torpaqlar\u0131m\u0131zda yenid\u0259n quruculuq i\u015fl\u0259rin\u0259 ba\u015flam\u0131\u015f\u0131q, tezlikl\u0259 bu yerl\u0259r h\u0259yat qay\u0131dacaq. Lakin xalq\u0131m\u0131z\u0131n ya\u015fad\u0131\u011f\u0131 tarixi faci\u0259l\u0259ri he\u00e7 zaman unutmamal\u0131y\u0131q. Bu hadis\u0259l\u0259r bizim \u015f\u0259r\u0259f v\u0259 m\u00fcbariz\u0259 tariximizin \u0259n m\u00fch\u00fcm s\u0259hif\u0259l\u0259ridir, qan yadda\u015f\u0131m\u0131zd\u0131r. H\u0259m g\u0259l\u0259c\u0259k n\u0259sil \u00fc\u00e7\u00fcn, h\u0259m d\u0259 d\u00fcnya ictimaiyy\u0259ti \u00fc\u00e7\u00fcn i\u015f\u011faldan azad olunan torpaqlar\u0131m\u0131zda, erm\u0259ni fa\u015fizminin, erm\u0259nin terrorunun n\u00fcmun\u0259l\u0259rini \u0259ks etdir\u0259n a\u00e7\u0131q muzeyl\u0259r, abid\u0259l\u0259r, Xocal\u0131da soyq\u0131r\u0131m\u0131 hadis\u0259sini ifad\u0259 ed\u0259n x\u00fcsusi bir memorial abid\u0259-kompleks yarad\u0131lmal\u0131d\u0131r.<\/p>\n","protected":false},"excerpt":{"rendered":"<p>Bu il Xocal\u0131 soyq\u0131r\u0131m\u0131n\u0131n 29-cu ild\u00f6n\u00fcm\u00fcd\u00fcr. Bu il biz bu faci\u0259li tarixi bir ba\u015fqa \u0259hval-ruhiyy\u0259d\u0259 ke\u00e7iririk. C\u0259nab Prezident \u0130lham \u018fliyevin s\u00f6zl\u0259ri il\u0259 des\u0259k, \u201cXocal\u0131 soyq\u0131r\u0131m\u0131n\u0131 t\u00f6r\u0259tm\u0259kd\u0259 d\u00fc\u015fm\u0259nin m\u0259qs\u0259di Az\u0259rbaycan xalq\u0131n\u0131 sars\u0131tmaq, suverenlik v\u0259 \u0259razi b\u00fct\u00f6vl\u00fcy\u00fc u\u011frunda m\u00fcbariz\u0259d\u0259n \u00e7\u0259kindirm\u0259k v\u0259 torpaqlar\u0131m\u0131z\u0131 zorla \u0259l\u0259 ke\u00e7irm\u0259k olsa da, bu a\u011f\u0131r faci\u0259 xalq\u0131m\u0131z\u0131 daha da m\u0259tinl\u0259\u015fdirmi\u015f, q\u0259hr\u0259man o\u011ful v\u0259 [&hellip;]<\/p>\n","protected":false},"author":6,"featured_media":34573,"comment_status":"open","ping_status":"open","sticky":false,"template":"","format":"standard","meta":{"footnotes":""},"categories":[421],"tags":[],"_links":{"self":[{"href":"https:\/\/www.imm.az\/exp\/wp-json\/wp\/v2\/posts\/34556"}],"collection":[{"href":"https:\/\/www.imm.az\/exp\/wp-json\/wp\/v2\/posts"}],"about":[{"href":"https:\/\/www.imm.az\/exp\/wp-json\/wp\/v2\/types\/post"}],"author":[{"embeddable":true,"href":"https:\/\/www.imm.az\/exp\/wp-json\/wp\/v2\/users\/6"}],"replies":[{"embeddable":true,"href":"https:\/\/www.imm.az\/exp\/wp-json\/wp\/v2\/comments?post=34556"}],"version-history":[{"count":3,"href":"https:\/\/www.imm.az\/exp\/wp-json\/wp\/v2\/posts\/34556\/revisions"}],"predecessor-version":[{"id":34575,"href":"https:\/\/www.imm.az\/exp\/wp-json\/wp\/v2\/posts\/34556\/revisions\/34575"}],"wp:featuredmedia":[{"embeddable":true,"href":"https:\/\/www.imm.az\/exp\/wp-json\/wp\/v2\/media\/34573"}],"wp:attachment":[{"href":"https:\/\/www.imm.az\/exp\/wp-json\/wp\/v2\/media?parent=34556"}],"wp:term":[{"taxonomy":"category","embeddable":true,"href":"https:\/\/www.imm.az\/exp\/wp-json\/wp\/v2\/categories?post=34556"},{"taxonomy":"post_tag","embeddable":true,"href":"https:\/\/www.imm.az\/exp\/wp-json\/wp\/v2\/tags?post=34556"}],"curies":[{"name":"wp","href":"https:\/\/api.w.org\/{rel}","templated":true}]}}