{"id":35108,"date":"2021-04-02T15:45:39","date_gmt":"2021-04-02T11:45:39","guid":{"rendered":"http:\/\/www.imm.az\/exp\/?p=35108"},"modified":"2021-04-02T15:45:41","modified_gmt":"2021-04-02T11:45:41","slug":"sanli-aprel-doyusl%c9%99rind%c9%99n-bes-il-otur","status":"publish","type":"post","link":"https:\/\/www.imm.az\/exp\/2021\/04\/02\/sanli-aprel-doyusl%c9%99rind%c9%99n-bes-il-otur\/","title":{"rendered":"\u015eanl\u0131 Aprel d\u00f6y\u00fc\u015fl\u0259rind\u0259n be\u015f il \u00f6t\u00fcr"},"content":{"rendered":"<p>Bu g\u00fcn Az\u0259rbaycan Ordusunun parlaq tarixi q\u0259l\u0259b\u0259l\u0259rind\u0259n olan \u015fanl\u0131 Aprel d\u00f6y\u00fc\u015fl\u0259rind\u0259n be\u015f il \u00f6t\u00fcr.<\/p>\n<p><a class=\"azertac-link\" href=\"https:\/\/azertag.az\/\" target=\"_blank\" rel=\"noopener noreferrer\">AZ\u018fRTAC<\/a>\u00a0x\u0259b\u0259r verir ki, 2016-c\u0131 il aprelin 2-d\u0259 Erm\u0259nistan silahl\u0131 q\u00fcvv\u0259l\u0259rinin t\u0259xribatlar\u0131na cavab olaraq, Az\u0259rbaycan Ordusu s\u00fcr\u0259tli \u0259ks-h\u00fccum \u0259m\u0259liyyat\u0131 il\u0259 d\u00fc\u015fm\u0259ni a\u011f\u0131r m\u0259\u011flubiyy\u0259t\u0259 u\u011fradaraq, F\u00fczuli, C\u0259bray\u0131l v\u0259 A\u011fd\u0259r\u0259 rayonlar\u0131n\u0131n i\u015f\u011fal alt\u0131ndak\u0131 \u0259razil\u0259rinin 2000 hektardan \u00e7ox hiss\u0259sini azad edib. H\u0259m\u00e7inin minl\u0259rl\u0259 hektar \u0259razi Az\u0259rbaycan Ordusunun tam n\u0259zar\u0259tin\u0259 ke\u00e7ib. Az\u0259rbaycan Ordusu d\u00f6rdg\u00fcnl\u00fck Aprel d\u00f6y\u00fc\u015fl\u0259ri il\u0259 23 ild\u0259n sonra xalq\u0131m\u0131za q\u0259l\u0259b\u0259 sevinci ya\u015fad\u0131b.<\/p>\n<p>Silahl\u0131 Q\u00fcvv\u0259l\u0259rimizin h\u0259yata ke\u00e7irdiyi \u0259ks-h\u0259ml\u0259 \u0259m\u0259liyyat\u0131n\u0131n m\u0259qs\u0259di Erm\u0259nistan silahl\u0131 q\u00fcvv\u0259l\u0259rinin t\u0259mas x\u0259ttind\u0259ki ya\u015fay\u0131\u015f m\u0259nt\u0259q\u0259l\u0259rin\u0259 t\u00f6r\u0259tdiyi t\u0259hl\u00fck\u0259ni aradan qald\u0131rmaq idi. Bel\u0259 ki, 2016-c\u0131 ilin mart\u0131ndan ba\u015flayaraq, Erm\u0259nistan silahl\u0131 q\u00fcvv\u0259l\u0259rinin birl\u0259\u015fm\u0259l\u0259ri c\u0259bh\u0259boyu zonadak\u0131 ya\u015fay\u0131\u015f m\u0259nt\u0259q\u0259l\u0259rini daha s\u0131x at\u0259\u015f\u0259 tutma\u011fa ba\u015flam\u0131\u015fd\u0131. V\u0259ziyy\u0259ti g\u0259rginl\u0259\u015fdirm\u0259k m\u0259qs\u0259dil\u0259 erm\u0259ni h\u0259rbi birl\u0259\u015fm\u0259l\u0259ri artilleriya qur\u011fular\u0131ndan h\u0259m d\u00f6y\u00fc\u015f m\u00f6vqel\u0259rimizi, h\u0259m d\u0259 t\u0259mas x\u0259ttin\u0259 yax\u0131n ya\u015fay\u0131\u015f m\u0259nt\u0259q\u0259l\u0259rini at\u0259\u015f\u0259 tuturdu. D\u00fc\u015fm\u0259n aprelin 2-n\u0259 ke\u00e7\u0259n gec\u0259 b\u00fct\u00fcn m\u00f6vqel\u0259rimizi, eyni zamanda, m\u00fclki \u0259halini at\u0259\u015f\u0259 tutub. Az\u0259rbaycan t\u0259r\u0259find\u0259n d\u0259rhal adekvat t\u0259dbirl\u0259rin g\u00f6r\u00fclm\u0259si il\u0259 ba\u011fl\u0131 q\u0259rar q\u0259bul edilib v\u0259 q\u0259ti cavab z\u0259rb\u0259l\u0259ri endirilib. D\u00fc\u015fm\u0259n m\u00fcdafi\u0259sinin \u00f6n x\u0259ttind\u0259 v\u0259 d\u0259rinliyind\u0259 yerl\u0259\u015f\u0259n koordinatlar m\u00fc\u0259yy\u0259nl\u0259\u015fdirilib, Erm\u0259nistan ordusunun canl\u0131 q\u00fcvv\u0259si v\u0259 h\u0259rbi texnikas\u0131 m\u0259hv edilib.<\/p>\n<p>Aprel hadis\u0259l\u0259rind\u0259 c\u0259bh\u0259nin \u0259n g\u0259rgin istiqam\u0259ti A\u011fd\u0259r\u0259-T\u0259rt\u0259r-A\u011fdam v\u0259 F\u00fczuli istiqam\u0259ti olub. Az\u0259rbaycan Silahl\u0131 Q\u00fcvv\u0259l\u0259rinin b\u00f6lm\u0259l\u0259ri aprelin \u0259vv\u0259lind\u0259 q\u0131sa m\u00fcdd\u0259td\u0259 d\u00fc\u015fm\u0259nin \u00f6nd\u0259 v\u0259 d\u0259rinlikd\u0259 c\u0259ml\u0259\u015f\u0259n q\u00fcvv\u0259l\u0259rini m\u00fc\u0259yy\u0259nl\u0259\u015fdirib v\u0259 q\u0259ti z\u0259rb\u0259l\u0259rl\u0259 s\u0131radan \u00e7\u0131xar\u0131b. U\u011furlu \u0259m\u0259liyyatlar n\u0259tic\u0259sind\u0259 Naftalan \u015f\u0259h\u0259rin\u0259 t\u0259hl\u00fck\u0259 yaradacaq Tal\u0131\u015f k\u0259ndi istiqam\u0259tind\u0259ki y\u00fcks\u0259klikl\u0259r i\u015f\u011fal\u00e7\u0131lardan t\u0259mizl\u0259ndi. H\u0259m\u00e7inin Horadiz \u015f\u0259h\u0259rinin d\u00fc\u015fm\u0259n t\u0259hl\u00fck\u0259sind\u0259n qorunmas\u0131 m\u0259qs\u0259dil\u0259 F\u00fczuli rayonu istiqam\u0259tind\u0259 yerl\u0259\u015f\u0259n, geni\u015f \u0259razini n\u0259zar\u0259td\u0259 saxlamaq imkan\u0131 ver\u0259n olduqca strateji \u0259h\u0259miyy\u0259tli L\u0259l\u0259t\u0259p\u0259 y\u00fcks\u0259kliyi azad edilib.<\/p>\n<p>Ordumuzun q\u0259ti z\u0259rb\u0259l\u0259ri n\u0259tic\u0259sind\u0259 d\u00fc\u015fm\u0259nin 30-d\u0259k tank\u0131, 25-d\u0259n \u00e7ox artilleriya qur\u011fusu v\u0259 dig\u0259r zirehli texnikas\u0131 m\u0259hv edilib, 320 h\u0259rb\u00e7isi \u00f6ld\u00fcr\u00fcl\u00fcb, 500-d\u0259n art\u0131q d\u00f6y\u00fc\u015f\u00e7\u00fcs\u00fc yaralan\u0131b. A\u011fd\u0259r\u0259-Madagiz istiqam\u0259tind\u0259 yollar\u0131n n\u0259zar\u0259td\u0259 saxlan\u0131lmas\u0131 t\u0259min edilib.<\/p>\n<p>Aprel d\u00f6y\u00fc\u015fl\u0259rind\u0259 Az\u0259rbaycan Ordusunun d\u00fc\u015fm\u0259n\u0259 endirdiyi \u0259ks-h\u0259ml\u0259 z\u0259rb\u0259l\u0259rinin n\u0259tic\u0259l\u0259rin\u0259 diqq\u0259t yetirs\u0259k ilk olaraq qeyd etm\u0259k laz\u0131md\u0131r ki, Erm\u0259nistan ordusunun t\u0259xribatlar\u0131na cavab olaraq 2016-c\u0131 il aprelin \u0259vv\u0259ll\u0259rind\u0259 Az\u0259rbaycan Ordusunun h\u0259yata ke\u00e7irdiyi \u0259ks-h\u0259ml\u0259 \u0259m\u0259liyyatlar\u0131 n\u0259tic\u0259sind\u0259 yaranan rezonans Erm\u0259nistan\u0131n siyasi-h\u0259rbi r\u0259hb\u0259rliyind\u0259 d\u0259rin \u00e7atlar\u0131n \u0259m\u0259l\u0259 g\u0259lm\u0259sin\u0259 s\u0259b\u0259b oldu ki, bunun n\u0259tic\u0259l\u0259rini biz bu g\u00fcn d\u0259 Erm\u0259nistan c\u0259miyy\u0259tind\u0259 m\u00fc\u015fahid\u0259 edirik. N\u0259tic\u0259d\u0259 erm\u0259ni xalq\u0131 \u00f6z \u201c\u015fanl\u0131 ordusunu\u201d tan\u0131d\u0131, eyni zamanda, bu \u00f6lk\u0259d\u0259 i\u015f\u011fal\u00e7\u0131l\u0131\u011f\u0131n v\u0259 separatizmin d\u00f6vl\u0259t s\u0259viyy\u0259sind\u0259 d\u0259st\u0259kl\u0259ndiyi t\u0259sdiq olundu. Aprel z\u0259f\u0259rind\u0259 ill\u0259rl\u0259 yarad\u0131lan \u201cm\u0259\u011flubedilm\u0259z erm\u0259ni ordusu\u201d mifi da\u011f\u0131ld\u0131 v\u0259 erm\u0259ni xalq\u0131 i\u015f\u011fal\u00e7\u0131l\u0131q siyas\u0259tinin iflasa u\u011frad\u0131\u011f\u0131n\u0131 d\u0259rk etdi. Aprel q\u0259l\u0259b\u0259si \u0259sg\u0259rl\u0259rimizin d\u00f6y\u00fc\u015f ruhunun, ordu il\u0259 xalq\u0131n birliyinin t\u0259c\u0259ss\u00fcm\u00fc oldu. Erm\u0259ni xalq\u0131 art\u0131q bilir ki, Az\u0259rbaycan torpaqlar\u0131nda onlara yer yoxdur. Erm\u0259ni xalq\u0131, eyni zamanda, d\u00fcnya ictimaiyy\u0259ti d\u0259 ba\u015fa d\u00fc\u015fd\u00fc ki, i\u015f\u011fal edilmi\u015f \u0259razil\u0259rin h\u0259rb yolu il\u0259 azad edilm\u0259si m\u00fcmk\u00fcnd\u00fcr. Az\u0259rbaycan xalq\u0131, d\u00f6vl\u0259ti v\u0259 ordusu buna tam qadirdir.<\/p>\n<p>U\u011furlu Aprel \u0259m\u0259liyyat\u0131ndan sonra Erm\u0259nistan\u0131n i\u015f\u011fal\u00e7\u0131l\u0131q siyas\u0259ti dan\u0131lmaz faktlarla yenid\u0259n t\u0259sdiql\u0259ndi. Bel\u0259 ki, d\u00f6y\u00fc\u015fl\u0259rd\u0259 \u00f6l\u0259nl\u0259rin \u0259ks\u0259riyy\u0259tinin Erm\u0259nistan h\u0259rbi qulluq\u00e7ular\u0131n\u0131n olmas\u0131, onlar\u0131n Erm\u0259nistan h\u00f6kum\u0259ti t\u0259r\u0259find\u0259n m\u00fckafatland\u0131r\u0131lmas\u0131, yaral\u0131lar\u0131n b\u00f6y\u00fck bir hiss\u0259sinin Erm\u0259nistan\u0131n tibb m\u00fc\u0259ssis\u0259l\u0259rind\u0259 m\u00fcalic\u0259 almas\u0131 v\u0259 d\u00f6vl\u0259t t\u0259r\u0259find\u0259n \u201cseparat\u00e7\u0131 c\u0259lladlar\u0131n\u201d k\u00f6n\u00fcll\u00fc ad\u0131 alt\u0131nda yenid\u0259n Qaraba\u011fa g\u00f6nd\u0259ril\u0259r\u0259k erm\u0259ni ordusunun qoyub qa\u00e7d\u0131\u011f\u0131 s\u0259ng\u0259rl\u0259r\u0259 doldurulmas\u0131 c\u0259hdi v\u0259 sair faktlar buna \u0259yani s\u00fcbutdur.<\/p>\n<p>Erm\u0259nistan ordusunun t\u0259mas x\u0259ttind\u0259 t\u00f6r\u0259tdikl\u0259ri t\u0259xribatlar zaman\u0131 dinc \u0259hali aras\u0131nda da h\u0259lak olan v\u0259 yaralananlar olub, ya\u015fay\u0131\u015f m\u0259nt\u0259q\u0259l\u0259rimiz\u0259 b\u00f6y\u00fck ziyan d\u0259yib.<\/p>\n<p>Az\u0259rbaycan Respublikas\u0131n\u0131n \u0259razi b\u00fct\u00f6vl\u00fcy\u00fcn\u00fcn qorunub saxlanmas\u0131, erm\u0259ni i\u015f\u011fal\u00e7\u0131lar\u0131n\u0131n 2016-c\u0131 il aprelin 2-d\u0259n 5-d\u0259k qo\u015funlar\u0131n t\u0259mas x\u0259ttind\u0259 t\u00f6r\u0259tdikl\u0259ri silahl\u0131 t\u0259xribatlar\u0131n qar\u015f\u0131s\u0131n\u0131n al\u0131nmas\u0131 v\u0259 d\u00fc\u015fm\u0259nin dinc \u0259haliy\u0259 h\u00fccumlar\u0131n\u0131n d\u0259f edilm\u0259si zaman\u0131 g\u00f6st\u0259rdikl\u0259ri q\u0259hr\u0259manl\u0131q v\u0259 igidliy\u0259 g\u00f6r\u0259 Az\u0259rbaycan h\u0259rb\u00e7il\u0259rinin x\u00fcsusi f\u0259rql\u0259n\u0259n bir qrupu 2016-c\u0131 il aprelin 19-da Az\u0259rbaycan Respublikas\u0131 Prezidentinin m\u00fcvafiq s\u0259r\u0259ncamlar\u0131 il\u0259 y\u00fcks\u0259k f\u0259xri ada layiq g\u00f6r\u00fcl\u00fcb, orden v\u0259 medallarla t\u0259ltif edilib.<\/p>\n<p>V\u0259t\u0259n qar\u015f\u0131s\u0131ndak\u0131 xidm\u0259tl\u0259rin\u0259 g\u00f6r\u0259 t\u0259ltif edil\u0259nl\u0259r aras\u0131nda \u201cAz\u0259rbaycan\u0131n Milli Q\u0259hr\u0259man\u0131\u201d f\u0259xri ad\u0131na, \u201cAz\u0259rbaycan Bayra\u011f\u0131\u201d v\u0259 \u201cV\u0259t\u0259n\u0259 xidm\u0259t\u0259 g\u00f6r\u0259\u201d ordenl\u0259rin\u0259, \u201cV\u0259t\u0259n u\u011frunda\u201d, \u201c\u0130gidliy\u0259 g\u00f6r\u0259\u201d v\u0259 \u201cH\u0259rbi xidm\u0259tl\u0259r\u0259 g\u00f6r\u0259\u201d medallar\u0131na layiq g\u00f6r\u00fcl\u0259nl\u0259r vard\u0131r.<\/p>\n<p>Aprel d\u00f6y\u00fc\u015fl\u0259ri Az\u0259rbaycan xalq\u0131n\u0131n v\u0259 Ordusunun tarixi \u0259razil\u0259rimiz olan Da\u011fl\u0131q Qaraba\u011f v\u0259 \u0259traf rayonlar\u0131n i\u015f\u011faldan azad edilm\u0259si \u00fc\u00e7\u00fcn h\u0259r c\u00fcr f\u0259dakarl\u0131\u011fa v\u0259 h\u0259rbi q\u00fcdr\u0259t\u0259 haz\u0131r oldu\u011funu d\u00fc\u015fm\u0259nl\u0259 yana\u015f\u0131, b\u00fct\u00fcn d\u00fcnyaya s\u00fcbut etdi. Az\u0259rbaycan Respublikas\u0131n\u0131n Prezidenti, Silahl\u0131 Q\u00fcvv\u0259l\u0259rin Ali Ba\u015f Komandan\u0131 \u0130lham \u018fliyev Az\u0259rbaycan Ordusunun Aprel q\u0259l\u0259b\u0259l\u0259rinin ild\u00f6n\u00fcm\u00fc il\u0259 \u0259laq\u0259dar bir qrup h\u0259rb\u00e7imizl\u0259 g\u00f6r\u00fc\u015f\u00fcnd\u0259 deyib: \u201cAprel d\u00f6y\u00fc\u015fl\u0259ri bizim \u015fanl\u0131 h\u0259rbi q\u0259l\u0259b\u0259mizdir, d\u00f6vl\u0259timizin, xalq\u0131m\u0131z\u0131n, ordumuzun g\u00fcc\u00fcn\u00fc g\u00f6st\u0259r\u0259n q\u0259l\u0259b\u0259dir. Aprel d\u00f6y\u00fc\u015fl\u0259ri n\u0259tic\u0259sind\u0259 F\u00fczuli, C\u0259bray\u0131l v\u0259 A\u011fd\u0259r\u0259 rayonlar\u0131n\u0131n i\u015f\u011faldan azad edilmi\u015f \u0259razil\u0259rind\u0259 bu g\u00fcn Az\u0259rbaycan bayra\u011f\u0131 dal\u011falan\u0131r. Bu d\u00f6y\u00fc\u015fl\u0259r onu g\u00f6st\u0259rir ki, Az\u0259rbaycan xalq\u0131 v\u0259 d\u00f6vl\u0259ti he\u00e7 vaxt i\u015f\u011falla bar\u0131\u015fmayacaq, \u00f6z \u0259razi b\u00fct\u00f6vl\u00fcy\u00fcn\u00fc n\u0259yin bahas\u0131na olursa-olsun b\u0259rpa ed\u0259c\u0259kdir\u201d.<\/p>\n<p>H\u0259qiq\u0259t\u0259n d\u0259 d\u00f6vl\u0259timizin ba\u015f\u00e7\u0131s\u0131n\u0131n dediyi kimi, Aprel d\u00f6y\u00fc\u015fl\u0259ri, eyni zamanda, ordumuzun pe\u015f\u0259karl\u0131\u011f\u0131n\u0131 g\u00f6st\u0259rdi. Ordumuz \u0259lveri\u015fsiz m\u00f6vqel\u0259rd\u0259n \u0259ks-h\u00fccum \u0259m\u0259liyyat\u0131 apararaq strateji m\u00f6vqel\u0259r\u0259 sahib oldu. Bu g\u00fcn bu strateji y\u00fcks\u0259klikl\u0259r, m\u00f6vqel\u0259r, i\u015f\u011faldan azad edilmi\u015f \u0259razil\u0259r imkan verir ki, Az\u0259rbaycan Ordusu t\u0259mas x\u0259ttind\u0259 m\u00f6vcud v\u0259ziyy\u0259t\u0259 tam n\u0259zar\u0259t etsin v\u0259 laz\u0131mi t\u0259dbirl\u0259ri g\u00f6r\u0259 bilsin.<\/p>\n<p>Aprel d\u00f6y\u00fc\u015fl\u0259rinin \u0259n b\u00f6y\u00fck tarixi \u0259h\u0259miyy\u0259ti bu q\u0259l\u0259b\u0259 say\u0259sind\u0259 \u201cB\u00f6y\u00fck Qay\u0131d\u0131\u015f\u201d prosesin\u0259 start verilm\u0259si oldu. L\u0259l\u0259t\u0259p\u0259 y\u00fcks\u0259kliyinin azad edilm\u0259si n\u0259tic\u0259sind\u0259 C\u0259bray\u0131l rayonunun Cocuq M\u0259rcanl\u0131 k\u0259ndind\u0259 m\u00fclki \u0259halinin ya\u015fay\u0131\u015f\u0131 \u00fc\u00e7\u00fcn t\u0259hl\u00fck\u0259 tamamil\u0259 aradan qald\u0131r\u0131ld\u0131. D\u00f6vl\u0259timizin ba\u015f\u00e7\u0131s\u0131n\u0131n Cocuq M\u0259rcanl\u0131 k\u0259ndinin b\u0259rpas\u0131 v\u0259 \u0259halinin yerl\u0259\u015fdirilm\u0259si il\u0259 ba\u011fl\u0131 2017-ci il 24 yanvar tarixli S\u0259r\u0259ncam\u0131 il\u0259 \u201cB\u00f6y\u00fck Qay\u0131d\u0131\u015f\u201d prosesin\u0259 start verildi. Art\u0131q bu k\u0259ndin \u0259halisinin 23 illik fasil\u0259d\u0259n sonra do\u011fma torpaqlar\u0131na qay\u0131tmas\u0131 i\u015f\u011fal alt\u0131ndak\u0131 dig\u0259r \u0259razil\u0259rimizin d\u0259 tezlikl\u0259 azad olunmas\u0131na b\u00fct\u00fcn xalq\u0131m\u0131zda d\u0259rin inam yaratd\u0131. Az\u0259rbaycan Respublikas\u0131n\u0131n Prezidenti \u0130lham \u018fliyevin v\u0259 birinci xan\u0131m Mehriban \u018fliyevan\u0131n t\u0259mas x\u0259ttin\u0259 ged\u0259r\u0259k, Erm\u0259nistan ordusunun at\u0259\u015fl\u0259ri n\u0259tic\u0259sind\u0259 ya\u015fay\u0131\u015f m\u0259nt\u0259q\u0259l\u0259rimiz\u0259 d\u0259y\u0259n ziyanla yerind\u0259 tan\u0131\u015f olmalar\u0131, yerli \u0259hali, el\u0259c\u0259 d\u0259 \u00f6n x\u0259td\u0259 \u015f\u0259xsi hey\u0259tl\u0259 g\u00f6r\u00fc\u015f\u00fc xalq\u0131m\u0131z\u0131n v\u0259 Ordumuzun d\u00fc\u015fm\u0259n \u00fcz\u0259rind\u0259 q\u0259ti q\u0259l\u0259b\u0259y\u0259 \u00fcmidl\u0259rini daha da art\u0131rd\u0131.<\/p>\n<p>Az\u0259rbaycan Prezidenti, Ali Ba\u015f Komandan \u0130lham \u018fliyevin Aprel d\u00f6y\u00fc\u015fl\u0259rinin \u0259h\u0259miyy\u0259ti bar\u0259d\u0259 dediyi s\u00f6zl\u0259r bu q\u0259l\u0259b\u0259nin Ordumuz v\u0259 xalq\u0131m\u0131z \u00fc\u00e7\u00fcn \u00f6n\u0259mini a\u00e7\u0131q \u015f\u0259kild\u0259 ifad\u0259 edir: \u201cAprel d\u00f6y\u00fc\u015fl\u0259ri h\u0259rbi d\u0259rslikl\u0259r\u0259 sal\u0131nmal\u0131d\u0131r. H\u0259m pe\u015f\u0259karl\u0131q, h\u0259m d\u0259 v\u0259t\u0259np\u0259rv\u0259rlik ruhu bax\u0131m\u0131ndan Aprel d\u00f6y\u00fc\u015fl\u0259ri bir daha g\u00f6st\u0259rdi ki, Az\u0259rbaycan xalq\u0131 q\u0259hr\u0259man xalqd\u0131r. Bir daha onu g\u00f6st\u0259rdi ki, biz bu v\u0259ziyy\u0259tl\u0259 bar\u0131\u015fmayaca\u011f\u0131q. Onu g\u00f6st\u0259rdi ki, xalq-iqtidar birliyi bu g\u00fcn Az\u0259rbaycanda y\u00fcks\u0259k s\u0259viyy\u0259d\u0259 t\u0259min olunur, m\u00f6hk\u0259ml\u0259nir. Erm\u0259nistan-Az\u0259rbaycan Da\u011fl\u0131q Qaraba\u011f m\u00fcnaqi\u015f\u0259sinin h\u0259lli bizim \u00fc\u00e7\u00fcn h\u0259mi\u015f\u0259 oldu\u011fu kimi birinci yerd\u0259 duran prioritet m\u0259s\u0259l\u0259dir\u201d.<\/p>\n<p>U\u011furlu Aprel q\u0259l\u0259b\u0259sind\u0259n daha da ruhlanan Az\u0259rbaycan Ordusu iki il sonra daha bir b\u00f6y\u00fck z\u0259f\u0259r qazand\u0131. 2018-ci ilin may\u0131nda \u018flahidd\u0259 \u00dcmumqo\u015fun Ordu t\u0259r\u0259find\u0259n G\u00fcnn\u00fct k\u0259ndi v\u0259 \u0259traf \u0259razil\u0259rin n\u0259zar\u0259t alt\u0131na al\u0131nmas\u0131 bir daha g\u00f6st\u0259rdi ki, \u0259sg\u0259r v\u0259 zabitl\u0259rimiz qar\u015f\u0131ya qoyulan ist\u0259nil\u0259n tap\u015f\u0131r\u0131\u011f\u0131 yerin\u0259 yetirm\u0259k \u0259zmind\u0259dir. Az\u0259rbaycan Respublikas\u0131n\u0131n Prezidenti \u0130lham \u018fliyevin dediyi kimi: \u201cNax\u00e7\u0131van\u0131n 1990-c\u0131 ill\u0259rin \u0259vv\u0259ll\u0259rind\u0259 erm\u0259nil\u0259r t\u0259r\u0259find\u0259n z\u0259bt edilmi\u015f 11 min hektar torpa\u011f\u0131 Nax\u00e7\u0131van \u018flahidd\u0259 \u00dcmumqo\u015fun Ordusu t\u0259r\u0259find\u0259n apar\u0131lm\u0131\u015f u\u011furlu \u0259m\u0259liyyat n\u0259tic\u0259sind\u0259 azad edildi. \u00c7ox b\u00f6y\u00fck m\u00fch\u0259ndislik v\u0259 k\u0259\u015ffiyyat i\u015fl\u0259ri apar\u0131ld\u0131. Nax\u00e7\u0131van \u0259m\u0259liyyat\u0131 y\u00fcks\u0259k m\u0259har\u0259tl\u0259, pe\u015f\u0259karl\u0131qla h\u0259yata ke\u00e7irildi. Az\u0259rbaycan h\u0259rb\u00e7isi bir daha q\u0259hr\u0259manl\u0131q, r\u0259\u015fad\u0259t g\u00f6st\u0259rmi\u015fdir. Nax\u00e7\u0131van \u0259m\u0259liyyat\u0131 bir daha onu g\u00f6st\u0259rdi ki, Az\u0259rbaycan Ordusu g\u00fccl\u00fc ordudur\u201d.<\/p>\n<p>Aprel d\u00f6y\u00fc\u015fl\u0259ri Az\u0259rbaycan\u0131n h\u0259rb salnam\u0259sin\u0259 q\u0131z\u0131l h\u0259rfl\u0259rl\u0259 yaz\u0131lan \u015eanl\u0131 V\u0259t\u0259n m\u00fcharib\u0259sind\u0259 B\u00f6y\u00fck Q\u0259l\u0259b\u0259y\u0259 ged\u0259n yolda m\u00fch\u00fcm \u0259h\u0259miyy\u0259t k\u0259sb edir. Be\u015f i\u015f \u0259vv\u0259l bu d\u00f6y\u00fc\u015fl\u0259rd\u0259 d\u00fc\u015fm\u0259n \u00fcz\u0259rind\u0259 qazan\u0131lan h\u0259rbi u\u011furlar Az\u0259rbaycan Ordusunun v\u0259 xalq\u0131n\u0131n B\u00f6y\u00fck Q\u0259l\u0259b\u0259y\u0259 inam\u0131n\u0131 v\u0259 \u0259zmini daha da art\u0131rmaqla yana\u015f\u0131, Ordumuzun \u015f\u0259xsi hey\u0259ti \u00fc\u00e7\u00fcn m\u00fch\u00fcm s\u0131naq v\u0259 d\u00f6y\u00fc\u015f t\u0259cr\u00fcb\u0259si oldu. M\u0259hz bu t\u0259cr\u00fcb\u0259ni \u0130kinci Qaraba\u011f m\u00fcharib\u0259sind\u0259 u\u011furla t\u0259tbiq ed\u0259n r\u0259\u015fad\u0259tli Az\u0259rbaycan Ordusu d\u00fc\u015fm\u0259n\u0259 q\u0259ti z\u0259rb\u0259 vuraraq torpaqlar\u0131m\u0131z\u0131 i\u015f\u011faldan azad etdi. Q\u00fcrurverici hal ondan ibar\u0259tdir ki, B\u00f6y\u00fck Q\u0259l\u0259b\u0259ni c\u0259mi 44 g\u00fcnd\u0259 qazanaraq, Az\u0259rbaycan\u0131n \u0259razi b\u00fct\u00f6vl\u00fcy\u00fcn\u00fc t\u0259min ed\u0259n \u015eanl\u0131 Ordumuzun V\u0259t\u0259n m\u00fcharib\u0259sind\u0259 t\u0259tbiq etdiyi \u0259n m\u00fcasir d\u00f6y\u00fc\u015f taktikas\u0131 v\u0259 m\u00fch\u00fcm yenilikl\u0259r d\u00fcnyan\u0131n qabaqc\u0131l ordular\u0131 t\u0259r\u0259find\u0259n d\u0259rind\u0259n \u00f6yr\u0259nilir v\u0259 t\u0259qdir olunur.<\/p>\n<p>Bu g\u00fcn h\u0259r bir az\u0259rbaycanl\u0131 be\u015f il \u0259vv\u0259l L\u0259l\u0259t\u0259p\u0259d\u0259 ucald\u0131lan \u00fc\u00e7r\u0259ngli bayra\u011f\u0131m\u0131z\u0131n art\u0131q i\u015f\u011faldan azad edil\u0259n \u015eu\u015fada v\u0259 dig\u0259r \u0259razil\u0259rimizd\u0259 dal\u011falanmas\u0131ndan sonsuz q\u00fcrur duymaqdad\u0131r. Bu q\u00fcruru biz\u0259 ya\u015fadan M\u00fcz\u0259ff\u0259r Ali Ba\u015f Komandana v\u0259 R\u0259\u015fad\u0259tli Az\u0259rbaycan Ordusuna e\u015fq olsun!<\/p>\n","protected":false},"excerpt":{"rendered":"<p>Bu g\u00fcn Az\u0259rbaycan Ordusunun parlaq tarixi q\u0259l\u0259b\u0259l\u0259rind\u0259n olan \u015fanl\u0131 Aprel d\u00f6y\u00fc\u015fl\u0259rind\u0259n be\u015f il \u00f6t\u00fcr. AZ\u018fRTAC\u00a0x\u0259b\u0259r verir ki, 2016-c\u0131 il aprelin 2-d\u0259 Erm\u0259nistan silahl\u0131 q\u00fcvv\u0259l\u0259rinin t\u0259xribatlar\u0131na cavab olaraq, Az\u0259rbaycan Ordusu s\u00fcr\u0259tli \u0259ks-h\u00fccum \u0259m\u0259liyyat\u0131 il\u0259 d\u00fc\u015fm\u0259ni a\u011f\u0131r m\u0259\u011flubiyy\u0259t\u0259 u\u011fradaraq, F\u00fczuli, C\u0259bray\u0131l v\u0259 A\u011fd\u0259r\u0259 rayonlar\u0131n\u0131n i\u015f\u011fal alt\u0131ndak\u0131 \u0259razil\u0259rinin 2000 hektardan \u00e7ox hiss\u0259sini azad edib. H\u0259m\u00e7inin minl\u0259rl\u0259 hektar \u0259razi [&hellip;]<\/p>\n","protected":false},"author":6,"featured_media":35109,"comment_status":"open","ping_status":"open","sticky":false,"template":"","format":"standard","meta":{"footnotes":""},"categories":[421],"tags":[],"_links":{"self":[{"href":"https:\/\/www.imm.az\/exp\/wp-json\/wp\/v2\/posts\/35108"}],"collection":[{"href":"https:\/\/www.imm.az\/exp\/wp-json\/wp\/v2\/posts"}],"about":[{"href":"https:\/\/www.imm.az\/exp\/wp-json\/wp\/v2\/types\/post"}],"author":[{"embeddable":true,"href":"https:\/\/www.imm.az\/exp\/wp-json\/wp\/v2\/users\/6"}],"replies":[{"embeddable":true,"href":"https:\/\/www.imm.az\/exp\/wp-json\/wp\/v2\/comments?post=35108"}],"version-history":[{"count":1,"href":"https:\/\/www.imm.az\/exp\/wp-json\/wp\/v2\/posts\/35108\/revisions"}],"predecessor-version":[{"id":35110,"href":"https:\/\/www.imm.az\/exp\/wp-json\/wp\/v2\/posts\/35108\/revisions\/35110"}],"wp:featuredmedia":[{"embeddable":true,"href":"https:\/\/www.imm.az\/exp\/wp-json\/wp\/v2\/media\/35109"}],"wp:attachment":[{"href":"https:\/\/www.imm.az\/exp\/wp-json\/wp\/v2\/media?parent=35108"}],"wp:term":[{"taxonomy":"category","embeddable":true,"href":"https:\/\/www.imm.az\/exp\/wp-json\/wp\/v2\/categories?post=35108"},{"taxonomy":"post_tag","embeddable":true,"href":"https:\/\/www.imm.az\/exp\/wp-json\/wp\/v2\/tags?post=35108"}],"curies":[{"name":"wp","href":"https:\/\/api.w.org\/{rel}","templated":true}]}}