{"id":35546,"date":"2021-04-27T09:12:11","date_gmt":"2021-04-27T05:12:11","guid":{"rendered":"http:\/\/www.imm.az\/exp\/?p=35546"},"modified":"2021-04-27T09:20:33","modified_gmt":"2021-04-27T05:20:33","slug":"prezident-ilham-%c9%99liyev-v%c9%99-birinci-xanim-mehriban-%c9%99liyeva-c%c9%99brayil-v%c9%99-z%c9%99ngilan-rayonlarinda-olublar","status":"publish","type":"post","link":"https:\/\/www.imm.az\/exp\/2021\/04\/27\/prezident-ilham-%c9%99liyev-v%c9%99-birinci-xanim-mehriban-%c9%99liyeva-c%c9%99brayil-v%c9%99-z%c9%99ngilan-rayonlarinda-olublar\/","title":{"rendered":"Prezident \u0130lham \u018fliyev v\u0259 birinci xan\u0131m Mehriban \u018fliyeva C\u0259bray\u0131l v\u0259 Z\u0259ngilan rayonlar\u0131nda olublar"},"content":{"rendered":"<p>Aprelin 26-da Az\u0259rbaycan Respublikas\u0131n\u0131n Prezidenti \u0130lham \u018fliyev, birinci xan\u0131m Mehriban \u018fliyeva, q\u0131zlar\u0131 Leyla \u018fliyeva C\u0259bray\u0131l v\u0259 Z\u0259ngilan rayonlar\u0131nda olublar.<\/p>\n<div class='entry-gallery'><div id=\"carousel-1\" class=\"single-carousel carousel slide carousel-35546\" data-ride=\"carousel\"><ol class='carousel-indicators'><li data-target=\"#carousel-1\" data-slide-to=\"0\" class=\"active\"><\/li><li data-target=\"#carousel-1\" data-slide-to=\"1\" class=\"\"><\/li><\/ol><div class='carousel-inner'><div class=\"carousel-item item active\"><a href='https:\/\/www.imm.az\/exp\/2021\/04\/27\/prezident-ilham-%c9%99liyev-v%c9%99-birinci-xanim-mehriban-%c9%99liyeva-c%c9%99brayil-v%c9%99-z%c9%99ngilan-rayonlarinda-olublar\/16194620835052133183_1000x669\/'><img loading=\"lazy\" decoding=\"async\" width=\"279\" height=\"350\" src=\"https:\/\/www.imm.az\/exp\/wp-content\/uploads\/2021\/04\/16194620835052133183_1000x669.jpg\" class=\"attachment-620x350 size-620x350\" alt=\"\" srcset=\"https:\/\/www.imm.az\/exp\/wp-content\/uploads\/2021\/04\/16194620835052133183_1000x669.jpg 534w, https:\/\/www.imm.az\/exp\/wp-content\/uploads\/2021\/04\/16194620835052133183_1000x669-239x300.jpg 239w\" sizes=\"(max-width: 279px) 100vw, 279px\" \/><\/a><\/div><div class=\"carousel-item item\"><a href='https:\/\/www.imm.az\/exp\/2021\/04\/27\/prezident-ilham-%c9%99liyev-v%c9%99-birinci-xanim-mehriban-%c9%99liyeva-c%c9%99brayil-v%c9%99-z%c9%99ngilan-rayonlarinda-olublar\/16194660742083652780_1000x669\/'><img loading=\"lazy\" decoding=\"async\" width=\"259\" height=\"350\" src=\"https:\/\/www.imm.az\/exp\/wp-content\/uploads\/2021\/04\/16194660742083652780_1000x669.jpg\" class=\"attachment-620x350 size-620x350\" alt=\"\" srcset=\"https:\/\/www.imm.az\/exp\/wp-content\/uploads\/2021\/04\/16194660742083652780_1000x669.jpg 496w, https:\/\/www.imm.az\/exp\/wp-content\/uploads\/2021\/04\/16194660742083652780_1000x669-222x300.jpg 222w\" sizes=\"(max-width: 259px) 100vw, 259px\" \/><\/a><\/div><\/div>\n<a class=\"carousel-control-prev\" href=\"#carousel-1\" role=\"button\" data-slide=\"prev\">\n    <span class=\"carousel-control-prev-icon\" aria-hidden=\"true\"><\/span>\n    <span class=\"sr-only\">Previous<\/span>\n  <\/a>\n\n      <a class=\"carousel-control-next\" href=\"#carousel-1\" role=\"button\" data-slide=\"next\">\n    <span class=\"carousel-control-next-icon\" aria-hidden=\"true\"><\/span>\n    <span class=\"sr-only\">Next<\/span>\n  <\/a>\n    \n    <\/div><\/div>\n<p><a class=\"azertac-link\" href=\"https:\/\/azertag.az\/\" target=\"_blank\" rel=\"noopener noreferrer\">AZ\u018fRTAC<\/a>&nbsp;x\u0259b\u0259r verir ki, s\u0259f\u0259rd\u0259n geni\u015f reportaj aprelin 27-d\u0259 t\u0259qdim edil\u0259c\u0259k.<\/p>\n","protected":false},"excerpt":{"rendered":"<p>Aprelin 26-da Az\u0259rbaycan Respublikas\u0131n\u0131n Prezidenti \u0130lham \u018fliyev, birinci xan\u0131m Mehriban \u018fliyeva, q\u0131zlar\u0131 Leyla \u018fliyeva C\u0259bray\u0131l v\u0259 Z\u0259ngilan rayonlar\u0131nda olublar. AZ\u018fRTAC&nbsp;x\u0259b\u0259r verir ki, s\u0259f\u0259rd\u0259n geni\u015f reportaj aprelin 27-d\u0259 t\u0259qdim edil\u0259c\u0259k.<\/p>\n","protected":false},"author":6,"featured_media":35548,"comment_status":"open","ping_status":"open","sticky":false,"template":"","format":"standard","meta":{"footnotes":""},"categories":[421],"tags":[],"_links":{"self":[{"href":"https:\/\/www.imm.az\/exp\/wp-json\/wp\/v2\/posts\/35546"}],"collection":[{"href":"https:\/\/www.imm.az\/exp\/wp-json\/wp\/v2\/posts"}],"about":[{"href":"https:\/\/www.imm.az\/exp\/wp-json\/wp\/v2\/types\/post"}],"author":[{"embeddable":true,"href":"https:\/\/www.imm.az\/exp\/wp-json\/wp\/v2\/users\/6"}],"replies":[{"embeddable":true,"href":"https:\/\/www.imm.az\/exp\/wp-json\/wp\/v2\/comments?post=35546"}],"version-history":[{"count":3,"href":"https:\/\/www.imm.az\/exp\/wp-json\/wp\/v2\/posts\/35546\/revisions"}],"predecessor-version":[{"id":35553,"href":"https:\/\/www.imm.az\/exp\/wp-json\/wp\/v2\/posts\/35546\/revisions\/35553"}],"wp:featuredmedia":[{"embeddable":true,"href":"https:\/\/www.imm.az\/exp\/wp-json\/wp\/v2\/media\/35548"}],"wp:attachment":[{"href":"https:\/\/www.imm.az\/exp\/wp-json\/wp\/v2\/media?parent=35546"}],"wp:term":[{"taxonomy":"category","embeddable":true,"href":"https:\/\/www.imm.az\/exp\/wp-json\/wp\/v2\/categories?post=35546"},{"taxonomy":"post_tag","embeddable":true,"href":"https:\/\/www.imm.az\/exp\/wp-json\/wp\/v2\/tags?post=35546"}],"curies":[{"name":"wp","href":"https:\/\/api.w.org\/{rel}","templated":true}]}}