{"id":39602,"date":"2022-02-23T13:35:10","date_gmt":"2022-02-23T09:35:10","guid":{"rendered":"http:\/\/www.imm.az\/exp\/?p=39602"},"modified":"2022-02-23T13:35:11","modified_gmt":"2022-02-23T09:35:11","slug":"abs-in-uc-s%c9%99h%c9%99rind%c9%99-26-fevral-xocalinin-anim-gunu-elan-edildi","status":"publish","type":"post","link":"https:\/\/www.imm.az\/exp\/2022\/02\/23\/abs-in-uc-s%c9%99h%c9%99rind%c9%99-26-fevral-xocalinin-anim-gunu-elan-edildi\/","title":{"rendered":"AB\u015e-\u0131n \u00fc\u00e7 \u015f\u0259h\u0259rind\u0259 26 fevral \u201cXocal\u0131n\u0131n An\u0131m G\u00fcn\u00fc\u201d elan edildi"},"content":{"rendered":"<p><strong>AB\u015e-\u0131n \u015eimali Karolina \u015ftat\u0131n\u0131n Fayetvill, Darem v\u0259 Apeks \u015f\u0259h\u0259r merl\u0259ri 26 fevral tarixini \u201cXocal\u0131n\u0131n An\u0131m G\u00fcn\u00fc\u201d kimi tan\u0131y\u0131b.<\/strong><\/p>\n<p>Bu bar\u0259d\u0259\u00a0<strong>Demokrat.az<\/strong>-a Diasporla \u0130\u015f \u00fczr\u0259 D\u00f6vl\u0259t Komit\u0259sind\u0259n m\u0259lumat verilib.<\/p>\n<p>Mit\u00e7 Kolvin, Eleyn M. O&#8217;Nil v\u0259 Jak Qilbertin imzald\u0131qlar\u0131 b\u0259yannam\u0259l\u0259rd\u0259 bildirilib ki, Apeks, Darem v\u0259 Fayetvill \u015f\u0259h\u0259rl\u0259rind\u0259 v\u0259 d\u00fcnyada ya\u015fayan Az\u0259rbaycan icmas\u0131 h\u0259r il 26 fevral tarixind\u0259 Xocal\u0131 soyq\u0131r\u0131m\u0131 qurbanlar\u0131n\u0131n xatir\u0259sini d\u0259rin h\u00fczn v\u0259 k\u0259d\u0259r hissi il\u0259 yad edir.<\/p>\n<p>S\u0259n\u0259dl\u0259rd\u0259 Az\u0259rbaycan dilinin, m\u0259d\u0259niyy\u0259tinin, tarixinin v\u0259 m\u0259d\u0259ni irsinin bu \u015f\u0259h\u0259rl\u0259rd\u0259ki t\u0259bli\u011fin\u0259 Az\u0259rbaycan Dostluq T\u0259\u015fkilat\u0131n\u0131n \u00f6z t\u00f6hf\u0259sini verdiyin\u0259 diqq\u0259t c\u0259lb edilib.<\/p>\n<p>Qeyd ed\u0259k ki, b\u0259yannam\u0259l\u0259r Az\u0259rbaycan Dostluq T\u0259\u015fkilat\u0131n\u0131n r\u0259hb\u0259ri Adika \u0130qbal\u0131n t\u0259\u015f\u0259bb\u00fcs\u00fc il\u0259 q\u0259bul edilib.<\/p>\n<p><em>demokrat.az<\/em><\/p>\n","protected":false},"excerpt":{"rendered":"<p>AB\u015e-\u0131n \u015eimali Karolina \u015ftat\u0131n\u0131n Fayetvill, Darem v\u0259 Apeks \u015f\u0259h\u0259r merl\u0259ri 26 fevral tarixini \u201cXocal\u0131n\u0131n An\u0131m G\u00fcn\u00fc\u201d kimi tan\u0131y\u0131b. Bu bar\u0259d\u0259\u00a0Demokrat.az-a Diasporla \u0130\u015f \u00fczr\u0259 D\u00f6vl\u0259t Komit\u0259sind\u0259n m\u0259lumat verilib. Mit\u00e7 Kolvin, Eleyn M. O&#8217;Nil v\u0259 Jak Qilbertin imzald\u0131qlar\u0131 b\u0259yannam\u0259l\u0259rd\u0259 bildirilib ki, Apeks, Darem v\u0259 Fayetvill \u015f\u0259h\u0259rl\u0259rind\u0259 v\u0259 d\u00fcnyada ya\u015fayan Az\u0259rbaycan icmas\u0131 h\u0259r il 26 fevral tarixind\u0259 Xocal\u0131 [&hellip;]<\/p>\n","protected":false},"author":6,"featured_media":39603,"comment_status":"open","ping_status":"open","sticky":false,"template":"","format":"standard","meta":{"footnotes":""},"categories":[77],"tags":[],"_links":{"self":[{"href":"https:\/\/www.imm.az\/exp\/wp-json\/wp\/v2\/posts\/39602"}],"collection":[{"href":"https:\/\/www.imm.az\/exp\/wp-json\/wp\/v2\/posts"}],"about":[{"href":"https:\/\/www.imm.az\/exp\/wp-json\/wp\/v2\/types\/post"}],"author":[{"embeddable":true,"href":"https:\/\/www.imm.az\/exp\/wp-json\/wp\/v2\/users\/6"}],"replies":[{"embeddable":true,"href":"https:\/\/www.imm.az\/exp\/wp-json\/wp\/v2\/comments?post=39602"}],"version-history":[{"count":2,"href":"https:\/\/www.imm.az\/exp\/wp-json\/wp\/v2\/posts\/39602\/revisions"}],"predecessor-version":[{"id":39605,"href":"https:\/\/www.imm.az\/exp\/wp-json\/wp\/v2\/posts\/39602\/revisions\/39605"}],"wp:featuredmedia":[{"embeddable":true,"href":"https:\/\/www.imm.az\/exp\/wp-json\/wp\/v2\/media\/39603"}],"wp:attachment":[{"href":"https:\/\/www.imm.az\/exp\/wp-json\/wp\/v2\/media?parent=39602"}],"wp:term":[{"taxonomy":"category","embeddable":true,"href":"https:\/\/www.imm.az\/exp\/wp-json\/wp\/v2\/categories?post=39602"},{"taxonomy":"post_tag","embeddable":true,"href":"https:\/\/www.imm.az\/exp\/wp-json\/wp\/v2\/tags?post=39602"}],"curies":[{"name":"wp","href":"https:\/\/api.w.org\/{rel}","templated":true}]}}