{"id":39906,"date":"2022-03-12T00:25:00","date_gmt":"2022-03-11T20:25:00","guid":{"rendered":"http:\/\/www.imm.az\/exp\/?p=39906"},"modified":"2022-03-18T15:00:12","modified_gmt":"2022-03-18T11:00:12","slug":"amea-r%c9%99yas%c9%99t-hey%c9%99tinin-iclasi-kecirilib-7","status":"publish","type":"post","link":"https:\/\/www.imm.az\/exp\/2022\/03\/12\/amea-r%c9%99yas%c9%99t-hey%c9%99tinin-iclasi-kecirilib-7\/","title":{"rendered":"AMEA R\u0259yas\u0259t Hey\u0259tinin iclas\u0131 ke\u00e7irilib"},"content":{"rendered":"<p style=\"font-weight: 400;\">Mart\u0131n 11-d\u0259 Az\u0259rbaycan Milli Elml\u0259r Akademiyas\u0131n\u0131n R\u0259yas\u0259t Hey\u0259tinin n\u00f6vb\u0259ti iclas\u0131 ke\u00e7irilib.<\/p>\n<p style=\"font-weight: 400;\">\u0130clasda AMEA-n\u0131n prezidenti v.i.e, akademik Arif H\u0259\u015fimov, R\u0259yas\u0259t Hey\u0259tinin dig\u0259r \u00fczvl\u0259ri akademikl\u0259r &#8211; \u0130sa H\u0259bibb\u0259yli, \u0130brahim Quliyev, Dilq\u0259m Ta\u011f\u0131yev, \u0130rad\u0259 H\u00fcseynova, Rasim \u018fliquliyev, G\u00f6vh\u0259r Bax\u015f\u0259liyeva, C\u0259mil \u018fliyev, Fikr\u0259t \u018fliyev, Adil Q\u0259ribov v\u0259 aidiyy\u0259ti \u015f\u0259xsl\u0259r i\u015ftirak edibl\u0259r.<\/p>\n<p style=\"font-weight: 400;\">T\u0259dbiri akademik Arif H\u0259\u015fimov giri\u015f s\u00f6z\u00fc il\u0259 a\u00e7araq y\u0131\u011f\u0131nca\u011f\u0131n g\u00fcnd\u0259liyi bar\u0259d\u0259 m\u0259lumat verib.<\/p>\n<p style=\"font-weight: 400;\">\u018fvv\u0259lc\u0259 iclasda akademik Arif H\u0259\u015fimov AMEA-n\u0131n m\u00fcxbir \u00fczvl\u0259ri S\u0259lim\u0259 Mehdiyevaya 80 v\u0259 Tofiq M\u0259mm\u0259dova 65 illik yubileyl\u0259ri m\u00fcnasib\u0259til\u0259 AMEA-n\u0131n F\u0259xri f\u0259rmanlar\u0131n\u0131 t\u0259qdim edib.<\/p>\n<p style=\"font-weight: 400;\">Y\u0131\u011f\u0131ncaqda m\u00fczakir\u0259y\u0259 \u00e7\u0131xar\u0131lan ilk m\u0259s\u0259l\u0259 27 mart \u2013 \u201cElm g\u00fcn\u00fc\u201d haqq\u0131nda olub. M\u00f6vzu il\u0259 ba\u011fl\u0131 \u00e7\u0131x\u0131\u015f ed\u0259n akademik Arif H\u0259\u015fimov bildirib ki, \u00f6lk\u0259 ba\u015f\u00e7\u0131s\u0131n\u0131n 9 aprel 2018-ci il tarixli S\u0259r\u0259ncam\u0131 \u0259sas\u0131nda Az\u0259rbaycan Elml\u0259r Akademiyas\u0131n\u0131n t\u0259sis edildiyi 27 mart&nbsp;&nbsp;tarixi respublikada elmi f\u0259aliyy\u0259tl\u0259 m\u0259\u015f\u011ful olanlar\u0131n pe\u015f\u0259 bayram\u0131 \u2013 \u201cElm g\u00fcn\u00fc\u201d olaraq m\u00fc\u0259yy\u0259n edilib. Akademikin s\u00f6zl\u0259rin\u0259 g\u00f6r\u0259, \u201cElm g\u00fcn\u00fc\u201dn\u00fcn t\u0259sis edilm\u0259si Prezident \u0130lham \u018fliyevin elm\u0259 g\u00f6st\u0259rdiyi m\u00fcst\u0259sna qay\u011f\u0131n\u0131n v\u0259 Az\u0259rbaycan alimin\u0259 verdiyi y\u00fcks\u0259k d\u0259y\u0259rin t\u0259zah\u00fcr\u00fcd\u00fcr.<\/p>\n<p style=\"font-weight: 400;\">\u201c1945-ci ilin mart\u0131nda t\u0259sis edil\u0259n Elml\u0259r Akademiyas\u0131 Az\u0259rbaycan xalq\u0131n\u0131n intellektual potensial\u0131n\u0131n formala\u015fd\u0131r\u0131lmas\u0131nda, elmin d\u00f6vr\u00fcn t\u0259l\u0259bl\u0259rind\u0259n ir\u0259li g\u0259l\u0259n strateji istiqam\u0259tl\u0259rinin m\u00fc\u0259yy\u0259nl\u0259\u015fdirilm\u0259sind\u0259, fundamental v\u0259 t\u0259tbiqi elm sah\u0259l\u0259rinin inki\u015faf\u0131nda x\u00fcsusi xidm\u0259tl\u0259r h\u0259yata ke\u00e7irib. \u00dcmummilli lider Heyd\u0259r \u018fliyev Akademiyan\u0131 \u201cAz\u0259rbaycan xalq\u0131n\u0131n milli&nbsp;&nbsp;s\u0259rv\u0259ti\u201d adland\u0131r\u0131b. Bel\u0259 y\u00fcks\u0259k d\u0259y\u0259r ona g\u00f6r\u0259dir ki, bu elm m\u0259b\u0259dind\u0259n yay\u0131lan m\u0259n\u0259vi-intellektual enerji uzun onill\u0259r boyu b\u00fct\u00f6vl\u00fckd\u0259 milli m\u0259d\u0259niyy\u0259timizi stimulla\u015fd\u0131r\u0131b. M\u00fcasir Az\u0259rbaycan m\u0259d\u0259niyy\u0259tinin, milli d\u00f6vl\u0259t\u00e7ilik v\u0259 az\u0259rbaycan\u00e7\u0131l\u0131q m\u0259fkur\u0259sinin formala\u015fmas\u0131, milli ziyal\u0131 elitas\u0131n\u0131n yeti\u015fdirilm\u0259si son onillikl\u0259rd\u0259 h\u0259m d\u0259 m\u0259hz Akademiyan\u0131n f\u0259aliyy\u0259ti n\u0259tic\u0259sind\u0259 m\u00fcmk\u00fcn olub. X\u00fcsus\u0259n \u00f6t\u0259n \u0259srin 70-80-c\u0131 ill\u0259rind\u0259 Az\u0259rbaycanda yaranan n\u00fcfuzlu elmi m\u0259kt\u0259bl\u0259r yaln\u0131z ke\u00e7mi\u015f SSR\u0130 miqyas\u0131nda deyil, d\u00fcnya miqyas\u0131nda elmi prosesl\u0259rin inki\u015faf\u0131na t\u0259kan verib. Haz\u0131rda bir t\u0259r\u0259fd\u0259n d\u00fcnyan\u0131n yeni reall\u0131qlar\u0131 il\u0259 \u015f\u0259rtl\u0259n\u0259n qlobal \u00e7a\u011f\u0131r\u0131\u015flara, dig\u0259r t\u0259r\u0259fd\u0259n Az\u0259rbaycan\u0131n tarixi Z\u0259f\u0259rind\u0259n sonra b\u00f6lg\u0259d\u0259 v\u0259 \u00f6lk\u0259d\u0259&nbsp;&nbsp;yaranm\u0131\u015f yeni reall\u0131qlara uy\u011fun olaraq Az\u0259rbaycan elmi, onun \u0259sas apar\u0131c\u0131 m\u0259rk\u0259zi olan AMEA \u00f6z inki\u015faf\u0131n\u0131 davam etdirm\u0259kd\u0259dir. Akademiyan\u0131n yax\u0131n perspektivd\u0259ki h\u0259d\u0259fi Prezident \u0130lham \u018fliyevin m\u00fc\u0259yy\u0259nl\u0259\u015fdirdiyi v\u0259 \u00f6lk\u0259nin h\u0259rt\u0259r\u0259fli inki\u015faf\u0131na y\u00f6n\u0259lmi\u015f d\u00f6vl\u0259t siyas\u0259tinin h\u0259yata ke\u00e7irilm\u0259sind\u0259 yax\u0131ndan i\u015ftirak etm\u0259kdir\u201d, &#8211; dey\u0259 akademik Arif H\u0259\u015fimov qeyd edib.<\/p>\n<p style=\"font-weight: 400;\">M\u00fczakir\u0259l\u0259rd\u0259n sonra AMEA R\u0259yas\u0259t Hey\u0259ti elmi f\u0259aliyy\u0259tin c\u0259miyy\u0259td\u0259 n\u00fcfuzunun g\u00fccl\u0259ndirilm\u0259si, elmin populyarla\u015fd\u0131r\u0131lmas\u0131, aliml\u0259rin \u0259m\u0259yinin qiym\u0259tl\u0259ndirilm\u0259si, onlar\u0131n yeni elmi nailiyy\u0259t v\u0259 u\u011furlara t\u0259\u015fviq edilm\u0259si bax\u0131m\u0131ndan \u0259h\u0259miyy\u0259tini n\u0259z\u0259r\u0259 alaraq, AMEA-n\u0131n \u201cElm g\u00fcn\u00fc\u201dn\u0259 h\u0259sr olunmu\u015f T\u0259dbirl\u0259r plan\u0131n\u0131 t\u0259sdiq edib. N\u0259z\u0259rd\u0259 tutulan t\u0259dbirl\u0259rin mart-aprel aylar\u0131nda icras\u0131 m\u0259qs\u0259d\u0259uy\u011fun hesab olunub.<\/p>\n<p style=\"font-weight: 400;\">Daha sonra iclasda AMEA-n\u0131n R\u0259yas\u0259t Hey\u0259ti \u018f.Quliyev ad\u0131na A\u015fqarlar Kimyas\u0131 \u0130nstitutu v\u0259 AMEA-n\u0131n \u201cT\u0259cr\u00fcb\u0259-S\u0259naye Zavodu\u201d MMC-nin \u201cX\u00fcsusi t\u0259yinatl\u0131 s\u00fcrtk\u00fc ya\u011flar\u0131n\u0131n yarad\u0131lmas\u0131 v\u0259 istehsal\u0131n\u0131n t\u0259\u015fkili\u201d adl\u0131 elmi i\u015finin x\u00fcsusi \u0259h\u0259miyy\u0259tini n\u0259z\u0259r\u0259 alaraq, 2022-ci il \u00fc\u00e7\u00fcn texnika sah\u0259si \u00fczr\u0259 Az\u0259rbaycan Respublikas\u0131n\u0131n \u201cElm, texnika, memarl\u0131q, m\u0259d\u0259niyy\u0259t v\u0259 \u0259d\u0259biyyat \u00fczr\u0259 D\u00f6vl\u0259t M\u00fckafat\u0131\u201dna t\u0259qdim olunmas\u0131 haqq\u0131nda q\u0259rar q\u0259bul edib.<\/p>\n<p style=\"font-weight: 400;\">Akademik Arif H\u0259\u015fimov, h\u0259m\u00e7inin Rusiya Federasiyas\u0131n\u0131n Dubna \u015f\u0259h\u0259rind\u0259 yerl\u0259\u015f\u0259n Birl\u0259\u015fmi\u015f N\u00fcv\u0259 T\u0259dqiqatlar\u0131 \u0130nstitutuna \u00fczvl\u00fckl\u0259 ba\u011fl\u0131 da m\u0259lumat verib.<\/p>\n<p style=\"font-weight: 400;\">Daha sonra iclasda AMEA-n\u0131n vitse-prezidenti, akademik Rasim \u018fliquliyev \u00e7\u0131x\u0131\u015f ed\u0259r\u0259k \u00f6lk\u0259 ba\u015f\u00e7\u0131s\u0131n\u0131n \u201cG\u00f6rk\u0259mli elm xadimi L\u00fctfi Zad\u0259nin 100 illiyinin qeyd edilm\u0259si haqq\u0131nda\u201d 25 yanvar 2021-il tarixli S\u0259r\u0259ncam\u0131ndan ir\u0259li g\u0259l\u0259n v\u0259zif\u0259l\u0259rin icras\u0131 haqq\u0131nda dan\u0131\u015f\u0131b. Akademikin s\u00f6zl\u0259rin\u0259 g\u00f6r\u0259, S\u0259r\u0259ncamda AMEA v\u0259 AR T\u0259hsil Nazirliyin\u0259 g\u00f6rk\u0259mli elm xadimi L\u00fctfi Zad\u0259nin 100 illik yubileyin\u0259 dair T\u0259dbirl\u0259r plan\u0131n\u0131n birlikd\u0259 haz\u0131rlanaraq h\u0259yata ke\u00e7irilm\u0259si tap\u015f\u0131r\u0131l\u0131b. O qeyd edib ki, 5 fevral 2021-ci il tarixind\u0259 AMEA-n\u0131n R\u0259yas\u0259t Hey\u0259ti v\u0259 AR T\u0259hsil Nazirliyinin Kollegiyas\u0131n\u0131n birg\u0259 q\u0259rar\u0131 il\u0259 professor L\u00fctfi Zad\u0259nin 100 illiyinin qeyd edilm\u0259si haqq\u0131nda T\u0259dbirl\u0259r plan\u0131 t\u0259sdiq olunub.<\/p>\n<p style=\"font-weight: 400;\">T\u0259dbirl\u0259r plan\u0131nda n\u0259z\u0259rd\u0259 tutulan 21 b\u0259nd \u00fczr\u0259 bir s\u0131ra elmi, elmi-t\u0259\u015fkilati, elmi-pedaqoji, innovativ v\u0259 populyarla\u015fd\u0131rma sah\u0259sind\u0259 i\u015fl\u0259rin m\u00fcvafiq olaraq, AMEA v\u0259 AR T\u0259hsil Nazirliyinin m\u0259sul qurumlar\u0131 t\u0259r\u0259find\u0259n icra edildiyini dey\u0259n akademik Rasim \u018fliquliyev b\u00fct\u00f6vl\u00fckd\u0259 g\u00f6rk\u0259mli elm xadimi L\u00fctfi Zad\u0259nin elmi irsinin ara\u015fd\u0131r\u0131lmas\u0131, t\u0259tbiqi v\u0259 t\u0259bli\u011fi istiqam\u0259tind\u0259 m\u00fch\u00fcm add\u0131mlar\u0131n at\u0131ld\u0131\u011f\u0131n\u0131, g\u00f6r\u00fcl\u0259n i\u015fl\u0259r haqq\u0131nda birg\u0259 hesabat\u0131n haz\u0131rland\u0131\u011f\u0131n\u0131 s\u00f6yl\u0259yib.<\/p>\n<p style=\"font-weight: 400;\">O c\u00fcml\u0259d\u0259n AMEA-n\u0131n elmi m\u00fc\u0259ssis\u0259l\u0259rinin \u201cTeknofest Az\u0259rbaycan\u201d Aviasiya, Kosmos v\u0259 Texnologiya festival\u0131nda i\u015ftirak\u0131 haqq\u0131nda m\u0259lumat ver\u0259n AMEA-n\u0131n vitse-prezidenti festival\u0131n 26-29 may 2022-ci il tarixl\u0259rind\u0259 Bak\u0131 \u015f\u0259h\u0259rind\u0259 ke\u00e7iril\u0259c\u0259yini bildirib. Akademik Rasim \u018fliquliyev festival\u0131n T\u00fcrkiy\u0259 v\u0259 Az\u0259rbaycan aras\u0131nda b\u00fct\u00fcn sah\u0259l\u0259rd\u0259 m\u00f6vcud olan y\u00fcks\u0259k \u0259m\u0259kda\u015fl\u0131q m\u00fcnasib\u0259tl\u0259rinin n\u00f6vb\u0259ti t\u0259zah\u00fcr\u00fc oldu\u011funu, qarda\u015f \u00f6lk\u0259nin m\u0259sul qurumlar\u0131n\u0131n b\u00f6y\u00fck d\u0259st\u0259yi il\u0259 t\u0259\u015fkil edil\u0259c\u0259k festival\u0131n \u0259n son trend v\u0259 texnologiyalar il\u0259 tan\u0131\u015f olmaq imkan\u0131 yaratd\u0131\u011f\u0131n\u0131 vur\u011fulay\u0131b. Festivalda AMEA-n\u0131n pavilyonu \u00fc\u00e7\u00fcn m\u00fcvafiq sah\u0259nin ayr\u0131ld\u0131\u011f\u0131n\u0131 dey\u0259n akademik Rasim \u018fliquliyev Akademiyan\u0131n elmi m\u00fc\u0259ssis\u0259l\u0259rinin \u201cTeknofest\u201dd\u0259 yax\u0131ndan i\u015ftirak\u0131n\u0131n z\u0259ruriliyin\u0259 toxunub.<\/p>\n<p style=\"font-weight: 400;\">Akademik Arif H\u0259\u015fimov \u00f6z n\u00f6vb\u0259sind\u0259 \u201cTeknofest Az\u0259rbaycan\u201d festival\u0131nda AMEA-n\u0131n y\u00fcks\u0259k s\u0259viyy\u0259d\u0259 i\u015ftirak\u0131 v\u0259 elmi nailiyy\u0259tl\u0259rin s\u0259rgil\u0259nm\u0259si il\u0259 ba\u011fl\u0131 tap\u015f\u0131r\u0131qlar\u0131n\u0131 verib.<\/p>\n<p style=\"font-weight: 400;\">\u0130clasda, o c\u00fcml\u0259d\u0259n UNESCO-nun Bioetika, Elm v\u0259 Texnologiyalar\u0131n etikas\u0131 \u00fczr\u0259 Az\u0259rbaycan Milli Komit\u0259sinin yeni t\u0259rkibinin t\u0259sdiql\u0259nm\u0259si m\u0259s\u0259l\u0259sin\u0259 bax\u0131l\u0131b. AMEA-n\u0131n vitse-prezidenti, akademik \u0130rad\u0259 H\u00fcseynova m\u00f6vzu il\u0259 ba\u011fl\u0131 \u00e7\u0131x\u0131\u015f ed\u0259r\u0259k bildirib ki,&nbsp;&nbsp;1999-cu ild\u0259n Akademiyan\u0131n R\u0259yas\u0259t Hey\u0259tinin UNESCO \u00fczr\u0259 Az\u0259rbaycan Respublikas\u0131n\u0131n Milli Komissiyas\u0131 il\u0259 birlikd\u0259 t\u0259sis etdiyi UNESCO-nun Bioetika, elm v\u0259 texnologiyalar\u0131n etikas\u0131 \u00fczr\u0259 Az\u0259rbaycan Milli Komit\u0259si f\u0259aliyy\u0259t g\u00f6st\u0259rir. Onun s\u00f6zl\u0259rin\u0259 g\u00f6r\u0259, son ill\u0259rd\u0259 b\u0259zi \u00fczvl\u0259rin v\u0259fat etm\u0259si v\u0259 yaxud m\u00fcxt\u0259lif s\u0259b\u0259bl\u0259rd\u0259n \u00f6z f\u0259aliyy\u0259tl\u0259rini dayand\u0131rmas\u0131 il\u0259 \u0259laq\u0259dar Milli Komit\u0259nin t\u0259rkibind\u0259 d\u0259yi\u015fiklik edilm\u0259si z\u0259rur\u0259ti yaran\u0131b.<\/p>\n<p style=\"font-weight: 400;\">Qeyd olunanlarla ba\u011fl\u0131 AMEA-n\u0131n Biologiya v\u0259 Tibb Elml\u0259ri B\u00f6lm\u0259sinin v\u0259sat\u0259tini n\u0259z\u0259r\u0259 alaraq, R\u0259yas\u0259t Hey\u0259ti t\u0259r\u0259find\u0259n UNESCO-nun Bioetika, elm v\u0259 texnologiyalar\u0131n etikas\u0131 \u00fczr\u0259 Az\u0259rbaycan Milli Komit\u0259sinin yeni t\u0259rkibi t\u0259sdiql\u0259nib.<\/p>\n<p style=\"font-weight: 400;\">Bundan \u0259lav\u0259, akademik \u015eahin Mustafayevin 60, AMEA-n\u0131n m\u00fcxbir \u00fczvl\u0259ri Vaqif Quliyevin 65, Oqtay S\u0259m\u0259dov, Novruz Quliyev v\u0259 S\u0259lah\u0259ddin X\u0259lilovun 70, C\u0259f\u0259r Qiyasinin 80 illik, fizika-riyaziyyat elml\u0259ri doktoru R\u00f6v\u015f\u0259n X\u0259lilovun v\u0259 riyaziyyat \u00fczr\u0259 f\u0259ls\u0259f\u0259 doktoru Tamilla H\u0259s\u0259novan\u0131n is\u0259 70 illik yubileyl\u0259ri haqq\u0131nda q\u0259rarlar q\u0259bul edilib.<\/p>\n<p style=\"font-weight: 400;\">H\u0259m\u00e7inin Fizika \u0130nstitutunun, \u0130dar\u0259etm\u0259 Sisteml\u0259ri \u0130nstitutunun v\u0259 Arxeologiya, Etnoqrafiya v\u0259 Antropologiya \u0130nstitutunun yeni strukturu, el\u0259c\u0259 d\u0259 Fizika \u0130nstitutunun v\u0259 Botanika \u0130nstitutunun Elmi \u015furas\u0131n\u0131n yeni t\u0259rkibi t\u0259sdiql\u0259nib.<\/p>\n<p style=\"font-weight: 400;\">R\u0259yas\u0259t Hey\u0259tinin m\u00fcvafiq q\u0259rarlar\u0131 il\u0259 filologiya \u00fczr\u0259 f\u0259ls\u0259f\u0259 doktoru Valid\u0259 H\u0259s\u0259nova AMEA H\u00fcseyn Cavidin Ev Muzeyinin, yer elml\u0259ri \u00fczr\u0259 f\u0259ls\u0259f\u0259 doktoru \u015e\u0259lal\u0259 H\u00fcseynova is\u0259 Neft v\u0259 Qaz \u0130nstitutunun elmi katibi v\u0259zif\u0259sin\u0259 t\u0259yin edilibl\u0259r.<\/p>\n<p style=\"font-weight: 400;\">Eyni zamanda iclasda Memarl\u0131q v\u0259 \u0130nc\u0259s\u0259n\u0259t \u0130nstitutunun f\u0259ls\u0259f\u0259 doktoru haz\u0131rl\u0131\u011f\u0131 \u00fczr\u0259 doktorant\u0131 G\u00fcl\u0259r H\u0259s\u0259nli, Fizika \u0130nstitutunun f\u0259ls\u0259f\u0259 doktoru haz\u0131rl\u0131\u011f\u0131 \u00fczr\u0259 \u0259yani doktorant\u0131 Nurlan\u0259 Baliyeva doktoranturadan, Milli Az\u0259rbaycan Tarixi Muzeyinin elml\u0259r doktoru haz\u0131rl\u0131\u011f\u0131 \u00fczr\u0259 dissertantlar\u0131 S\u0259nub\u0259r Qas\u0131mova v\u0259 \u00dclk\u0259r Mehdiyeva is\u0259 dissertanturadan \u00f6z \u0259riz\u0259l\u0259ri \u0259sas\u0131nda azad edilibl\u0259r. H\u0259m\u00e7inin akademik \u018f.Quliyev ad\u0131na A\u015fqarlar Kimyas\u0131 \u0130nstitutunun f\u0259ls\u0259f\u0259 doktoru haz\u0131rl\u0131\u011f\u0131 \u00fczr\u0259 \u0259yani doktorant\u0131 G\u00fcnay A\u011fayeva qiyabi doktoranturaya ke\u00e7irilib, \u0130dar\u0259etm\u0259 Sisteml\u0259ri \u0130nstitutunun \u0259yani doktorant\u0131 B\u0259yaz Ba\u011f\u0131rzad\u0259y\u0259 is\u0259 m\u00f6hl\u0259t verilib.<\/p>\n<p style=\"font-weight: 400;\">Sonda akademik Arif H\u0259\u015fimov \u00e7\u0131x\u0131\u015f ed\u0259r\u0259k AMEA R\u0259yas\u0259t Hey\u0259tinin \u00fczvl\u0259rini v\u0259 Akademiyan\u0131n \u0259m\u0259kda\u015flar\u0131n\u0131 qar\u015f\u0131dan g\u0259l\u0259n Novruz bayram\u0131 m\u00fcnasib\u0259til\u0259 t\u0259brik edib, onlara elmi f\u0259aliyy\u0259tl\u0259rind\u0259 u\u011furlar arzulay\u0131b.<\/p>\n<div class='entry-gallery'><div id=\"carousel-1\" class=\"single-carousel carousel slide carousel-39906\" data-ride=\"carousel\"><ol class='carousel-indicators'><li data-target=\"#carousel-1\" data-slide-to=\"0\" class=\"active\"><\/li><li data-target=\"#carousel-1\" data-slide-to=\"1\" class=\"\"><\/li><li data-target=\"#carousel-1\" data-slide-to=\"2\" class=\"\"><\/li><li data-target=\"#carousel-1\" data-slide-to=\"3\" class=\"\"><\/li><\/ol><div class='carousel-inner'><div class=\"carousel-item item active\"><a href='https:\/\/www.imm.az\/exp\/2022\/03\/12\/amea-r%c9%99yas%c9%99t-hey%c9%99tinin-iclasi-kecirilib-7\/6903_1647072530\/'><img loading=\"lazy\" decoding=\"async\" width=\"525\" height=\"350\" src=\"https:\/\/www.imm.az\/exp\/wp-content\/uploads\/2022\/03\/6903_1647072530.jpg\" class=\"attachment-620x350 size-620x350\" alt=\"\" srcset=\"https:\/\/www.imm.az\/exp\/wp-content\/uploads\/2022\/03\/6903_1647072530.jpg 800w, https:\/\/www.imm.az\/exp\/wp-content\/uploads\/2022\/03\/6903_1647072530-300x200.jpg 300w, https:\/\/www.imm.az\/exp\/wp-content\/uploads\/2022\/03\/6903_1647072530-768x512.jpg 768w\" sizes=\"(max-width: 525px) 100vw, 525px\" \/><\/a><\/div><div class=\"carousel-item item\"><a href='https:\/\/www.imm.az\/exp\/2022\/03\/12\/amea-r%c9%99yas%c9%99t-hey%c9%99tinin-iclasi-kecirilib-7\/391_1647091387\/'><img loading=\"lazy\" decoding=\"async\" width=\"525\" height=\"350\" src=\"https:\/\/www.imm.az\/exp\/wp-content\/uploads\/2022\/03\/391_1647091387.jpg\" class=\"attachment-620x350 size-620x350\" alt=\"\" srcset=\"https:\/\/www.imm.az\/exp\/wp-content\/uploads\/2022\/03\/391_1647091387.jpg 800w, https:\/\/www.imm.az\/exp\/wp-content\/uploads\/2022\/03\/391_1647091387-300x200.jpg 300w, https:\/\/www.imm.az\/exp\/wp-content\/uploads\/2022\/03\/391_1647091387-768x512.jpg 768w\" sizes=\"(max-width: 525px) 100vw, 525px\" \/><\/a><\/div><div class=\"carousel-item item\"><a href='https:\/\/www.imm.az\/exp\/2022\/03\/12\/amea-r%c9%99yas%c9%99t-hey%c9%99tinin-iclasi-kecirilib-7\/1088_1647072530\/'><img loading=\"lazy\" decoding=\"async\" width=\"525\" height=\"350\" src=\"https:\/\/www.imm.az\/exp\/wp-content\/uploads\/2022\/03\/1088_1647072530.jpg\" class=\"attachment-620x350 size-620x350\" alt=\"\" srcset=\"https:\/\/www.imm.az\/exp\/wp-content\/uploads\/2022\/03\/1088_1647072530.jpg 800w, https:\/\/www.imm.az\/exp\/wp-content\/uploads\/2022\/03\/1088_1647072530-300x200.jpg 300w, https:\/\/www.imm.az\/exp\/wp-content\/uploads\/2022\/03\/1088_1647072530-768x512.jpg 768w\" sizes=\"(max-width: 525px) 100vw, 525px\" \/><\/a><\/div><div class=\"carousel-item item\"><a href='https:\/\/www.imm.az\/exp\/2022\/03\/12\/amea-r%c9%99yas%c9%99t-hey%c9%99tinin-iclasi-kecirilib-7\/4121_1647072549\/'><img loading=\"lazy\" decoding=\"async\" width=\"525\" height=\"350\" src=\"https:\/\/www.imm.az\/exp\/wp-content\/uploads\/2022\/03\/4121_1647072549.jpg\" class=\"attachment-620x350 size-620x350\" alt=\"\" srcset=\"https:\/\/www.imm.az\/exp\/wp-content\/uploads\/2022\/03\/4121_1647072549.jpg 800w, https:\/\/www.imm.az\/exp\/wp-content\/uploads\/2022\/03\/4121_1647072549-300x200.jpg 300w, https:\/\/www.imm.az\/exp\/wp-content\/uploads\/2022\/03\/4121_1647072549-768x512.jpg 768w\" sizes=\"(max-width: 525px) 100vw, 525px\" \/><\/a><\/div><\/div>\n<a class=\"carousel-control-prev\" href=\"#carousel-1\" role=\"button\" data-slide=\"prev\">\n    <span class=\"carousel-control-prev-icon\" aria-hidden=\"true\"><\/span>\n    <span class=\"sr-only\">Previous<\/span>\n  <\/a>\n\n      <a class=\"carousel-control-next\" href=\"#carousel-1\" role=\"button\" data-slide=\"next\">\n    <span class=\"carousel-control-next-icon\" aria-hidden=\"true\"><\/span>\n    <span class=\"sr-only\">Next<\/span>\n  <\/a>\n    \n    <\/div><\/div>\n<p>\u00a9 M\u0259nb\u0259:&nbsp;<a href=\"http:\/\/www.science.az\/\" target=\"_blank\" rel=\"noopener noreferrer\" data-href=\"http:\/\/www.science.az\/\">www.science.az<\/a><\/p>\n","protected":false},"excerpt":{"rendered":"<p>Mart\u0131n 11-d\u0259 Az\u0259rbaycan Milli Elml\u0259r Akademiyas\u0131n\u0131n R\u0259yas\u0259t Hey\u0259tinin n\u00f6vb\u0259ti iclas\u0131 ke\u00e7irilib. \u0130clasda AMEA-n\u0131n prezidenti v.i.e, akademik Arif H\u0259\u015fimov, R\u0259yas\u0259t Hey\u0259tinin dig\u0259r \u00fczvl\u0259ri akademikl\u0259r &#8211; \u0130sa H\u0259bibb\u0259yli, \u0130brahim Quliyev, Dilq\u0259m Ta\u011f\u0131yev, \u0130rad\u0259 H\u00fcseynova, Rasim \u018fliquliyev, G\u00f6vh\u0259r Bax\u015f\u0259liyeva, C\u0259mil \u018fliyev, Fikr\u0259t \u018fliyev, Adil Q\u0259ribov v\u0259 aidiyy\u0259ti \u015f\u0259xsl\u0259r i\u015ftirak edibl\u0259r. T\u0259dbiri akademik Arif H\u0259\u015fimov giri\u015f s\u00f6z\u00fc il\u0259 a\u00e7araq [&hellip;]<\/p>\n","protected":false},"author":6,"featured_media":0,"comment_status":"open","ping_status":"open","sticky":false,"template":"","format":"standard","meta":{"footnotes":""},"categories":[77],"tags":[],"_links":{"self":[{"href":"https:\/\/www.imm.az\/exp\/wp-json\/wp\/v2\/posts\/39906"}],"collection":[{"href":"https:\/\/www.imm.az\/exp\/wp-json\/wp\/v2\/posts"}],"about":[{"href":"https:\/\/www.imm.az\/exp\/wp-json\/wp\/v2\/types\/post"}],"author":[{"embeddable":true,"href":"https:\/\/www.imm.az\/exp\/wp-json\/wp\/v2\/users\/6"}],"replies":[{"embeddable":true,"href":"https:\/\/www.imm.az\/exp\/wp-json\/wp\/v2\/comments?post=39906"}],"version-history":[{"count":3,"href":"https:\/\/www.imm.az\/exp\/wp-json\/wp\/v2\/posts\/39906\/revisions"}],"predecessor-version":[{"id":40011,"href":"https:\/\/www.imm.az\/exp\/wp-json\/wp\/v2\/posts\/39906\/revisions\/40011"}],"wp:attachment":[{"href":"https:\/\/www.imm.az\/exp\/wp-json\/wp\/v2\/media?parent=39906"}],"wp:term":[{"taxonomy":"category","embeddable":true,"href":"https:\/\/www.imm.az\/exp\/wp-json\/wp\/v2\/categories?post=39906"},{"taxonomy":"post_tag","embeddable":true,"href":"https:\/\/www.imm.az\/exp\/wp-json\/wp\/v2\/tags?post=39906"}],"curies":[{"name":"wp","href":"https:\/\/api.w.org\/{rel}","templated":true}]}}