{"id":6165,"date":"2015-10-29T17:25:00","date_gmt":"2015-10-29T13:25:00","guid":{"rendered":"http:\/\/www.imm.az\/exp\/?p=6165"},"modified":"2015-10-29T21:25:37","modified_gmt":"2015-10-29T17:25:37","slug":"riyaziyyat-v%c9%99-mexanika-institutunun-uc-g%c9%99nc-alimi-az%c9%99rbaycan-respublikasinin-prezidenti-yaninda-elmin-inkisafi-fondunun-h%c9%99yata-kecirdiyi-3-cu-qrant-musabiq%c9%99sinin-qalibi-olmusl","status":"publish","type":"post","link":"https:\/\/www.imm.az\/exp\/2015\/10\/29\/riyaziyyat-v%c9%99-mexanika-institutunun-uc-g%c9%99nc-alimi-az%c9%99rbaycan-respublikasinin-prezidenti-yaninda-elmin-inkisafi-fondunun-h%c9%99yata-kecirdiyi-3-cu-qrant-musabiq%c9%99sinin-qalibi-olmusl\/","title":{"rendered":"Riyaziyyat v\u0259 Mexanika \u0130nstitutunun \u00fc\u00e7 g\u0259nc alimi Az\u0259rbaycan Respublikas\u0131n\u0131n Prezidenti yan\u0131nda Elmin \u0130nki\u015faf\u0131 Fondunun h\u0259yata ke\u00e7irdiyi 3-c\u00fc qrant m\u00fcsabiq\u0259sinin qalibi olmu\u015flar"},"content":{"rendered":"<p style=\"text-align: justify;\">12 oktyabrda Az\u0259rbaycan Respublikasinin Prezidenti Yaninda Elmin \u0130nki\u015fafi Fondunun d\u0259st\u0259yi hesab\u0131na h\u0259yata ke\u00e7irilmi\u015f G\u0259nc alim v\u0259 m\u00fct\u0259x\u0259ssisl\u0259rin 3-c\u00fc qrant m\u00fcsabiq\u0259sinin n\u0259tic\u0259l\u0259ri elan olunub.<br \/>\nAMEA Riyaziyyat v\u0259 Mexanika \u0130nstitutunun 3 g\u0259nc alimi Qeyri-harmonik analiz \u015f\u00f6b\u0259sinin b\u00f6y\u00fck elmi i\u015f\u00e7il\u0259ri H\u00fcseynli \u018fli Abbas o\u011flu, \u015e\u00fck\u00fcrov Ayd\u0131n \u015e\u00fck\u00fcr o\u011flu v\u0259 h\u0259min \u015f\u00f6b\u0259nin ki\u00e7ik elmi i\u015f\u00e7isi N\u0259sibova Nat\u0259van Polad q\u0131z\u0131 Az\u0259rbaycan Respublikas\u0131n\u0131n Prezidenti yan\u0131nda Elmin \u0130nki\u015faf\u0131 Fondunun G\u0259nc alim v\u0259 m\u00fct\u0259x\u0259ssisl\u0259rin 3-c\u00fc qrant m\u00fcsabiq\u0259sinin qalibl\u0259ri olmu\u015flar.<br \/>\nG\u0259nc alimlerimizi t\u0259brik edir, onlara daha b\u00f6y\u00fck nailiyy\u0259tl\u0259r arzulay\u0131r\u0131q.<\/p>\n<div class='entry-gallery'><div id=\"carousel-1\" class=\"single-carousel carousel slide carousel-6165\" data-ride=\"carousel\"><ol class='carousel-indicators'><li data-target=\"#carousel-1\" data-slide-to=\"0\" class=\"active\"><\/li><li data-target=\"#carousel-1\" data-slide-to=\"1\" class=\"\"><\/li><li data-target=\"#carousel-1\" data-slide-to=\"2\" class=\"\"><\/li><\/ol><div class='carousel-inner'><div class=\"carousel-item item active\"><a href='https:\/\/www.imm.az\/exp\/2015\/10\/29\/riyaziyyat-v%c9%99-mexanika-institutunun-uc-g%c9%99nc-alimi-az%c9%99rbaycan-respublikasinin-prezidenti-yaninda-elmin-inkisafi-fondunun-h%c9%99yata-kecirdiyi-3-cu-qrant-musabiq%c9%99sinin-qalibi-olmusl\/genc-alim01\/'><img loading=\"lazy\" decoding=\"async\" width=\"525\" height=\"350\" src=\"https:\/\/www.imm.az\/exp\/wp-content\/uploads\/2015\/10\/Genc-alim01.jpg\" class=\"attachment-620x350 size-620x350\" alt=\"\" srcset=\"https:\/\/www.imm.az\/exp\/wp-content\/uploads\/2015\/10\/Genc-alim01.jpg 700w, https:\/\/www.imm.az\/exp\/wp-content\/uploads\/2015\/10\/Genc-alim01-300x200.jpg 300w\" sizes=\"(max-width: 525px) 100vw, 525px\" \/><\/a><\/div><div class=\"carousel-item item\"><a href='https:\/\/www.imm.az\/exp\/2015\/10\/29\/riyaziyyat-v%c9%99-mexanika-institutunun-uc-g%c9%99nc-alimi-az%c9%99rbaycan-respublikasinin-prezidenti-yaninda-elmin-inkisafi-fondunun-h%c9%99yata-kecirdiyi-3-cu-qrant-musabiq%c9%99sinin-qalibi-olmusl\/genc-alim02\/'><img loading=\"lazy\" decoding=\"async\" width=\"525\" height=\"350\" src=\"https:\/\/www.imm.az\/exp\/wp-content\/uploads\/2015\/10\/Genc-alim02.jpg\" class=\"attachment-620x350 size-620x350\" alt=\"\" srcset=\"https:\/\/www.imm.az\/exp\/wp-content\/uploads\/2015\/10\/Genc-alim02.jpg 700w, https:\/\/www.imm.az\/exp\/wp-content\/uploads\/2015\/10\/Genc-alim02-300x200.jpg 300w\" sizes=\"(max-width: 525px) 100vw, 525px\" \/><\/a><\/div><div class=\"carousel-item item\"><a href='https:\/\/www.imm.az\/exp\/2015\/10\/29\/riyaziyyat-v%c9%99-mexanika-institutunun-uc-g%c9%99nc-alimi-az%c9%99rbaycan-respublikasinin-prezidenti-yaninda-elmin-inkisafi-fondunun-h%c9%99yata-kecirdiyi-3-cu-qrant-musabiq%c9%99sinin-qalibi-olmusl\/genc-alim03\/'><img loading=\"lazy\" decoding=\"async\" width=\"525\" height=\"350\" src=\"https:\/\/www.imm.az\/exp\/wp-content\/uploads\/2015\/10\/Genc-alim03.jpg\" class=\"attachment-620x350 size-620x350\" alt=\"\" srcset=\"https:\/\/www.imm.az\/exp\/wp-content\/uploads\/2015\/10\/Genc-alim03.jpg 700w, https:\/\/www.imm.az\/exp\/wp-content\/uploads\/2015\/10\/Genc-alim03-300x200.jpg 300w\" sizes=\"(max-width: 525px) 100vw, 525px\" \/><\/a><\/div><\/div>\n<a class=\"carousel-control-prev\" href=\"#carousel-1\" role=\"button\" data-slide=\"prev\">\n    <span class=\"carousel-control-prev-icon\" aria-hidden=\"true\"><\/span>\n    <span class=\"sr-only\">Previous<\/span>\n  <\/a>\n\n      <a class=\"carousel-control-next\" href=\"#carousel-1\" role=\"button\" data-slide=\"next\">\n    <span class=\"carousel-control-next-icon\" aria-hidden=\"true\"><\/span>\n    <span class=\"sr-only\">Next<\/span>\n  <\/a>\n    \n    <\/div><\/div>\n","protected":false},"excerpt":{"rendered":"<p>12 oktyabrda Az\u0259rbaycan Respublikasinin Prezidenti Yaninda Elmin \u0130nki\u015fafi Fondunun d\u0259st\u0259yi hesab\u0131na h\u0259yata ke\u00e7irilmi\u015f G\u0259nc alim v\u0259 m\u00fct\u0259x\u0259ssisl\u0259rin 3-c\u00fc qrant m\u00fcsabiq\u0259sinin n\u0259tic\u0259l\u0259ri elan olunub. AMEA Riyaziyyat v\u0259 Mexanika \u0130nstitutunun 3 g\u0259nc alimi Qeyri-harmonik analiz \u015f\u00f6b\u0259sinin b\u00f6y\u00fck elmi i\u015f\u00e7il\u0259ri H\u00fcseynli \u018fli Abbas o\u011flu, \u015e\u00fck\u00fcrov Ayd\u0131n \u015e\u00fck\u00fcr o\u011flu v\u0259 h\u0259min \u015f\u00f6b\u0259nin ki\u00e7ik elmi i\u015f\u00e7isi N\u0259sibova Nat\u0259van Polad q\u0131z\u0131 [&hellip;]<\/p>\n","protected":false},"author":6,"featured_media":0,"comment_status":"open","ping_status":"open","sticky":false,"template":"","format":"standard","meta":{"footnotes":""},"categories":[77],"tags":[],"_links":{"self":[{"href":"https:\/\/www.imm.az\/exp\/wp-json\/wp\/v2\/posts\/6165"}],"collection":[{"href":"https:\/\/www.imm.az\/exp\/wp-json\/wp\/v2\/posts"}],"about":[{"href":"https:\/\/www.imm.az\/exp\/wp-json\/wp\/v2\/types\/post"}],"author":[{"embeddable":true,"href":"https:\/\/www.imm.az\/exp\/wp-json\/wp\/v2\/users\/6"}],"replies":[{"embeddable":true,"href":"https:\/\/www.imm.az\/exp\/wp-json\/wp\/v2\/comments?post=6165"}],"version-history":[{"count":4,"href":"https:\/\/www.imm.az\/exp\/wp-json\/wp\/v2\/posts\/6165\/revisions"}],"predecessor-version":[{"id":6175,"href":"https:\/\/www.imm.az\/exp\/wp-json\/wp\/v2\/posts\/6165\/revisions\/6175"}],"wp:attachment":[{"href":"https:\/\/www.imm.az\/exp\/wp-json\/wp\/v2\/media?parent=6165"}],"wp:term":[{"taxonomy":"category","embeddable":true,"href":"https:\/\/www.imm.az\/exp\/wp-json\/wp\/v2\/categories?post=6165"},{"taxonomy":"post_tag","embeddable":true,"href":"https:\/\/www.imm.az\/exp\/wp-json\/wp\/v2\/tags?post=6165"}],"curies":[{"name":"wp","href":"https:\/\/api.w.org\/{rel}","templated":true}]}}