{"id":6260,"date":"2015-11-06T18:53:40","date_gmt":"2015-11-06T14:53:40","guid":{"rendered":"http:\/\/www.imm.az\/exp\/?p=6260"},"modified":"2015-11-06T18:53:41","modified_gmt":"2015-11-06T14:53:41","slug":"az%c9%99rbaycan-milli-elml%c9%99r-akademiyasi-%c9%99m%c9%99kdaslarinin-t%c9%99ltif-edilm%c9%99si-haqqinda-az%c9%99rbaycan-respublikasi-prezidentinin-s%c9%99r%c9%99ncami","status":"publish","type":"post","link":"https:\/\/www.imm.az\/exp\/2015\/11\/06\/az%c9%99rbaycan-milli-elml%c9%99r-akademiyasi-%c9%99m%c9%99kdaslarinin-t%c9%99ltif-edilm%c9%99si-haqqinda-az%c9%99rbaycan-respublikasi-prezidentinin-s%c9%99r%c9%99ncami\/","title":{"rendered":"Az\u0259rbaycan Milli Elml\u0259r Akademiyas\u0131 \u0259m\u0259kda\u015flar\u0131n\u0131n t\u0259ltif edilm\u0259si haqq\u0131nda Az\u0259rbaycan Respublikas\u0131 Prezidentinin S\u0259r\u0259ncam\u0131"},"content":{"rendered":"<p><a href=\"https:\/\/www.imm.az\/exp\/2015\/11\/06\/az%c9%99rbaycan-milli-elml%c9%99r-akademiyasi-%c9%99m%c9%99kdaslarinin-t%c9%99ltif-edilm%c9%99si-haqqinda-az%c9%99rbaycan-respublikasi-prezidentinin-s%c9%99r%c9%99ncami\/ilham_%c9%99liyev\/\" rel=\"attachment wp-att-6261\"><img loading=\"lazy\" decoding=\"async\" class=\"alignleft wp-image-6261 size-thumbnail\" src=\"https:\/\/www.imm.az\/exp\/wp-content\/uploads\/2015\/11\/\u0130lham_\u018fliyev-150x150.jpg\" alt=\"\u0130lham_\u018fliyev\" width=\"150\" height=\"150\" \/><\/a>Az\u0259rbaycan Respublikas\u0131 Konstitusiyas\u0131n\u0131n 109-cu madd\u0259sinin 23-c\u00fc b\u0259ndini r\u0259hb\u0259r tutaraq q\u0259rara al\u0131ram:<\/p>\n<p>Az\u0259rbaycan Milli Elml\u0259r Akademiyas\u0131n\u0131n 70 illik yubileyi m\u00fcnasib\u0259til\u0259, Az\u0259rbaycan elminin inki\u015faf\u0131nda xidm\u0259tl\u0259rin\u0259 g\u00f6r\u0259 a\u015fa\u011f\u0131dak\u0131 \u015f\u0259xsl\u0259r t\u0259ltif edilsinl\u0259r:<\/p>\n<p>&nbsp;<\/p>\n<p>\u201c\u015e\u0259r\u0259f\u201d ordeni il\u0259<\/p>\n<p>\u0130brahimov \u0130smay\u0131l \u018fli o\u011flu<\/p>\n<p>\u201c\u015e\u00f6hr\u0259t\u201d ordeni il\u0259<\/p>\n<p>Abdinov Cavad \u015eahv\u0259l\u0259d o\u011flu<\/p>\n<p>\u018fli-Zad\u0259 Valid\u0259 M\u00f6vs\u00fcm q\u0131z\u0131<\/p>\n<p>\u018fzizov Akif H\u0259mid o\u011flu<\/p>\n<p>K\u0259lb\u0259liyev Q\u00fcdr\u0259t \u0130sf\u0259ndiyar o\u011flu<\/p>\n<p>Q\u0259dirov F\u0259xr\u0259ddin \u018fb\u00fclf\u0259t o\u011flu<\/p>\n<p>Quluzad\u0259 Z\u00fcmr\u00fcd \u018fliqulu q\u0131z\u0131<\/p>\n<p>M\u0259mm\u0259dov Tofiq Sad\u0131q o\u011flu<\/p>\n<p>M\u00f6vs\u00fcmzad\u0259 Mirz\u0259 M\u0259mm\u0259d o\u011flu<\/p>\n<p>N\u00fcsr\u0259tov Oqtay Q\u00fcdr\u0259t o\u011flu<\/p>\n<p>\u201cT\u0259r\u0259qqi\u201d medal\u0131 il\u0259<\/p>\n<p>Ab\u0131yev Hafiz Xeyrulla o\u011flu<\/p>\n<p>Babayev Ramiz \u0130mran o\u011flu<\/p>\n<p>Babazad\u0259 Aliy\u0259 Dada\u015f q\u0131z\u0131<\/p>\n<p>B\u0259\u015firli Xatir\u0259 B\u0259dr\u0259ddin q\u0131z\u0131<\/p>\n<p>B\u0259yl\u0259rov Cabbar \u0130sa o\u011flu<\/p>\n<p>Eybatov Tariyel Mahmud o\u011flu<\/p>\n<p>\u018fliyev Ramiz Ta\u011f\u0131 o\u011flu<\/p>\n<p>\u018fminov Naib Xal\u0131q o\u011flu<\/p>\n<p>\u018fmirova G\u00fclar\u0259 Abil q\u0131z\u0131<\/p>\n<p>\u018fzizova F\u0259rid\u0259 \u018fh\u0259d q\u0131z\u0131<\/p>\n<p>Hac\u0131l\u0131 Raiq \u018fli o\u011flu<\/p>\n<p>Hac\u0131yeva G\u00fclar\u0259 Davud q\u0131z\u0131<\/p>\n<p>Hac\u0131yeva Zemfira \u018fli q\u0131z\u0131<\/p>\n<p>Haqverdiyev Abil Ta\u011f\u0131 o\u011flu<\/p>\n<p>H\u0259s\u0259nov M\u0259h\u0259rr\u0259m S\u0259m\u0259d o\u011flu<\/p>\n<p>H\u0259s\u0259nov Sudef Davud o\u011flu<\/p>\n<p>\u0130sg\u0259nd\u0259rov As\u0259f Tal\u0131b o\u011flu<\/p>\n<p>\u0130smay\u0131lov N\u0259riman M\u0259mm\u0259d o\u011flu<\/p>\n<p>K\u0259rimov Pa\u015fa \u018fli o\u011flu<\/p>\n<p>Qas\u0131mov \u0130sm\u0259t A\u011fam\u0259li o\u011flu<\/p>\n<p>Quliyev Varis Muxt\u0259r o\u011flu<\/p>\n<p>L\u0259tifova Yegan\u0259 Nazim q\u0131z\u0131<\/p>\n<p>Mahmudov Arzu Hiday\u0259t o\u011flu<\/p>\n<p>Mehdiyev Arif-Ala \u018fli-Ovs\u0259d o\u011flu<\/p>\n<p>M\u0259mm\u0259dov Sabir \u018fhm\u0259d o\u011flu<\/p>\n<p>Mirzoyeva Nail\u0259 B\u0259hm\u0259n q\u0131z\u0131<\/p>\n<p>Mun\u015fiyeva Mina K\u0259rimovna<\/p>\n<p>Musayev Oruc \u0130brahim o\u011flu<\/p>\n<p>Pa\u015fayev F\u0259rhad F\u0259rhad o\u011flu<\/p>\n<p>Sad\u0131qov Nazim M\u0259h\u0259rr\u0259m o\u011flu<\/p>\n<p>Sad\u0131qova Sayal\u0131 Allahverdi q\u0131z\u0131<\/p>\n<p>S\u0259f\u0259rova Mehpar\u0259 R\u0259sul q\u0131z\u0131<\/p>\n<p>S\u0259idova M\u0259din\u0259 Tac\u0259ddin q\u0131z\u0131<\/p>\n<p>\u015eahmuradov \u0130lham \u018fyyub o\u011flu<\/p>\n<p>\u015e\u0259rifov Kamandar Kaz\u0131m o\u011flu<\/p>\n<p>Ta\u011f\u0131yev Rasim Mustafa o\u011flu<\/p>\n<p>Tan\u0131rverdiyev Xalid Kaz\u0131m o\u011flu<\/p>\n<p>V\u0259liyeva Kamil\u0259 Abdulla q\u0131z\u0131.<\/p>\n<p>\u0130lham \u018fliyev, Az\u0259rbaycan Respublikas\u0131n\u0131n Prezidenti<\/p>\n<p>Bak\u0131 \u015f\u0259h\u0259ri, 3 noyabr 2015-ci il.<\/p>\n","protected":false},"excerpt":{"rendered":"<p>Az\u0259rbaycan Respublikas\u0131 Konstitusiyas\u0131n\u0131n 109-cu madd\u0259sinin 23-c\u00fc b\u0259ndini r\u0259hb\u0259r tutaraq q\u0259rara al\u0131ram: Az\u0259rbaycan Milli Elml\u0259r Akademiyas\u0131n\u0131n 70 illik yubileyi m\u00fcnasib\u0259til\u0259, Az\u0259rbaycan elminin inki\u015faf\u0131nda xidm\u0259tl\u0259rin\u0259 g\u00f6r\u0259 a\u015fa\u011f\u0131dak\u0131 \u015f\u0259xsl\u0259r t\u0259ltif edilsinl\u0259r: &nbsp; \u201c\u015e\u0259r\u0259f\u201d ordeni il\u0259 \u0130brahimov \u0130smay\u0131l \u018fli o\u011flu \u201c\u015e\u00f6hr\u0259t\u201d ordeni il\u0259 Abdinov Cavad \u015eahv\u0259l\u0259d o\u011flu \u018fli-Zad\u0259 Valid\u0259 M\u00f6vs\u00fcm q\u0131z\u0131 \u018fzizov Akif H\u0259mid o\u011flu K\u0259lb\u0259liyev Q\u00fcdr\u0259t \u0130sf\u0259ndiyar o\u011flu [&hellip;]<\/p>\n","protected":false},"author":6,"featured_media":0,"comment_status":"open","ping_status":"open","sticky":false,"template":"","format":"standard","meta":{"footnotes":""},"categories":[77],"tags":[],"_links":{"self":[{"href":"https:\/\/www.imm.az\/exp\/wp-json\/wp\/v2\/posts\/6260"}],"collection":[{"href":"https:\/\/www.imm.az\/exp\/wp-json\/wp\/v2\/posts"}],"about":[{"href":"https:\/\/www.imm.az\/exp\/wp-json\/wp\/v2\/types\/post"}],"author":[{"embeddable":true,"href":"https:\/\/www.imm.az\/exp\/wp-json\/wp\/v2\/users\/6"}],"replies":[{"embeddable":true,"href":"https:\/\/www.imm.az\/exp\/wp-json\/wp\/v2\/comments?post=6260"}],"version-history":[{"count":2,"href":"https:\/\/www.imm.az\/exp\/wp-json\/wp\/v2\/posts\/6260\/revisions"}],"predecessor-version":[{"id":6263,"href":"https:\/\/www.imm.az\/exp\/wp-json\/wp\/v2\/posts\/6260\/revisions\/6263"}],"wp:attachment":[{"href":"https:\/\/www.imm.az\/exp\/wp-json\/wp\/v2\/media?parent=6260"}],"wp:term":[{"taxonomy":"category","embeddable":true,"href":"https:\/\/www.imm.az\/exp\/wp-json\/wp\/v2\/categories?post=6260"},{"taxonomy":"post_tag","embeddable":true,"href":"https:\/\/www.imm.az\/exp\/wp-json\/wp\/v2\/tags?post=6260"}],"curies":[{"name":"wp","href":"https:\/\/api.w.org\/{rel}","templated":true}]}}