{"id":6264,"date":"2015-11-06T18:55:38","date_gmt":"2015-11-06T14:55:38","guid":{"rendered":"http:\/\/www.imm.az\/exp\/?p=6264"},"modified":"2015-11-06T18:55:38","modified_gmt":"2015-11-06T14:55:38","slug":"az%c9%99rbaycan-milli-elml%c9%99r-akademiyasinin-%c9%99m%c9%99kdaslarina-f%c9%99xri-adlarin-verilm%c9%99si-haqqinda-az%c9%99rbaycan-respublikasi-prezidentinin-s%c9%99r%c9%99ncami","status":"publish","type":"post","link":"https:\/\/www.imm.az\/exp\/2015\/11\/06\/az%c9%99rbaycan-milli-elml%c9%99r-akademiyasinin-%c9%99m%c9%99kdaslarina-f%c9%99xri-adlarin-verilm%c9%99si-haqqinda-az%c9%99rbaycan-respublikasi-prezidentinin-s%c9%99r%c9%99ncami\/","title":{"rendered":"Az\u0259rbaycan Milli Elml\u0259r Akademiyas\u0131n\u0131n \u0259m\u0259kda\u015flar\u0131na f\u0259xri adlar\u0131n verilm\u0259si haqq\u0131nda Az\u0259rbaycan Respublikas\u0131 Prezidentinin S\u0259r\u0259ncam\u0131"},"content":{"rendered":"<p><a href=\"https:\/\/www.imm.az\/exp\/2015\/11\/06\/az%c9%99rbaycan-milli-elml%c9%99r-akademiyasi-%c9%99m%c9%99kdaslarinin-t%c9%99ltif-edilm%c9%99si-haqqinda-az%c9%99rbaycan-respublikasi-prezidentinin-s%c9%99r%c9%99ncami\/ilham_%c9%99liyev\/\" rel=\"attachment wp-att-6261\"><img loading=\"lazy\" decoding=\"async\" class=\"alignleft size-thumbnail wp-image-6261\" src=\"https:\/\/www.imm.az\/exp\/wp-content\/uploads\/2015\/11\/\u0130lham_\u018fliyev-150x150.jpg\" alt=\"\u0130lham_\u018fliyev\" width=\"150\" height=\"150\" \/><\/a>Az\u0259rbaycan Respublikas\u0131 Konstitusiyas\u0131n\u0131n 109-cu madd\u0259sinin 32-ci b\u0259ndini r\u0259hb\u0259r tutaraq q\u0259rara al\u0131ram:<\/p>\n<p>Az\u0259rbaycan Milli Elml\u0259r Akademiyas\u0131n\u0131n 70 illik yubileyi m\u00fcnasib\u0259til\u0259, Az\u0259rbaycan elminin inki\u015faf\u0131nda xidm\u0259tl\u0259rin\u0259 g\u00f6r\u0259 a\u015fa\u011f\u0131dak\u0131 \u015f\u0259xsl\u0259r\u0259 Az\u0259rbaycan Respublikas\u0131n\u0131n f\u0259xri adlar\u0131 verilsin:<\/p>\n<p>&nbsp;<\/p>\n<p>\u201c\u018fm\u0259kdar elm xadimi\u201d<\/p>\n<p>Balaki\u015fib\u0259yli \u015eahin Abdulh\u0259lim o\u011flu<\/p>\n<p>\u018fkp\u0259rov Zeynal \u0130ba o\u011flu<\/p>\n<p>\u018fliyev Kamran \u0130mran o\u011flu<\/p>\n<p>Ha\u015f\u0131mzad\u0259 Firudin M\u0259mm\u0259d \u018fli o\u011flu<\/p>\n<p>Kaz\u0131mov Q\u0259z\u0259nf\u0259r \u015eirin o\u011flu<\/p>\n<p>Qas\u0131ml\u0131 M\u0259h\u0259rr\u0259m Pa\u015fa o\u011flu<\/p>\n<p>Qa\u015fqay R\u0259na B\u0259yim Mir Ta\u011f\u0131 q\u0131z\u0131<\/p>\n<p>Muradov \u015eahbaz Musa o\u011flu<\/p>\n<p>Mustafazad\u0259 Tofiq Teyyub o\u011flu<\/p>\n<p>S\u0259f\u0259rli Hac\u0131f\u0259xr\u0259ddin Y\u0259hya o\u011flu<\/p>\n<p>V\u0259lixanova Nail\u0259 M\u0259mm\u0259d\u0259li q\u0131z\u0131<\/p>\n<p>Yetirmi\u015fli Qurban C\u0259lal o\u011flu<\/p>\n<p>Zamanov Pa\u015fa Bayram o\u011flu<\/p>\n<p>\u201c\u018fm\u0259kdar m\u0259d\u0259niyy\u0259t i\u015f\u00e7isi\u201d<\/p>\n<p>Abbasova Mahir\u0259 \u018fkb\u0259r q\u0131z\u0131<\/p>\n<p>Babaxanl\u0131 G\u00fclb\u0259niz \u0130brahim q\u0131z\u0131<\/p>\n<p>Bax\u015f\u0259liyeva Sona \u018fli q\u0131z\u0131<\/p>\n<p>C\u0259f\u0259rova \u018fmin\u0259 M\u0259zahir q\u0131z\u0131<\/p>\n<p>\u018fliyev F\u0259xr\u0259ddin V\u0259li o\u011flu<\/p>\n<p>Mehdiyev T\u0259l\u0259t Rzaqulu o\u011flu<\/p>\n<p>M\u0259mm\u0259dv\u0259liyev Seyf\u0259ddin Mansum o\u011flu<\/p>\n<p>\u201c\u018fm\u0259kdar m\u00fch\u0259ndis\u201d<\/p>\n<p>Abbasov Vasif Bilal o\u011flu<\/p>\n<p>Abdullayev B\u0259yl\u0259r \u0130brahim o\u011flu<\/p>\n<p>Abdullayev F\u0259t\u0259li N\u0259riman o\u011flu<\/p>\n<p>A\u011fayev Adil Mustafa o\u011flu<\/p>\n<p>\u018ff\u0259ndiyeva Elza Niman q\u0131z\u0131<\/p>\n<p>\u018fl\u0259kb\u0259rov R\u0259\u015fid Qurban\u0259li o\u011flu<\/p>\n<p>\u018fmirov \u018fjd\u0259r M\u0259mm\u0259d\u0259li o\u011flu<\/p>\n<p>\u0130sk\u0259nd\u0259rov Ramiz \u0130man o\u011flu<\/p>\n<p>K\u0259rimov Kamal Teymur o\u011flu<\/p>\n<p>Quliyev Q\u0259mb\u0259r A\u011faverdi o\u011flu<\/p>\n<p>M\u0259mm\u0259dov R\u00fcf\u0259t F\u0259rzulla o\u011flu<\/p>\n<p>R\u0259hmanov R\u0259hman A\u011faverdi o\u011flu<\/p>\n<p>R\u00fcst\u0259mov Muxtar \u0130brahim o\u011flu<\/p>\n<p>Rzayev P\u0259rviz Fikri o\u011flu.<\/p>\n<p>\u0130lham \u018fliyev, Az\u0259rbaycan Respublikas\u0131n\u0131n Prezidenti<\/p>\n<p>Bak\u0131 \u015f\u0259h\u0259ri, 3 noyabr 2015-ci il.<\/p>\n","protected":false},"excerpt":{"rendered":"<p>Az\u0259rbaycan Respublikas\u0131 Konstitusiyas\u0131n\u0131n 109-cu madd\u0259sinin 32-ci b\u0259ndini r\u0259hb\u0259r tutaraq q\u0259rara al\u0131ram: Az\u0259rbaycan Milli Elml\u0259r Akademiyas\u0131n\u0131n 70 illik yubileyi m\u00fcnasib\u0259til\u0259, Az\u0259rbaycan elminin inki\u015faf\u0131nda xidm\u0259tl\u0259rin\u0259 g\u00f6r\u0259 a\u015fa\u011f\u0131dak\u0131 \u015f\u0259xsl\u0259r\u0259 Az\u0259rbaycan Respublikas\u0131n\u0131n f\u0259xri adlar\u0131 verilsin: &nbsp; \u201c\u018fm\u0259kdar elm xadimi\u201d Balaki\u015fib\u0259yli \u015eahin Abdulh\u0259lim o\u011flu \u018fkp\u0259rov Zeynal \u0130ba o\u011flu \u018fliyev Kamran \u0130mran o\u011flu Ha\u015f\u0131mzad\u0259 Firudin M\u0259mm\u0259d \u018fli o\u011flu Kaz\u0131mov Q\u0259z\u0259nf\u0259r \u015eirin [&hellip;]<\/p>\n","protected":false},"author":6,"featured_media":0,"comment_status":"open","ping_status":"open","sticky":false,"template":"","format":"standard","meta":{"footnotes":""},"categories":[77],"tags":[],"_links":{"self":[{"href":"https:\/\/www.imm.az\/exp\/wp-json\/wp\/v2\/posts\/6264"}],"collection":[{"href":"https:\/\/www.imm.az\/exp\/wp-json\/wp\/v2\/posts"}],"about":[{"href":"https:\/\/www.imm.az\/exp\/wp-json\/wp\/v2\/types\/post"}],"author":[{"embeddable":true,"href":"https:\/\/www.imm.az\/exp\/wp-json\/wp\/v2\/users\/6"}],"replies":[{"embeddable":true,"href":"https:\/\/www.imm.az\/exp\/wp-json\/wp\/v2\/comments?post=6264"}],"version-history":[{"count":1,"href":"https:\/\/www.imm.az\/exp\/wp-json\/wp\/v2\/posts\/6264\/revisions"}],"predecessor-version":[{"id":6265,"href":"https:\/\/www.imm.az\/exp\/wp-json\/wp\/v2\/posts\/6264\/revisions\/6265"}],"wp:attachment":[{"href":"https:\/\/www.imm.az\/exp\/wp-json\/wp\/v2\/media?parent=6264"}],"wp:term":[{"taxonomy":"category","embeddable":true,"href":"https:\/\/www.imm.az\/exp\/wp-json\/wp\/v2\/categories?post=6264"},{"taxonomy":"post_tag","embeddable":true,"href":"https:\/\/www.imm.az\/exp\/wp-json\/wp\/v2\/tags?post=6264"}],"curies":[{"name":"wp","href":"https:\/\/api.w.org\/{rel}","templated":true}]}}