{"id":6266,"date":"2015-11-06T18:57:06","date_gmt":"2015-11-06T14:57:06","guid":{"rendered":"http:\/\/www.imm.az\/exp\/?p=6266"},"modified":"2015-11-06T18:59:08","modified_gmt":"2015-11-06T14:59:08","slug":"amea-%c9%99m%c9%99kdaslarinin-az%c9%99rbaycan-respublikasi-prezidentinin-f%c9%99xri-diplomu-il%c9%99-t%c9%99ltif-edilm%c9%99si-haqqinda-prezidentin-s%c9%99r%c9%99ncami","status":"publish","type":"post","link":"https:\/\/www.imm.az\/exp\/2015\/11\/06\/amea-%c9%99m%c9%99kdaslarinin-az%c9%99rbaycan-respublikasi-prezidentinin-f%c9%99xri-diplomu-il%c9%99-t%c9%99ltif-edilm%c9%99si-haqqinda-prezidentin-s%c9%99r%c9%99ncami\/","title":{"rendered":"AMEA \u0259m\u0259kda\u015flar\u0131n\u0131n \u201cAz\u0259rbaycan Respublikas\u0131 Prezidentinin f\u0259xri diplomu\u201d il\u0259 t\u0259ltif edilm\u0259si haqq\u0131nda Prezidentin S\u0259r\u0259ncam\u0131"},"content":{"rendered":"<p><a href=\"https:\/\/www.imm.az\/exp\/2015\/11\/06\/az%c9%99rbaycan-milli-elml%c9%99r-akademiyasi-%c9%99m%c9%99kdaslarinin-t%c9%99ltif-edilm%c9%99si-haqqinda-az%c9%99rbaycan-respublikasi-prezidentinin-s%c9%99r%c9%99ncami\/ilham_%c9%99liyev\/\"><img loading=\"lazy\" decoding=\"async\" class=\"alignleft wp-image-6261 size-thumbnail\" src=\"https:\/\/www.imm.az\/exp\/wp-content\/uploads\/2015\/11\/\u0130lham_\u018fliyev-150x150.jpg\" alt=\"\u0130lham_\u018fliyev\" width=\"150\" height=\"150\" \/><\/a>Az\u0259rbaycan Respublikas\u0131 Konstitusiyas\u0131n\u0131n 109-cu madd\u0259sinin 32-ci b\u0259ndini r\u0259hb\u0259r tutaraq q\u0259rara al\u0131ram:<\/p>\n<p>Az\u0259rbaycan Milli Elml\u0259r Akademiyas\u0131n\u0131n 70 illik yubileyi m\u00fcnasib\u0259til\u0259, Az\u0259rbaycan elminin inki\u015faf\u0131nda xidm\u0259tl\u0259rin\u0259 g\u00f6r\u0259 a\u015fa\u011f\u0131dak\u0131 \u015f\u0259xsl\u0259r \u201cAz\u0259rbaycan Respublikas\u0131 Prezidentinin f\u0259xri diplomu\u201d il\u0259 t\u0259ltif edilsinl\u0259r:<\/p>\n<p>Azad\u0259liyev C\u0259bray\u0131l \u018fbd\u00fcl\u0259li o\u011flu<\/p>\n<p>Feyzullayev \u018fkp\u0259r \u018fkb\u0259r o\u011flu<\/p>\n<p>\u0130manov Muxtar Kaz\u0131m o\u011flu<\/p>\n<p>M\u0259mm\u0259dova M\u0259sum\u0259 H\u00fcseyn q\u0131z\u0131<\/p>\n<p>Mikay\u0131lov X\u0131d\u0131r Mustafa o\u011flu<\/p>\n<p>Novruzov Novruz \u018fhm\u0259d o\u011flu<\/p>\n<p>Salamzad\u0259 \u018frtegin \u018fbd\u00fcl Vahab o\u011flu.<\/p>\n<p>\u0130lham \u018fliyev, Az\u0259rbaycan Respublikas\u0131n\u0131n Prezidenti<\/p>\n<p>Bak\u0131 \u015f\u0259h\u0259ri, 3 noyabr 2015-ci il.<\/p>\n","protected":false},"excerpt":{"rendered":"<p>Az\u0259rbaycan Respublikas\u0131 Konstitusiyas\u0131n\u0131n 109-cu madd\u0259sinin 32-ci b\u0259ndini r\u0259hb\u0259r tutaraq q\u0259rara al\u0131ram: Az\u0259rbaycan Milli Elml\u0259r Akademiyas\u0131n\u0131n 70 illik yubileyi m\u00fcnasib\u0259til\u0259, Az\u0259rbaycan elminin inki\u015faf\u0131nda xidm\u0259tl\u0259rin\u0259 g\u00f6r\u0259 a\u015fa\u011f\u0131dak\u0131 \u015f\u0259xsl\u0259r \u201cAz\u0259rbaycan Respublikas\u0131 Prezidentinin f\u0259xri diplomu\u201d il\u0259 t\u0259ltif edilsinl\u0259r: Azad\u0259liyev C\u0259bray\u0131l \u018fbd\u00fcl\u0259li o\u011flu Feyzullayev \u018fkp\u0259r \u018fkb\u0259r o\u011flu \u0130manov Muxtar Kaz\u0131m o\u011flu M\u0259mm\u0259dova M\u0259sum\u0259 H\u00fcseyn q\u0131z\u0131 Mikay\u0131lov X\u0131d\u0131r Mustafa o\u011flu Novruzov [&hellip;]<\/p>\n","protected":false},"author":6,"featured_media":0,"comment_status":"open","ping_status":"open","sticky":false,"template":"","format":"standard","meta":{"footnotes":""},"categories":[74],"tags":[],"_links":{"self":[{"href":"https:\/\/www.imm.az\/exp\/wp-json\/wp\/v2\/posts\/6266"}],"collection":[{"href":"https:\/\/www.imm.az\/exp\/wp-json\/wp\/v2\/posts"}],"about":[{"href":"https:\/\/www.imm.az\/exp\/wp-json\/wp\/v2\/types\/post"}],"author":[{"embeddable":true,"href":"https:\/\/www.imm.az\/exp\/wp-json\/wp\/v2\/users\/6"}],"replies":[{"embeddable":true,"href":"https:\/\/www.imm.az\/exp\/wp-json\/wp\/v2\/comments?post=6266"}],"version-history":[{"count":3,"href":"https:\/\/www.imm.az\/exp\/wp-json\/wp\/v2\/posts\/6266\/revisions"}],"predecessor-version":[{"id":6269,"href":"https:\/\/www.imm.az\/exp\/wp-json\/wp\/v2\/posts\/6266\/revisions\/6269"}],"wp:attachment":[{"href":"https:\/\/www.imm.az\/exp\/wp-json\/wp\/v2\/media?parent=6266"}],"wp:term":[{"taxonomy":"category","embeddable":true,"href":"https:\/\/www.imm.az\/exp\/wp-json\/wp\/v2\/categories?post=6266"},{"taxonomy":"post_tag","embeddable":true,"href":"https:\/\/www.imm.az\/exp\/wp-json\/wp\/v2\/tags?post=6266"}],"curies":[{"name":"wp","href":"https:\/\/api.w.org\/{rel}","templated":true}]}}