{"id":6270,"date":"2015-11-06T19:11:45","date_gmt":"2015-11-06T15:11:45","guid":{"rendered":"http:\/\/www.imm.az\/exp\/?p=6270"},"modified":"2015-11-06T19:21:21","modified_gmt":"2015-11-06T15:21:21","slug":"riyaziyyat-v%c9%99-mexanika-institutunun-riyazi-fizika-t%c9%99nlikl%c9%99ri-sob%c9%99sinin-mudiri-amea-nin-muxbir-uzvu-fizika-riyaziyyat-elml%c9%99ri-doktoru-professor-rauf-v%c9%99li-oglu","status":"publish","type":"post","link":"https:\/\/www.imm.az\/exp\/2015\/11\/06\/riyaziyyat-v%c9%99-mexanika-institutunun-riyazi-fizika-t%c9%99nlikl%c9%99ri-sob%c9%99sinin-mudiri-amea-nin-muxbir-uzvu-fizika-riyaziyyat-elml%c9%99ri-doktoru-professor-rauf-v%c9%99li-oglu\/","title":{"rendered":"Riyaziyyat v\u0259 Mexanika \u0130nstitutunun &#8220;Riyazi fizika t\u0259nlikl\u0259ri&#8221; \u015f\u00f6b\u0259sinin m\u00fcdiri,\u00a0AMEA-n\u0131n m\u00fcxbir \u00fczv\u00fc, fizika-riyaziyyat elml\u0259ri doktoru, professor Rauf V\u0259li o\u011flu H\u00fcseynova Prezidentin f\u0259rdi t\u0259qa\u00fcd\u00fc verildi"},"content":{"rendered":"<div style=\"text-align: justify;\"><a href=\"https:\/\/www.imm.az\/exp\/2015\/11\/06\/az%c9%99rbaycan-milli-elml%c9%99r-akademiyasi-%c9%99m%c9%99kdaslarinin-t%c9%99ltif-edilm%c9%99si-haqqinda-az%c9%99rbaycan-respublikasi-prezidentinin-s%c9%99r%c9%99ncami\/ilham_%c9%99liyev\/\" rel=\"attachment wp-att-6261\"><img loading=\"lazy\" decoding=\"async\" class=\"alignleft size-thumbnail wp-image-6261\" src=\"https:\/\/www.imm.az\/exp\/wp-content\/uploads\/2015\/11\/\u0130lham_\u018fliyev-150x150.jpg\" alt=\"\u0130lham_\u018fliyev\" width=\"150\" height=\"150\" \/><\/a>Az\u0259rbaycan Respublikas\u0131n\u0131n Prezidenti\u00a0\u0130lham \u018fliyev Prezidentin f\u0259rdi t\u0259qa\u00fcdl\u0259rinin verilm\u0259si haqq\u0131nda S\u0259r\u0259ncam imzalay\u0131b. S\u0259r\u0259ncamda deyilir:<\/div>\n<div style=\"text-align: justify;\">&#8220;Az\u0259rbaycan Respublikas\u0131 Konstitusiyas\u0131n\u0131n 109-cu madd\u0259sinin 32-ci b\u0259ndini r\u0259hb\u0259r tutaraq v\u0259 \u201cAz\u0259rbaycan Respublikas\u0131 Prezidentinin f\u0259rdi t\u0259qa\u00fcd\u00fcn\u00fcn t\u0259sis edilm\u0259si haqq\u0131nda\u201d Az\u0259rbaycan Respublikas\u0131 Prezidentinin 2002-ci il 11 iyun tarixli 715 n\u00f6mr\u0259li F\u0259rman\u0131na uy\u011fun olaraq q\u0259rara al\u0131ram:<\/div>\n<div style=\"text-align: justify;\">Az\u0259rbaycan elminin inki\u015faf\u0131nda xidm\u0259tl\u0259rin\u0259 g\u00f6r\u0259 a\u015fa\u011f\u0131dak\u0131 \u015f\u0259xsl\u0259r\u0259 Az\u0259rbaycan Respublikas\u0131 Prezidentinin f\u0259rdi t\u0259qa\u00fcd\u00fc verilsin:<\/div>\n<p>H\u00fcseynov Emil Kamilovi\u00e7<\/p>\n<p>H\u00fcseynov Rauf V\u0259li o\u011flu<\/p>\n<p>Qas\u0131mov Rafiq Yunis\u0259li o\u011flu<\/p>\n<p>Mahmudov Hikm\u0259t \u0130smay\u0131l o\u011flu<\/p>\n<p>R\u00fcst\u0259mov Musa \u0130smay\u0131l o\u011flu<\/p>\n<p>Rzayev Bayram Z\u00fclf\u00fcqar o\u011flu<\/p>\n<p>Salahov Mustafa S\u0259tt\u0259r o\u011flu<\/p>\n<p>V\u0259lixanova F\u0259rid\u0259 A\u011fa \u018fli q\u0131z\u0131<\/p>\n<p>&nbsp;<\/p>\n<div style=\"text-align: justify;\"><strong>\u0130nstitutumuzun kollektivi ad\u0131ndan Rauf m\u00fc\u0259llimi t\u0259brik edir, ona m\u00f6hk\u0259m can sa\u011fl\u0131\u011f\u0131, elmi f\u0259aliyy\u0259tind\u0259 u\u011furlar arzu edirik!<\/strong><\/div>\n","protected":false},"excerpt":{"rendered":"<p>Az\u0259rbaycan Respublikas\u0131n\u0131n Prezidenti\u00a0\u0130lham \u018fliyev Prezidentin f\u0259rdi t\u0259qa\u00fcdl\u0259rinin verilm\u0259si haqq\u0131nda S\u0259r\u0259ncam imzalay\u0131b. S\u0259r\u0259ncamda deyilir: &#8220;Az\u0259rbaycan Respublikas\u0131 Konstitusiyas\u0131n\u0131n 109-cu madd\u0259sinin 32-ci b\u0259ndini r\u0259hb\u0259r tutaraq v\u0259 \u201cAz\u0259rbaycan Respublikas\u0131 Prezidentinin f\u0259rdi t\u0259qa\u00fcd\u00fcn\u00fcn t\u0259sis edilm\u0259si haqq\u0131nda\u201d Az\u0259rbaycan Respublikas\u0131 Prezidentinin 2002-ci il 11 iyun tarixli 715 n\u00f6mr\u0259li F\u0259rman\u0131na uy\u011fun olaraq q\u0259rara al\u0131ram: Az\u0259rbaycan elminin inki\u015faf\u0131nda xidm\u0259tl\u0259rin\u0259 g\u00f6r\u0259 a\u015fa\u011f\u0131dak\u0131 \u015f\u0259xsl\u0259r\u0259 Az\u0259rbaycan Respublikas\u0131 [&hellip;]<\/p>\n","protected":false},"author":6,"featured_media":0,"comment_status":"open","ping_status":"open","sticky":false,"template":"","format":"standard","meta":{"footnotes":""},"categories":[77],"tags":[],"_links":{"self":[{"href":"https:\/\/www.imm.az\/exp\/wp-json\/wp\/v2\/posts\/6270"}],"collection":[{"href":"https:\/\/www.imm.az\/exp\/wp-json\/wp\/v2\/posts"}],"about":[{"href":"https:\/\/www.imm.az\/exp\/wp-json\/wp\/v2\/types\/post"}],"author":[{"embeddable":true,"href":"https:\/\/www.imm.az\/exp\/wp-json\/wp\/v2\/users\/6"}],"replies":[{"embeddable":true,"href":"https:\/\/www.imm.az\/exp\/wp-json\/wp\/v2\/comments?post=6270"}],"version-history":[{"count":9,"href":"https:\/\/www.imm.az\/exp\/wp-json\/wp\/v2\/posts\/6270\/revisions"}],"predecessor-version":[{"id":6279,"href":"https:\/\/www.imm.az\/exp\/wp-json\/wp\/v2\/posts\/6270\/revisions\/6279"}],"wp:attachment":[{"href":"https:\/\/www.imm.az\/exp\/wp-json\/wp\/v2\/media?parent=6270"}],"wp:term":[{"taxonomy":"category","embeddable":true,"href":"https:\/\/www.imm.az\/exp\/wp-json\/wp\/v2\/categories?post=6270"},{"taxonomy":"post_tag","embeddable":true,"href":"https:\/\/www.imm.az\/exp\/wp-json\/wp\/v2\/tags?post=6270"}],"curies":[{"name":"wp","href":"https:\/\/api.w.org\/{rel}","templated":true}]}}