{"id":6827,"date":"2015-12-21T10:10:31","date_gmt":"2015-12-21T06:10:31","guid":{"rendered":"http:\/\/www.imm.az\/exp\/?p=6827"},"modified":"2015-12-23T12:17:44","modified_gmt":"2015-12-23T08:17:44","slug":"e-l-a-n-101","status":"publish","type":"post","link":"https:\/\/www.imm.az\/exp\/2015\/12\/21\/e-l-a-n-101\/","title":{"rendered":"E L A N"},"content":{"rendered":"<p style=\"text-align: justify;\">23.12.2015-ci il tarixind\u0259 \u201cDiferensial t\u0259nlikl\u0259r\u201d \u015f\u00f6b\u0259sinin n\u00f6vb\u0259ti seminar\u0131nda \u015f\u00f6b\u0259nin ba\u015f elmi i\u015f\u00e7isi, dos. B\u0259hram \u018fliyev v\u0259 doktorant Narg\u00fcl Qurbanova \u201cKVADRAT\u0130K SPEKTRAL PARAMETRL\u0130 \u0130K\u0130NC\u0130 T\u018fRT\u0130B ELL\u0130PT\u0130K D\u0130FERENS\u0130AL-OPERATOR T\u018fNL\u0130K \u00dc\u00c7\u00dcN B\u0130R S\u018fRH\u018fD M\u018fS\u018fL\u018fS\u0130 HAQQINDA\u201d adl\u0131 m\u0259ruz\u0259 il\u0259 \u00e7\u0131x\u0131\u015f ed\u0259c\u0259kl\u0259r.<br \/>\n\u0130\u015fd\u0259 separabel Hilbert f\u0259zas\u0131nda ikinci t\u0259rtib elliptik diferensial-operator t\u0259nlik \u00fc\u00e7\u00fcn eyni bir spektral parametrin h\u0259m t\u0259nlikd\u0259, h\u0259m d\u0259 s\u0259rh\u0259d \u015f\u0259rtl\u0259rind\u0259 i\u015ftirak etdiyi halda ayr\u0131lmayan s\u0259rh\u0259d \u015f\u0259rtli bir s\u0259rh\u0259d m\u0259s\u0259l\u0259sinin h\u0259ll olunmas\u0131 m\u0259s\u0259l\u0259si \u00f6yr\u0259nilir. Uy\u011fun bircins s\u0259rh\u0259d m\u0259s\u0259l\u0259sinin m\u0259xsusi qiym\u0259tl\u0259ri t\u0259dqiq olunur.<\/p>\n<p style=\"text-align: justify;\"><em>\u00a9 B\u00fct\u00fcn h\u00fcquqlar qorunur. X\u0259b\u0259rl\u0259rd\u0259n istifad\u0259 ed\u0259rk\u0259n www.imm.az sayt\u0131na istinad z\u0259ruridir.<\/em><\/p>\n","protected":false},"excerpt":{"rendered":"<p>23.12.2015-ci il tarixind\u0259 \u201cDiferensial t\u0259nlikl\u0259r\u201d \u015f\u00f6b\u0259sinin n\u00f6vb\u0259ti seminar\u0131nda \u015f\u00f6b\u0259nin ba\u015f elmi i\u015f\u00e7isi, dos. B\u0259hram \u018fliyev v\u0259 doktorant Narg\u00fcl Qurbanova \u201cKVADRAT\u0130K SPEKTRAL PARAMETRL\u0130 \u0130K\u0130NC\u0130 T\u018fRT\u0130B ELL\u0130PT\u0130K D\u0130FERENS\u0130AL-OPERATOR T\u018fNL\u0130K \u00dc\u00c7\u00dcN B\u0130R S\u018fRH\u018fD M\u018fS\u018fL\u018fS\u0130 HAQQINDA\u201d adl\u0131 m\u0259ruz\u0259 il\u0259 \u00e7\u0131x\u0131\u015f ed\u0259c\u0259kl\u0259r. \u0130\u015fd\u0259 separabel Hilbert f\u0259zas\u0131nda ikinci t\u0259rtib elliptik diferensial-operator t\u0259nlik \u00fc\u00e7\u00fcn eyni bir spektral parametrin h\u0259m t\u0259nlikd\u0259, h\u0259m d\u0259 [&hellip;]<\/p>\n","protected":false},"author":6,"featured_media":0,"comment_status":"open","ping_status":"open","sticky":false,"template":"","format":"standard","meta":{"footnotes":""},"categories":[77],"tags":[],"_links":{"self":[{"href":"https:\/\/www.imm.az\/exp\/wp-json\/wp\/v2\/posts\/6827"}],"collection":[{"href":"https:\/\/www.imm.az\/exp\/wp-json\/wp\/v2\/posts"}],"about":[{"href":"https:\/\/www.imm.az\/exp\/wp-json\/wp\/v2\/types\/post"}],"author":[{"embeddable":true,"href":"https:\/\/www.imm.az\/exp\/wp-json\/wp\/v2\/users\/6"}],"replies":[{"embeddable":true,"href":"https:\/\/www.imm.az\/exp\/wp-json\/wp\/v2\/comments?post=6827"}],"version-history":[{"count":4,"href":"https:\/\/www.imm.az\/exp\/wp-json\/wp\/v2\/posts\/6827\/revisions"}],"predecessor-version":[{"id":6866,"href":"https:\/\/www.imm.az\/exp\/wp-json\/wp\/v2\/posts\/6827\/revisions\/6866"}],"wp:attachment":[{"href":"https:\/\/www.imm.az\/exp\/wp-json\/wp\/v2\/media?parent=6827"}],"wp:term":[{"taxonomy":"category","embeddable":true,"href":"https:\/\/www.imm.az\/exp\/wp-json\/wp\/v2\/categories?post=6827"},{"taxonomy":"post_tag","embeddable":true,"href":"https:\/\/www.imm.az\/exp\/wp-json\/wp\/v2\/tags?post=6827"}],"curies":[{"name":"wp","href":"https:\/\/api.w.org\/{rel}","templated":true}]}}